{"id":169272,"date":"2026-08-05T11:48:15","date_gmt":"2026-08-05T11:48:15","guid":{"rendered":"https:\/\/www.europesays.com\/cz\/169272\/"},"modified":"2026-08-05T11:48:15","modified_gmt":"2026-08-05T11:48:15","slug":"cesky-golman-opousti-manchester-united","status":"publish","type":"post","link":"https:\/\/www.europesays.com\/cz\/169272\/","title":{"rendered":"\u010cesk\u00fd g\u00f3lman opou\u0161t\u00ed Manchester United"},"content":{"rendered":"<p class=\"b_bF\">Middlesbrough u\u017e v\u00a0uplynul\u00e9m ro\u010dn\u00edku nebyli v\u016fbec daleko od posunu mezi anglickou elitu. Vlastn\u011b jim do Premier League chyb\u011bl pouh\u00fd kr\u016f\u010dek. Ve fin\u00e1le bar\u00e1\u017eov\u00e9ho pavouka byl ale \u0161\u0165astn\u011bj\u0161\u00ed Hull, jen\u017e v\u00a0nastaven\u00ed rozhodl o\u00a0postupu. <\/p>\n<p class=\"b_bF\">Druh\u00fd pokus vr\u00e1tit se mezi smet\u00e1nku, kde byl Middlesbrough naposledy p\u0159ed deseti lety, u\u017e bude s\u00a0V\u00edtkem mezi ty\u010demi.<\/p>\n<p lang=\"en\" dir=\"ltr\">\ud83d\udea8\ud83d\udd34\u26aa\ufe0f GKs exits at Man United today as Bayindir joins Celta Vigo\u2026 and Radek Vitek joins Middlesbrough on permanent deal.<\/p>\n<p>Green light for medical; \u00a37m fee plus add-ons up to potential \u00a314m package.<a href=\"https:\/\/x.com\/hashtag\/MUFC?src=hash&amp;ref_src=twsrc%5Etfw\" rel=\"nofollow\">#MUFC<\/a> also mantain 35% sell-on clause and buy back for the GK. <a href=\"https:\/\/t.co\/I0ClUwjlO1\" rel=\"nofollow\">pic.twitter.com\/I0ClUwjlO1<\/a><\/p>\n<p>\u2014 Fabrizio Romano (@FabrizioRomano) <a href=\"https:\/\/x.com\/FabrizioRomano\/status\/2084931277472387505?ref_src=twsrc%5Etfw\" rel=\"nofollow\">August 5, 2026<\/a><\/p>\n<p class=\"b_bF\">\u010cesk\u00fd brank\u00e1\u0159 za sebou m\u00e1 fajn sezonu ve druh\u00e9 anglick\u00e9 lize, zatracen\u011b n\u00e1ro\u010dn\u00e9 sout\u011b\u017ei. <\/p>\n<p class=\"b_bF\">S dvan\u00e1cti \u010dist\u00fdmi konty byl mezi mu\u017ei s\u00a0rukavicemi \u010dtvrt\u00fd, a\u010d jeho Bristol skon\u010dil a\u017e dvan\u00e1ct\u00fd. \u201eZ\u00a0toho, co jsem vid\u011bl, m\u00e1 Radek v\u0161echny atributy, aby byl brank\u00e1\u0159em v\u00a0Premier League,\u201c chv\u00e1lil velezku\u0161en\u00fd tren\u00e9r Roy Hodgson, kter\u00fd Bristol do\u010dasn\u011b vedl posledn\u00ed m\u011bs\u00edce uplynul\u00e9ho ro\u010dn\u00edku.<\/p>\n<p class=\"b_bF\">S\u00e1m V\u00edtek v\u00a0dubnov\u00e9m rozhovoru pro Sport.cz uvedl, \u017ee na presti\u017en\u00ed sout\u011b\u017e by si klidn\u011b troufl. Nakonec je z\u00a0toho anga\u017em\u00e1 ve \u0161pi\u010dkov\u00e9m celku druh\u00e9 ligy. <\/p>\n<p><a data-dot=\"atm-link\" target=\"_self\" href=\"https:\/\/www.sport.cz\/clanek\/fotbal-premier-league-dvojka-v-manchesteru-united-chci-chytat-na-premier-league-bych-si-troufl-rika-obletovany-cech-5442311\" class=\"b_V g_ia\" rel=\"nofollow noopener\"><img fetchpriority=\"high\" height=\"2022\" width=\"2697\" src=\"https:\/\/www.europesays.com\/cz\/wp-content\/uploads\/2026\/08\/sport-fotbal-vitek.jpeg\" loading=\"eager\" decoding=\"sync\" class=\"b_B b_z\"\/><\/a><\/p>\n<p class=\"b_bF\">Dvaadvacetilet\u00fd g\u00f3lman byl od roku 2020\u00a0a\u017e dosud kmenov\u00fdm hr\u00e1\u010dem Manchesteru United, kam p\u0159i\u0161el coby dorostenec z\u00a0olomouck\u00e9 Sigmy. P\u0159es ml\u00e1de\u017e Rud\u00fdch \u010f\u00e1bl\u016f se propracoval ke t\u0159em hostov\u00e1n\u00edm (Accrington, BW Linz, Bristol City). Posledn\u00ed letn\u00ed p\u0159\u00edpravu absolvoval s\u00a0A-mu\u017estvem United, intenzivn\u011b se \u0159e\u0161ila jeho budoucnost. Ve h\u0159e byla i\u00a0mo\u017enost, \u017ee bude dvojkou za Belgi\u010danem Sennem Lammensem.<\/p>\n<p class=\"b_bF\">Nakonec je z\u00a0toho transfer s\u00a0p\u0159\u00edslibem boje o\u00a0postup do Premier League. V\u00a0Manchesteru budou V\u00edtk\u016fv v\u00fdvoj d\u00e1le monitorovat, klub si vyjednal pr\u00e1vo na zp\u011btn\u00fd odkup.<\/p>\n<p><a data-dot=\"atm-link\" target=\"_self\" href=\"https:\/\/www.sport.cz\/clanek\/fotbal-ceska-1-liga-hornicek-vydela-pardubicim-balik-prijde-historicky-nejvyssi-castka-priznava-sef-klubu-5511707\" class=\"b_V g_ia\" rel=\"nofollow noopener\"><img height=\"414\" width=\"552\" src=\"https:\/\/www.europesays.com\/cz\/wp-content\/uploads\/2026\/08\/1785930495_148_sport-fotbal-pardubice.jpeg\" loading=\"eager\" decoding=\"sync\" class=\"b_B b_z\"\/><\/a><script async src=\"https:\/\/platform.twitter.com\/widgets.js\" charset=\"utf-8\"><\/script><\/p>\n","protected":false},"excerpt":{"rendered":"Middlesbrough u\u017e v\u00a0uplynul\u00e9m ro\u010dn\u00edku nebyli v\u016fbec daleko od posunu mezi anglickou elitu. Vlastn\u011b jim do Premier League chyb\u011bl&hellip;\n","protected":false},"author":2,"featured_media":169273,"comment_status":"","ping_status":"","sticky":false,"template":"","format":"standard","meta":{"footnotes":"","_share_on_mastodon":"0"},"categories":[10],"tags":[18112,326,17,21,4190,41601,16,18,19,22,20],"class_list":["post-169272","post","type-post","status-publish","format-standard","has-post-thumbnail","category-zpravy","tag-bristol-city-fc","tag-fotbal","tag-headlines","tag-hlavni-udalosti","tag-manchester-united-fc","tag-middlesbrough","tag-news","tag-top-news","tag-top-stories","tag-udalosti-dne","tag-zpravy"],"share_on_mastodon":{"url":"https:\/\/pubeurope.com\/@cz\/117042748470042876","error":""},"_links":{"self":[{"href":"https:\/\/www.europesays.com\/cz\/wp-json\/wp\/v2\/posts\/169272","targetHints":{"allow":["GET"]}}],"collection":[{"href":"https:\/\/www.europesays.com\/cz\/wp-json\/wp\/v2\/posts"}],"about":[{"href":"https:\/\/www.europesays.com\/cz\/wp-json\/wp\/v2\/types\/post"}],"author":[{"embeddable":true,"href":"https:\/\/www.europesays.com\/cz\/wp-json\/wp\/v2\/users\/2"}],"replies":[{"embeddable":true,"href":"https:\/\/www.europesays.com\/cz\/wp-json\/wp\/v2\/comments?post=169272"}],"version-history":[{"count":0,"href":"https:\/\/www.europesays.com\/cz\/wp-json\/wp\/v2\/posts\/169272\/revisions"}],"wp:featuredmedia":[{"embeddable":true,"href":"https:\/\/www.europesays.com\/cz\/wp-json\/wp\/v2\/media\/169273"}],"wp:attachment":[{"href":"https:\/\/www.europesays.com\/cz\/wp-json\/wp\/v2\/media?parent=169272"}],"wp:term":[{"taxonomy":"category","embeddable":true,"href":"https:\/\/www.europesays.com\/cz\/wp-json\/wp\/v2\/categories?post=169272"},{"taxonomy":"post_tag","embeddable":true,"href":"https:\/\/www.europesays.com\/cz\/wp-json\/wp\/v2\/tags?post=169272"}],"curies":[{"name":"wp","href":"https:\/\/api.w.org\/{rel}","templated":true}]}}