{"id":169875,"date":"2026-08-05T20:16:17","date_gmt":"2026-08-05T20:16:17","guid":{"rendered":"https:\/\/www.europesays.com\/cz\/169875\/"},"modified":"2026-08-05T20:16:17","modified_gmt":"2026-08-05T20:16:17","slug":"havarie-v-praze-6-tisice-lidi-bez-vody","status":"publish","type":"post","link":"https:\/\/www.europesays.com\/cz\/169875\/","title":{"rendered":"Hav\u00e1rie v Praze 6: Tis\u00edce lid\u00ed bez vody!"},"content":{"rendered":"<p>\u201eRozm\u00edst\u011bn\u00ed cisteren m\u00e1me na\u00a0<a href=\"https:\/\/mapy.veoliavoda.cz\/udalosti\/?branch=PVK\" target=\"_blank\" rel=\"noopener nofollow\">webu<\/a>. N\u011bkde je voznice a n\u011bkde se zav\u00e1\u017e\u00ed balen\u00e1 voda,\u201c informoval Mr\u00e1zek. Pop\u0159el informace ze soci\u00e1ln\u00edch s\u00edt\u00ed, \u017ee by cisterny pouze na kr\u00e1tkou chv\u00edli zastavovaly a pak jely d\u00e1l. \u201eCisterny stoj\u00ed norm\u00e1ln\u011b v ulic\u00edch. Stoj\u00ed tam voznice, takov\u00fd ten n\u00e1v\u011bs a jezd\u00ed auta s velk\u00fdmi cisternami a vodu pr\u016fb\u011b\u017en\u011b dopl\u0148uj\u00ed. Proto mohou m\u00edt n\u011bkte\u0159\u00ed lid\u00e9 pocit, \u017ee jen proj\u00ed\u017ed\u00ed,\u201c vysv\u011btlil Mr\u00e1zek.<\/p>\n<p>    <a href=\"https:\/\/www.blesk.cz\/clanek\/regiony-praha-praha-zpravy\/845445\/turkova-nehoda-v-centru-prahy-policie-zahajila-trestni-rizeni-povola-znalce.html\" class=\"articlePhoto\" rel=\"nofollow noopener\" target=\"_blank\"><\/p>\n<p>        <img decoding=\"async\" src=\"https:\/\/www.europesays.com\/cz\/wp-content\/uploads\/2026\/08\/1785960977_12_9910132.jpg\" alt=\"Nehoda Filipa Turka.\" title=\"\" height=\"210\" width=\"300\" class=\"lazyload \" loading=\"lazy\" \/><\/p>\n<p>    <\/a><\/p>\n<p>Oprava trv\u00e1 del\u0161\u00ed dobu, proto\u017ee v m\u00edst\u011b hav\u00e1rie se k\u0159\u00ed\u017e\u00ed vodovodn\u00ed a plynov\u00e9 potrub\u00ed. Technici proto mus\u00ed postupovat velmi opatrn\u011b. Hav\u00e1rie se stala v \u00fast\u0159edn\u00edch gar\u00e1\u017e\u00edch ministerstva vnitra.<\/p>\n<p>Mluv\u010d\u00ed radnice\u00a0Prahy\u00a06 Marek Zeman uvedl, \u017ee v zasa\u017een\u00e9 oblasti nen\u00ed \u017e\u00e1dn\u00fd domov senior\u016f ani d\u016fm s pe\u010dovatelskou slu\u017ebou, kter\u00fd by radnice provozovala. Senio\u0159i \u010di handicapovan\u00ed lid\u00e9, pro kter\u00e9 je problematick\u00e9 p\u0159in\u00e9st si vodu z n\u00e1hradn\u00edho z\u00e1sobov\u00e1n\u00ed, mohou podle Zemana vyu\u017e\u00edt\u00a0<a href=\"https:\/\/www.psp6.cz\/kontakty\/\" target=\"_blank\" rel=\"noopener nofollow\">soci\u00e1ln\u00ed slu\u017eby\u00a0Prahy\u00a06<\/a>.<\/p>\n","protected":false},"excerpt":{"rendered":"\u201eRozm\u00edst\u011bn\u00ed cisteren m\u00e1me na\u00a0webu. N\u011bkde je voznice a n\u011bkde se zav\u00e1\u017e\u00ed balen\u00e1 voda,\u201c informoval Mr\u00e1zek. Pop\u0159el informace ze&hellip;\n","protected":false},"author":2,"featured_media":169876,"comment_status":"","ping_status":"","sticky":false,"template":"","format":"standard","meta":{"footnotes":"","_share_on_mastodon":"0"},"categories":[30],"tags":[41672,38390,4102,18044,98,99,1017,13178,18042,1045],"class_list":["post-169875","post","type-post","status-publish","format-standard","has-post-thumbnail","category-praha","tag-jose-marti","tag-marek-zeman","tag-nehoda","tag-pitna-voda","tag-prague","tag-praha","tag-praha-6","tag-prazske-vodovody-a-kanalizace","tag-tomas-mrazek","tag-veleslavin"],"share_on_mastodon":{"url":"https:\/\/pubeurope.com\/@cz\/117044745943211740","error":""},"_links":{"self":[{"href":"https:\/\/www.europesays.com\/cz\/wp-json\/wp\/v2\/posts\/169875","targetHints":{"allow":["GET"]}}],"collection":[{"href":"https:\/\/www.europesays.com\/cz\/wp-json\/wp\/v2\/posts"}],"about":[{"href":"https:\/\/www.europesays.com\/cz\/wp-json\/wp\/v2\/types\/post"}],"author":[{"embeddable":true,"href":"https:\/\/www.europesays.com\/cz\/wp-json\/wp\/v2\/users\/2"}],"replies":[{"embeddable":true,"href":"https:\/\/www.europesays.com\/cz\/wp-json\/wp\/v2\/comments?post=169875"}],"version-history":[{"count":0,"href":"https:\/\/www.europesays.com\/cz\/wp-json\/wp\/v2\/posts\/169875\/revisions"}],"wp:featuredmedia":[{"embeddable":true,"href":"https:\/\/www.europesays.com\/cz\/wp-json\/wp\/v2\/media\/169876"}],"wp:attachment":[{"href":"https:\/\/www.europesays.com\/cz\/wp-json\/wp\/v2\/media?parent=169875"}],"wp:term":[{"taxonomy":"category","embeddable":true,"href":"https:\/\/www.europesays.com\/cz\/wp-json\/wp\/v2\/categories?post=169875"},{"taxonomy":"post_tag","embeddable":true,"href":"https:\/\/www.europesays.com\/cz\/wp-json\/wp\/v2\/tags?post=169875"}],"curies":[{"name":"wp","href":"https:\/\/api.w.org\/{rel}","templated":true}]}}