{"id":170309,"date":"2026-08-06T09:01:11","date_gmt":"2026-08-06T09:01:11","guid":{"rendered":"https:\/\/www.europesays.com\/cz\/170309\/"},"modified":"2026-08-06T09:01:11","modified_gmt":"2026-08-06T09:01:11","slug":"zachranna-stanice-pro-volne-zijici-zivocichy-vedro-dopada-i-na-zvirata-v-praze","status":"publish","type":"post","link":"https:\/\/www.europesays.com\/cz\/170309\/","title":{"rendered":"Z\u00e1chrann\u00e1 stanice pro voln\u011b \u017eij\u00edc\u00ed \u017eivo\u010dichy: Vedro dopad\u00e1 i na zv\u00ed\u0159ata v Praze"},"content":{"rendered":"<p>Podle mluv\u010d\u00ed Pra\u017esk\u00e9 z\u00e1chrann\u00e9 stanice pro voln\u011b \u017eij\u00edc\u00ed \u017eivo\u010dichy Petry Fischerov\u00e9 byla situace hor\u0161\u00ed b\u011bhem prvn\u00ed vlny veder, kdy p\u0159ij\u00edmali a\u017e 100 zv\u00ed\u0159ec\u00edch pacient\u016f denn\u011b. B\u011bhem tohoto t\u00fddne je to mezi 40 a\u017e 45. I to je ale v\u00fdznamn\u011b v\u00edce ne\u017e obvykle. \u201eB\u011bhem jedin\u00e9ho t\u00fddne od p\u00e1tku 26. \u010dervna do \u010dtvrtka 2. \u010dervence jsme p\u0159ijali rekordn\u00edch 578 zv\u00ed\u0159at. Sou\u010dasn\u00e9 obdob\u00ed veder je prozat\u00edm o malinko klidn\u011bj\u0161\u00ed, ale st\u00e1le denn\u011b p\u0159ij\u00edm\u00e1me des\u00edtky pacient\u016f, v t\u00fddnu od 27. do 31. 7. jsme p\u0159ijali 189 \u017eivo\u010dich\u016f,\u201c uvedla mluv\u010d\u00ed pro Blesk s\u00a0t\u00edm, \u017ee mimo sez\u00f3nu na stanici p\u0159ijmou okolo 10 \u017eivo\u010dich\u016f za den.<\/p>\n<p>Nej\u010dast\u011bji jde o ml\u00e1\u010fata ror\u00fds\u016f, ji\u0159i\u010dek, s\u00fdkor nebo veverek. \u201eSt\u00e1le se k n\u00e1m dost\u00e1vaj\u00ed dehydratovan\u00e1 ml\u00e1\u010fata, ale i vys\u00edlen\u00ed dosp\u011blci a dal\u0161\u00ed \u017eivo\u010dichov\u00e9 s r\u016fzn\u00fdmi zran\u011bn\u00edmi,\u201c popisuje mluv\u010d\u00ed. V\u00a0zoufal\u00e9 situaci se nach\u00e1z\u00ed p\u0159edev\u0161\u00edm ml\u00e1\u010fata, kter\u00e1 se sama nedok\u00e1\u017eou pohybovat. \u201eSt\u00e1v\u00e1 se, \u017ee pokud je hn\u00edzdo um\u00edst\u011bno ve fas\u00e1d\u011b nebo tak, \u017ee na n\u011bj sv\u00edt\u00ed slunce, ml\u00e1\u010fata kv\u016fli ne\u00fanosn\u00e9mu horku z hn\u00edzda vysko\u010d\u00ed,\u201c \u0159\u00edk\u00e1 Petra Fischerov\u00e1.<\/p>\n<p>    <a href=\"https:\/\/www.blesk.cz\/clanek\/celebrity-ceske-celebrity\/845502\/ztraceny-skrtl-ohnostroj-na-letne-jeste-nezacal-a-uz-boduje-u-prazanu.html\" class=\"articlePhoto\" rel=\"nofollow noopener\" target=\"_blank\"><\/p>\n<p>        <img decoding=\"async\" src=\"https:\/\/www.europesays.com\/cz\/wp-content\/uploads\/2026\/08\/9925736.jpg\" alt=\"Marek Ztracen\u00fd zru\u0161il pl\u00e1novan\u00fd oh\u0148ostroj na sv\u00e9 megashow.\" title=\"\" height=\"210\" width=\"300\" class=\"lazyload \" loading=\"lazy\" \/><\/p>\n<p>    <\/a><\/p>\n<p>Z\u00a0hn\u00edzda takto vysko\u010dil nap\u0159\u00edklad mal\u00fd same\u010dek veverky, kter\u00e9mu v\u00a0z\u00e1chrann\u00e9 stanici dali jm\u00e9no Benji. \u201ePravd\u011bpodobn\u011b vlivem extr\u00e9mn\u011b vysok\u00fdch letn\u00edch teplot p\u0159ed\u010dasn\u011b opustil hn\u00edzdo a s\u00e1m by bez pomoci nem\u011bl \u0161anci p\u0159e\u017e\u00edt. Benji je zat\u00edm odk\u00e1zan\u00fd na dom\u00e1c\u00ed p\u00e9\u010di, kter\u00e1 je \u010dasov\u011b\u00a0velmi n\u00e1ro\u010dn\u00e1. Ka\u017ed\u00e9 \u010dty\u0159i hodiny dost\u00e1v\u00e1 speci\u00e1ln\u00ed ml\u00e9ko ur\u010den\u00e9 pro ml\u00e1\u010fata. Jak roste a p\u0159ib\u00fdv\u00e1 na v\u00e1ze, postupn\u011b se zvy\u0161uje i jeho krmn\u00e1 d\u00e1vka, aby m\u011bl dostatek energie pro spr\u00e1vn\u00fd v\u00fdvoj a r\u016fst,\u201c popisuje vedouc\u00ed z\u00e1chrann\u00e9 stanice Veronika Kraslov\u00e1.<\/p>\n<p>  <a href=\"https:\/\/www.blesk.cz\/galerie\/1492363\/?foto=12\" class=\"imgInGallery galleryTransition\" title=\"Z\u00e1chrann\u00e1 stanice m\u00e1 pln\u00e9 ruce pr\u00e1ce: Vedrem trp\u00ed i voln\u011b \u017eij\u00edc\u00ed \u017eivo\u010dichov\u00e9. Benji kv\u016fli n\u011bmu vysko\u010dil z hn\u00edzda!\" onclick=\"saveImageId(9931138)\" rel=\"nofollow noopener\" target=\"_blank\"><\/p>\n<p>      <img decoding=\"async\" src=\"https:\/\/www.europesays.com\/cz\/wp-content\/uploads\/2026\/08\/9931138.jpg\" alt=\"\" title=\"\" height=\"1304\" width=\"978\" class=\"lazyload \" loading=\"lazy\" \/><\/p>\n<p>  <\/a><\/p>\n<p>Z\u00e1chrann\u00e1 stanice m\u00e1 pln\u00e9 ruce pr\u00e1ce: Vedrem trp\u00ed i voln\u011b \u017eij\u00edc\u00ed \u017eivo\u010dichov\u00e9. Benji kv\u016fli n\u011bmu vysko\u010dil z hn\u00edzda!<\/p>\n<p>Autor:\u00a0Z\u00e1chrann\u00e1 stanice pro voln\u011b \u017eij\u00edc\u00ed \u017eivo\u010dichy<\/p>\n<p>A\u017e Benji postupn\u011b zes\u00edl\u00ed, p\u0159ejde na pevnou stravu. M\u00edsto ml\u00e9ka semena, o\u0159echy a dal\u0161\u00ed slo\u017eky j\u00eddeln\u00ed\u010dku, kter\u00e9 veverky nach\u00e1zej\u00ed ve voln\u00e9 p\u0159\u00edrod\u011b. \u201eSou\u010d\u00e1st\u00ed odchovu je tak\u00e9 postupn\u00e9 omezov\u00e1n\u00ed kontaktu s lidmi. Pot\u0159ebuje si zachovat p\u0159irozenou plachost a nau\u010dit se b\u00fdt samostatn\u00fd, aby mohl b\u00fdt po dokon\u010den\u00ed odchovu vypu\u0161t\u011bn zp\u011bt do p\u0159\u00edrody jako zdrav\u00e1 a zcela divok\u00e1 veverka,\u201c dod\u00e1v\u00e1 vedouc\u00ed stanice.<\/p>\n<p>Pt\u00e1ci v ohro\u017een\u00ed<\/p>\n<p>Nejh\u016f\u0159e jsou na tom pta\u010d\u00ed druhy, kter\u00e9 si stav\u00ed hn\u00edzda p\u0159\u00edmo na fas\u00e1d\u00e1ch dom\u016f. Ty jsou toti\u017e \u010dasto vystaven\u00e9 p\u0159\u00edm\u00e9mu slunci. \u201eOhro\u017een\u00e1 jsou i hn\u00edzda na stromech, pokud jsou vystavena p\u0159\u00edm\u00e9mu slunci. Kv\u016fli horku vyskakuj\u00ed z hn\u00edzd nap\u0159\u00edklad i ml\u00e1\u010fata veverek,\u201c vysv\u011btluje mluv\u010d\u00ed.<\/p>\n<p>\u017divo\u010dichy ve m\u011bst\u011b ohro\u017euje i sucho. \u201eV rozp\u00e1len\u00e9m m\u011bst\u011b hledaj\u00ed voln\u011b \u017eij\u00edc\u00ed \u017eivo\u010dichov\u00e9 jen t\u011b\u017eko vodu. Pro samice, kter\u00e9 zrovna koj\u00ed ml\u00e1\u010fata, to m\u016f\u017ee b\u00fdt kritick\u00e9 a m\u016f\u017ee se st\u00e1t, \u017ee je to zcela vy\u010derp\u00e1,\u201c \u0159\u00edk\u00e1 mluv\u010d\u00ed.<\/p>\n<p>    <a href=\"https:\/\/www.blesk.cz\/clanek\/regiony-praha-praha-zpravy\/845470\/praha-bodovala-v-novem-zebricku-patri-mezi-nejatraktivnejsi-turisticka-mesta-sveta.html\" class=\"articlePhoto\" rel=\"nofollow noopener\" target=\"_blank\"><\/p>\n<p>        <img decoding=\"async\" src=\"https:\/\/www.europesays.com\/cz\/wp-content\/uploads\/2026\/08\/1-normal300-6508901.jpg\" alt=\"Praha obsadila v nov\u00e9m sv\u011btov\u00e9m turistick\u00e9m \u017eeb\u0159\u00ed\u010dku 84. p\u0159\u00ed\u010dku.\" title=\"\" height=\"210\" width=\"300\" class=\"lazyload \" loading=\"lazy\" \/><\/p>\n<p>    <\/a><\/p>\n<p>Zp\u0159\u00edjemnit voln\u011b \u017eij\u00edc\u00edm \u017eivo\u010dich\u016fm tyto parn\u00e9 dny m\u016f\u017ee kdokoliv. Pra\u017ean\u00e9 podle mluv\u010d\u00ed stanice ur\u010dit\u011b neud\u011blaj\u00ed \u017e\u00e1dnou chybu, pokud pro n\u011b rozm\u00edst\u00ed misky s\u00a0vodou. \u201eIde\u00e1ln\u00ed jsou velk\u00e9 m\u011blk\u00e9 misky, nap\u0159\u00edklad velk\u00e9 podmisky pod kv\u011btin\u00e1\u010de. Vodu je pot\u0159eba denn\u011b m\u011bnit a misky \u010distit,\u201c rad\u00ed mluv\u010d\u00ed. Stejn\u011b tak pom\u016f\u017ee i p\u0159ikrmov\u00e1n\u00ed v\u00a0krm\u00edtk\u00e1ch. \u201eP\u0159ikrmov\u00e1n\u00ed a poskytov\u00e1n\u00ed vody m\u016f\u017ee zachr\u00e1nit \u017eivoty mnoha zv\u00ed\u0159ec\u00edm rodi\u010d\u016fm, kte\u0159\u00ed nebudou muset v hork\u00e9m po\u010das\u00ed p\u0159ekon\u00e1vat v\u011bt\u0161\u00ed vzd\u00e1lenosti, aby sehnali dost potravy pro sv\u00e1 ml\u00e1\u010fata,\u201c dod\u00e1v\u00e1 Petra Fischerov\u00e1 s\u00a0t\u00edm, \u017ee se Pra\u017ean\u00e9 s\u00a0p\u0159\u00edpadnou p\u00e9\u010d\u00ed o voln\u011b \u017eij\u00edc\u00ed \u017eivo\u010dichy mohou radit na informa\u010dn\u00ed lince 773 772\u00a0771.<\/p>\n<p>\u201ePros\u00edme, pokud najdete v p\u0159\u00edrod\u011b zran\u011bn\u00e9 nebo jinak handicapovan\u00e9 zv\u00ed\u0159e, volejte v\u017edy nejd\u0159\u00edve do z\u00e1chrann\u00e9 stanice a pora\u010fte se, co d\u00e1le. V\u011bt\u0161ina divok\u00fdch, voln\u011b \u017eij\u00edc\u00edch zv\u00ed\u0159at je chr\u00e1n\u011bno z\u00e1konem a p\u00e9\u010de v dom\u00e1c\u00edch podm\u00ednk\u00e1ch je tedy nez\u00e1konn\u00e1. Neodborn\u00e1 p\u00e9\u010de tak\u00e9 m\u016f\u017ee zv\u00ed\u0159eti ubl\u00ed\u017eit a to nap\u0159\u00edklad tak, \u017ee p\u0159ilne k \u010dlov\u011bku natolik, \u017ee u\u017e ho nen\u00ed mo\u017en\u00e9 vypustit zp\u011bt do p\u0159\u00edrody,\u201c dopl\u0148uje vedouc\u00ed z\u00e1chrann\u00e9 stanice Veronika Kraslov\u00e1.<\/p>\n<p>          <a class=\"galleryNext\" href=\"https:\/\/www.blesk.cz\/galerie\/regiony-praha-praha-zpravy\/1492363\/veverka-benji-kvuli-nesnesitelnemu-vedru-vyskocila-z-hnizda-zachranna-stanice-prijima-rekordni-pocty-zvirat?foto=2\" rel=\"nofollow noopener\" target=\"_blank\"><\/p>\n<p>          <\/a><br \/>\n          <a href=\"https:\/\/www.blesk.cz\/galerie\/regiony-praha-praha-zpravy\/1492363\/veverka-benji-kvuli-nesnesitelnemu-vedru-vyskocila-z-hnizda-zachranna-stanice-prijima-rekordni-pocty-zvirat?foto=1\" class=\"photoIn\" rel=\"nofollow noopener\" target=\"_blank\"><br \/>\n            <img decoding=\"async\" src=\"https:\/\/www.europesays.com\/cz\/wp-content\/uploads\/2026\/08\/9436226.jpg\" title=\"Praha m\u00e1 nejmodern\u011bj\u0161\u00ed nemocnici pro zv\u00ed\u0159ata v Evrop\u011b! Ro\u010dn\u011b se dok\u00e1\u017ee postarat a\u017e o 10 tis\u00edc pacient\u016f\" alt=\"Praha m\u00e1 nejmodern\u011bj\u0161\u00ed nemocnici pro zv\u00ed\u0159ata v Evrop\u011b! Ro\u010dn\u011b se dok\u00e1\u017ee postarat a\u017e o 10 tis\u00edc pacient\u016f\" width=\"520\" loading=\"lazy\"\/><br \/>\n          <\/a><\/p>\n<p>Praha m\u00e1 nejmodern\u011bj\u0161\u00ed nemocnici pro zv\u00ed\u0159ata v Evrop\u011b! Ro\u010dn\u011b se dok\u00e1\u017ee postarat a\u017e o 10 tis\u00edc pacient\u016f<\/p>\n<p>Autor:\u00a0Blesk<\/p>\n","protected":false},"excerpt":{"rendered":"Podle mluv\u010d\u00ed Pra\u017esk\u00e9 z\u00e1chrann\u00e9 stanice pro voln\u011b \u017eij\u00edc\u00ed \u017eivo\u010dichy Petry Fischerov\u00e9 byla situace hor\u0161\u00ed b\u011bhem prvn\u00ed vlny veder,&hellip;\n","protected":false},"author":2,"featured_media":170310,"comment_status":"","ping_status":"","sticky":false,"template":"","format":"standard","meta":{"footnotes":"","_share_on_mastodon":"0"},"categories":[30],"tags":[30357,20604,41759,98,99,1445,17654,41758,7124],"class_list":["post-170309","post","type-post","status-publish","format-standard","has-post-thumbnail","category-praha","tag-hnizdo","tag-horko","tag-petra-j-fischerova","tag-prague","tag-praha","tag-priroda","tag-veverka","tag-zachranna-stanice","tag-zivocichove"],"share_on_mastodon":{"url":"https:\/\/pubeurope.com\/@cz\/117047753858310714","error":""},"_links":{"self":[{"href":"https:\/\/www.europesays.com\/cz\/wp-json\/wp\/v2\/posts\/170309","targetHints":{"allow":["GET"]}}],"collection":[{"href":"https:\/\/www.europesays.com\/cz\/wp-json\/wp\/v2\/posts"}],"about":[{"href":"https:\/\/www.europesays.com\/cz\/wp-json\/wp\/v2\/types\/post"}],"author":[{"embeddable":true,"href":"https:\/\/www.europesays.com\/cz\/wp-json\/wp\/v2\/users\/2"}],"replies":[{"embeddable":true,"href":"https:\/\/www.europesays.com\/cz\/wp-json\/wp\/v2\/comments?post=170309"}],"version-history":[{"count":0,"href":"https:\/\/www.europesays.com\/cz\/wp-json\/wp\/v2\/posts\/170309\/revisions"}],"wp:featuredmedia":[{"embeddable":true,"href":"https:\/\/www.europesays.com\/cz\/wp-json\/wp\/v2\/media\/170310"}],"wp:attachment":[{"href":"https:\/\/www.europesays.com\/cz\/wp-json\/wp\/v2\/media?parent=170309"}],"wp:term":[{"taxonomy":"category","embeddable":true,"href":"https:\/\/www.europesays.com\/cz\/wp-json\/wp\/v2\/categories?post=170309"},{"taxonomy":"post_tag","embeddable":true,"href":"https:\/\/www.europesays.com\/cz\/wp-json\/wp\/v2\/tags?post=170309"}],"curies":[{"name":"wp","href":"https:\/\/api.w.org\/{rel}","templated":true}]}}