{"id":170367,"date":"2026-08-06T09:55:26","date_gmt":"2026-08-06T09:55:26","guid":{"rendered":"https:\/\/www.europesays.com\/cz\/170367\/"},"modified":"2026-08-06T09:55:26","modified_gmt":"2026-08-06T09:55:26","slug":"havarie-v-praze-6-tisice-lidi-bez-vody-2","status":"publish","type":"post","link":"https:\/\/www.europesays.com\/cz\/170367\/","title":{"rendered":"Hav\u00e1rie v Praze 6: Tis\u00edce lid\u00ed bez vody!"},"content":{"rendered":"<p>Kv\u016fli z\u00e1va\u017enosti hav\u00e1rie PVK prov\u00e1d\u00ed rozs\u00e1hl\u00fd proplach vodovodn\u00ed s\u00edt\u011b v oblasti, kter\u00e1 byla do dne\u0161n\u00edho dopoledne bez vody. \u201ePo dobu proplachov\u00e1n\u00ed vodovodn\u00ed s\u00edt\u011b nen\u00ed voda pitn\u00e1 a je mo\u017en\u00e9 pou\u017e\u00edvat ji pouze jako u\u017eitkovou. K tomuto kroku p\u0159istupujeme z preventivn\u00edch d\u016fvod\u016f do doby, ne\u017e budou zn\u00e1m\u00e9 v\u00fdsledky laboratorn\u00edch rozbor\u016f,\u201c informoval Mr\u00e1zek. Na to, \u017ee voda zat\u00edm nen\u00ed pitn\u00e1, upozor\u0148uj\u00ed i let\u00e1ky, kter\u00e9 PVK vylepuje na dve\u0159e dom\u016f v zasa\u017een\u00e9 oblasti.\u00a0Mapu s rozm\u00edst\u011bn\u00edm cisteren naleznou lid\u00e9 na\u00a0<a href=\"https:\/\/mapy.veoliavoda.cz\/udalosti\/?branch=PVK\" target=\"_blank\" rel=\"noopener nofollow\">webu<\/a>\u00a0PVK. \u201eJakmile budeme m\u00edt v\u00fdsledky rozboru, budeme odb\u011bratele hned informovat,\u201c \u0159ekl Mr\u00e1zek.<\/p>\n<p>    <a href=\"https:\/\/www.blesk.cz\/clanek\/regiony-praha-praha-zpravy\/845445\/turkova-nehoda-v-centru-prahy-policie-zahajila-trestni-rizeni-povola-znalce.html\" class=\"articlePhoto\" rel=\"nofollow noopener\" target=\"_blank\"><\/p>\n<p>        <img decoding=\"async\" src=\"https:\/\/www.europesays.com\/cz\/wp-content\/uploads\/2026\/08\/1786010126_554_9910132.jpg\" alt=\"Nehoda Filipa Turka.\" title=\"\" height=\"210\" width=\"300\" class=\"lazyload \" loading=\"lazy\" \/><\/p>\n<p>    <\/a><\/p>\n<p>Hav\u00e1rie se stala v ulici Jos\u00e9 Mart\u00edho v \u00fater\u00fd ve\u010der a bez vody se ocitlo asi 21 tis\u00edc lid\u00ed. PVK ve st\u0159edu dopoledne obnovily dod\u00e1vky pro zhruba 16 tis\u00edc lid\u00ed t\u00edm, \u017ee p\u0159etrasovaly veden\u00ed vody. Oprava trvala del\u0161\u00ed dobu, proto\u017ee v m\u00edst\u011b hav\u00e1rie se k\u0159\u00ed\u017eilo vodovodn\u00ed a plynov\u00e9 potrub\u00ed. Hav\u00e1rie se stala v \u00fast\u0159edn\u00edch gar\u00e1\u017e\u00edch ministerstva vnitra.<\/p>\n<p>Mluv\u010d\u00ed radnice Prahy 6 Marek Zeman ve st\u0159edu uvedl, \u017ee senio\u0159i \u010di handicapovan\u00ed lid\u00e9, pro kter\u00e9 je problematick\u00e9 p\u0159in\u00e9st si vodu z n\u00e1hradn\u00edho z\u00e1sobov\u00e1n\u00ed, mohou vyu\u017e\u00edt\u00a0<a href=\"https:\/\/www.psp6.cz\/kontakty\/\" target=\"_blank\" rel=\"noopener nofollow\">soci\u00e1ln\u00ed slu\u017eby Prahy 6<\/a>.<\/p>\n<p>\u00a0<\/p>\n<p>\u00a0<\/p>\n","protected":false},"excerpt":{"rendered":"Kv\u016fli z\u00e1va\u017enosti hav\u00e1rie PVK prov\u00e1d\u00ed rozs\u00e1hl\u00fd proplach vodovodn\u00ed s\u00edt\u011b v oblasti, kter\u00e1 byla do dne\u0161n\u00edho dopoledne bez vody.&hellip;\n","protected":false},"author":2,"featured_media":170368,"comment_status":"","ping_status":"","sticky":false,"template":"","format":"standard","meta":{"footnotes":"","_share_on_mastodon":"0"},"categories":[30],"tags":[41672,38390,4102,18044,98,99,1017,13178,18042,1045],"class_list":["post-170367","post","type-post","status-publish","format-standard","has-post-thumbnail","category-praha","tag-jose-marti","tag-marek-zeman","tag-nehoda","tag-pitna-voda","tag-prague","tag-praha","tag-praha-6","tag-prazske-vodovody-a-kanalizace","tag-tomas-mrazek","tag-veleslavin"],"share_on_mastodon":{"url":"https:\/\/pubeurope.com\/@cz\/117047966262730459","error":""},"_links":{"self":[{"href":"https:\/\/www.europesays.com\/cz\/wp-json\/wp\/v2\/posts\/170367","targetHints":{"allow":["GET"]}}],"collection":[{"href":"https:\/\/www.europesays.com\/cz\/wp-json\/wp\/v2\/posts"}],"about":[{"href":"https:\/\/www.europesays.com\/cz\/wp-json\/wp\/v2\/types\/post"}],"author":[{"embeddable":true,"href":"https:\/\/www.europesays.com\/cz\/wp-json\/wp\/v2\/users\/2"}],"replies":[{"embeddable":true,"href":"https:\/\/www.europesays.com\/cz\/wp-json\/wp\/v2\/comments?post=170367"}],"version-history":[{"count":0,"href":"https:\/\/www.europesays.com\/cz\/wp-json\/wp\/v2\/posts\/170367\/revisions"}],"wp:featuredmedia":[{"embeddable":true,"href":"https:\/\/www.europesays.com\/cz\/wp-json\/wp\/v2\/media\/170368"}],"wp:attachment":[{"href":"https:\/\/www.europesays.com\/cz\/wp-json\/wp\/v2\/media?parent=170367"}],"wp:term":[{"taxonomy":"category","embeddable":true,"href":"https:\/\/www.europesays.com\/cz\/wp-json\/wp\/v2\/categories?post=170367"},{"taxonomy":"post_tag","embeddable":true,"href":"https:\/\/www.europesays.com\/cz\/wp-json\/wp\/v2\/tags?post=170367"}],"curies":[{"name":"wp","href":"https:\/\/api.w.org\/{rel}","templated":true}]}}