{"id":170551,"date":"2026-08-06T12:18:11","date_gmt":"2026-08-06T12:18:11","guid":{"rendered":"https:\/\/www.europesays.com\/cz\/170551\/"},"modified":"2026-08-06T12:18:11","modified_gmt":"2026-08-06T12:18:11","slug":"kvuli-havarii-jsou-tisice-lidi-z-veleslavina-bez-pitne-vody-zasobuji-je-cisterny-idnes-cz","status":"publish","type":"post","link":"https:\/\/www.europesays.com\/cz\/170551\/","title":{"rendered":"Kv\u016fli hav\u00e1rii jsou tis\u00edce lid\u00ed z Veleslav\u00edna bez pitn\u00e9 vody, z\u00e1sobuj\u00ed je cisterny &#8211; idnes.cz"},"content":{"rendered":"<p><a href=\"https:\/\/news.google.com\/rss\/articles\/CBMipwFBVV95cUxNSnBSaGx2ZTlEbVNMcE90Y2c4MEctTXRKb011VHgzako2MEVVWlE3VlZ1N0NMSDBJbXo4VjBMRW4yZklNSFhIS0UtLXc3aTlCd1dGZVAyd1U1eVJEN1hYazdteWk4UnN2ZXJkZm9jZ20xeVZkUjJ2WXd6YWI5d0hTU01qcTk0R0tDejczX08yWDk3aFFCa093QkRvcUd6UDdZZDQ2ZG1Ubw?oc=5\" target=\"_blank\" rel=\"nofollow noopener\">Kv\u016fli hav\u00e1rii jsou tis\u00edce lid\u00ed z Veleslav\u00edna bez pitn\u00e9 vody, z\u00e1sobuj\u00ed je cisterny<\/a>&nbsp;&nbsp;idnes.cz<a href=\"https:\/\/news.google.com\/rss\/articles\/CBMigwFBVV95cUxNRjZIU3JjalZlRzRfUUM4Vm5GWWZIY0I2WllnMVcxczM1T1BTMWhMbU9pLWNEUXp3ckhhWTIzMTFadl9lenE3X1FXczUyT215SGNNVU5ZRFNxV2NncE15enB2VXAtaEg3VThyQ19hSy1CV2pkWGlZZ0NWQXNJTzdzY0JoOA?oc=5\" target=\"_blank\" rel=\"nofollow noopener\">Aktu\u00e1ln\u00ed informace k hav\u00e1rii vodovodu v Praze 6<\/a>&nbsp;&nbsp;Pra\u017esk\u00e9 vodovody a kanalizace, a.s.<a href=\"https:\/\/news.google.com\/rss\/articles\/CBMihgFBVV95cUxQU2JLb21vQlZmdV9oaTFGZjBjZEpubUhXZ0xyOUN4YjZvT1BlNmQ1RFhQenB2SXJSblhtVXY1QlFuMDRZX0tLMTJqSGFPTW5vUkktNUUzMGZsUEt3eW02TWp2NHlzMlFqaVd2RjM2WjV0YlpBZnJCRkR5Mlk1YTFCYlVBSk9EUQ?oc=5\" target=\"_blank\" rel=\"nofollow noopener\">Hav\u00e1rie vody v Praze 6: Voda u\u017e te\u010de, ale nen\u00ed pitn\u00e1<\/a>&nbsp;&nbsp;N\u00e1\u0161 REGION<a href=\"https:\/\/news.google.com\/rss\/articles\/CBMirwFBVV95cUxOc0RKTHRJMDgyY3YyckJZREtlWkcxWEZhTElOTEJGcEY3VUtQZV9PcUhhYlEwSGVQVVNFdkhKOHV3VnVqaXozT3BUbXFkWWN0Y1lIdG9yOE5GemR2MUZ3OTRUc01NRUlLeDlmS0R3NlA0X29mc3JaX2RqcG9ZTG1lWGx3ZlN6R2FwTGhmbXB2QjBNcGNSa205YmtvUGQ5YXBwSEVsTE1Vam8tQno4MHBR?oc=5\" target=\"_blank\" rel=\"nofollow noopener\">Pra\u017esk\u00e9 vodovody obnovily dod\u00e1vky vody v \u010d\u00e1sti Prahy 6<\/a>&nbsp;&nbsp;Pra\u017esk\u00fd den\u00edk<a href=\"https:\/\/news.google.com\/rss\/articles\/CBMirgFBVV95cUxOV3c1UXhNNjB5WXo5YUpmTjA1NDJIR3FzLVFvQmFVQzFtRS1SVVFKNWhFbzExYk14bFVtckZaaU9NQk5JazJlaDNCZnBXRm1TeGstY1N2Z1JXeHh1eFR1VFRaY1FpVTZJZFV1S2tzMEMtOUtsQ242RG5VY2tBaWFBTFUyUEwtZmtfY3A3SjhxMDRUOE5ITGRvTGhza3JvdkVYcVlxVmJWeG40UFB1V3c?oc=5\" target=\"_blank\" rel=\"nofollow noopener\">Tis\u00edce Pra\u017ean\u016f jsou bez vody. Oprava se prot\u00e1hne do dal\u0161\u00edho dne<\/a>&nbsp;&nbsp;TN.cz<\/p>\n","protected":false},"excerpt":{"rendered":"Kv\u016fli hav\u00e1rii jsou tis\u00edce lid\u00ed z Veleslav\u00edna bez pitn\u00e9 vody, z\u00e1sobuj\u00ed je cisterny&nbsp;&nbsp;idnes.czAktu\u00e1ln\u00ed informace k hav\u00e1rii vodovodu v&hellip;\n","protected":false},"author":2,"featured_media":170552,"comment_status":"","ping_status":"","sticky":false,"template":"","format":"standard","meta":{"footnotes":"","_share_on_mastodon":"0"},"categories":[7],"tags":[43,42,41,40,1176,18044,99,1017,13178,1045],"class_list":["post-170551","post","type-post","status-publish","format-standard","has-post-thumbnail","category-cesko","tag-ceska-republika","tag-cesko","tag-czech-republic","tag-czechia","tag-havarie","tag-pitna-voda","tag-praha","tag-praha-6","tag-prazske-vodovody-a-kanalizace","tag-veleslavin"],"share_on_mastodon":{"url":"https:\/\/pubeurope.com\/@cz\/117048528981780002","error":""},"_links":{"self":[{"href":"https:\/\/www.europesays.com\/cz\/wp-json\/wp\/v2\/posts\/170551","targetHints":{"allow":["GET"]}}],"collection":[{"href":"https:\/\/www.europesays.com\/cz\/wp-json\/wp\/v2\/posts"}],"about":[{"href":"https:\/\/www.europesays.com\/cz\/wp-json\/wp\/v2\/types\/post"}],"author":[{"embeddable":true,"href":"https:\/\/www.europesays.com\/cz\/wp-json\/wp\/v2\/users\/2"}],"replies":[{"embeddable":true,"href":"https:\/\/www.europesays.com\/cz\/wp-json\/wp\/v2\/comments?post=170551"}],"version-history":[{"count":0,"href":"https:\/\/www.europesays.com\/cz\/wp-json\/wp\/v2\/posts\/170551\/revisions"}],"wp:featuredmedia":[{"embeddable":true,"href":"https:\/\/www.europesays.com\/cz\/wp-json\/wp\/v2\/media\/170552"}],"wp:attachment":[{"href":"https:\/\/www.europesays.com\/cz\/wp-json\/wp\/v2\/media?parent=170551"}],"wp:term":[{"taxonomy":"category","embeddable":true,"href":"https:\/\/www.europesays.com\/cz\/wp-json\/wp\/v2\/categories?post=170551"},{"taxonomy":"post_tag","embeddable":true,"href":"https:\/\/www.europesays.com\/cz\/wp-json\/wp\/v2\/tags?post=170551"}],"curies":[{"name":"wp","href":"https:\/\/api.w.org\/{rel}","templated":true}]}}