{"id":170801,"date":"2026-08-06T16:11:08","date_gmt":"2026-08-06T16:11:08","guid":{"rendered":"https:\/\/www.europesays.com\/cz\/170801\/"},"modified":"2026-08-06T16:11:08","modified_gmt":"2026-08-06T16:11:08","slug":"disney-v-evrope-muze-ztratit-dalsi-funkce-tentokrat-hdr10-i-uhd-4k","status":"publish","type":"post","link":"https:\/\/www.europesays.com\/cz\/170801\/","title":{"rendered":"Disney+ v Evrop\u011b m\u016f\u017ee ztratit dal\u0161\u00ed funkce, tentokr\u00e1t HDR10 i UHD 4K"},"content":{"rendered":"<p>Streamovac\u00ed slu\u017eba Disney+ u\u017e ztratila podporu pro 3D a Dolby Vision. Nyn\u00ed v Evrop\u011b v n\u011bkter\u00fdch zem\u00edch kv\u016fli patentov\u00fdm spor\u016fm ztr\u00e1c\u00ed i HDR10 a UHD 4K. <\/p>\n<p>Patentov\u00e9 spory si vyb\u00edraj\u00ed dal\u0161\u00ed da\u0148. Nyn\u00ed jde o streamovac\u00ed slu\u017ebu Disney+, kter\u00e1 p\u0159i\u0161la u\u017e o tolik funkc\u00ed, \u017ee se v n\u011bkter\u00fdch zem\u00edch a\u017e na po\u010det sou\u010dasn\u00fdch st\u011bhov\u00e1n\u00ed t\u00e9m\u011b\u0159 neli\u0161\u00ed od b\u011b\u017en\u00e9ho pl\u00e1nu Standard.\u00a0<\/p>\n<p>Standard i Premium umo\u017e\u0148uj\u00ed offline stahov\u00e1n\u00ed, p\u0159ehr\u00e1v\u00e1n\u00ed bez reklam, Premium nav\u00edc podporujuje Dolby Atmos a sou\u010dasn\u00e9 p\u0159ehr\u00e1v\u00e1n\u00ed a\u017e na 4 za\u0159\u00edzen\u00edch m\u00edsto dvou. Dal\u0161\u00edmi bonusy nav\u00edc ale v minulosti bylo i <a target=\"_blank\" rel=\"noopener noreferrer sponsored nofollow\" href=\"https:\/\/www.smarty.cz\/Vyhledavani\/televize?query=4k%20tv\">UHD 4K<\/a> rozli\u0161en\u00ed m\u00edsto Full HD 1080p, podpora Dolby Vision, 3D a HDR.\u00a0<\/p>\n<p>Kv\u016fli spor\u016fm u\u017e ale Premium v n\u011bkter\u00fdch evropsk\u00fdch zem\u00edch ned\u00e1vno p\u0159i\u0161lo o Dolby Vision (to se n\u011bkdy i vr\u00e1tilo) i 3D video. Jen\u017ee tady se to nezastavilo a patentov\u00e9 spory se spole\u010dnost\u00ed InterDigital zp\u016fsobily, \u017ee firma v n\u011bkter\u00fdch evropsk\u00fdch zem\u00edch ztr\u00e1c\u00ed u\u017e i ono 4K rozli\u0161en\u00ed a HDR10. Ot\u00e1zkou nyn\u00ed je, zda se n\u011bjak zm\u011bn\u00ed ceny, nebo zda bude Disney vracet pen\u00edze, proto\u017ee nen\u00ed schopno dodat z\u00e1kazn\u00edk\u016fm slu\u017ebu v kvalit\u011b, jakou si p\u0159edplatili.\u00a0<\/p>\n<p>U n\u00e1s slu\u017eba zat\u00edm rozli\u0161en\u00ed 4K uv\u00e1d\u00ed jako podporovan\u00e9 a to za cenu 359 K\u010d m\u011bs\u00ed\u010dn\u011b (3590 K\u010d ro\u010dn\u011b) za Premium, resp. ve Full HD za 219 K\u010d m\u011bs\u00ed\u010dn\u011b (2190 K\u010d ro\u010dn\u011b) za Standard. Toto do\u010dasn\u00e9 zru\u0161en\u00ed m\u011blo b\u00fdt potvrzeno pobo\u010dkou spole\u010dnosti pro seversk\u00e9 a pobaltsk\u00e9 zem\u011b, ty ale 4K na sv\u00fdch webov\u00fdch str\u00e1nk\u00e1ch st\u00e1le uv\u00e1d\u00ed jako dostupn\u00e9.<\/p>\n","protected":false},"excerpt":{"rendered":"Streamovac\u00ed slu\u017eba Disney+ u\u017e ztratila podporu pro 3D a Dolby Vision. Nyn\u00ed v Evrop\u011b v n\u011bkter\u00fdch zem\u00edch kv\u016fli&hellip;\n","protected":false},"author":2,"featured_media":170802,"comment_status":"","ping_status":"","sticky":false,"template":"","format":"standard","meta":{"footnotes":"","_share_on_mastodon":"0"},"categories":[13],"tags":[1902,74,73,78,75,77,76],"class_list":["post-170801","post","type-post","status-publish","format-standard","has-post-thumbnail","category-veda-a-technika","tag-novinka","tag-science","tag-science-technology","tag-technika","tag-technology","tag-veda","tag-veda-a-technika"],"share_on_mastodon":{"url":"https:\/\/pubeurope.com\/@cz\/117049444467010765","error":""},"_links":{"self":[{"href":"https:\/\/www.europesays.com\/cz\/wp-json\/wp\/v2\/posts\/170801","targetHints":{"allow":["GET"]}}],"collection":[{"href":"https:\/\/www.europesays.com\/cz\/wp-json\/wp\/v2\/posts"}],"about":[{"href":"https:\/\/www.europesays.com\/cz\/wp-json\/wp\/v2\/types\/post"}],"author":[{"embeddable":true,"href":"https:\/\/www.europesays.com\/cz\/wp-json\/wp\/v2\/users\/2"}],"replies":[{"embeddable":true,"href":"https:\/\/www.europesays.com\/cz\/wp-json\/wp\/v2\/comments?post=170801"}],"version-history":[{"count":0,"href":"https:\/\/www.europesays.com\/cz\/wp-json\/wp\/v2\/posts\/170801\/revisions"}],"wp:featuredmedia":[{"embeddable":true,"href":"https:\/\/www.europesays.com\/cz\/wp-json\/wp\/v2\/media\/170802"}],"wp:attachment":[{"href":"https:\/\/www.europesays.com\/cz\/wp-json\/wp\/v2\/media?parent=170801"}],"wp:term":[{"taxonomy":"category","embeddable":true,"href":"https:\/\/www.europesays.com\/cz\/wp-json\/wp\/v2\/categories?post=170801"},{"taxonomy":"post_tag","embeddable":true,"href":"https:\/\/www.europesays.com\/cz\/wp-json\/wp\/v2\/tags?post=170801"}],"curies":[{"name":"wp","href":"https:\/\/api.w.org\/{rel}","templated":true}]}}