{"id":172145,"date":"2026-08-07T20:27:22","date_gmt":"2026-08-07T20:27:22","guid":{"rendered":"https:\/\/www.europesays.com\/cz\/172145\/"},"modified":"2026-08-07T20:27:22","modified_gmt":"2026-08-07T20:27:22","slug":"bourka-na-jezere-most-vzala-dominikovi-zivot-syn-byl-pro-nej-cely-svet-rika-byvala-partnerka","status":"publish","type":"post","link":"https:\/\/www.europesays.com\/cz\/172145\/","title":{"rendered":"Bou\u0159ka na jeze\u0159e Most vzala Dominikovi \u017eivot. Syn byl pro n\u011bj cel\u00fd sv\u011bt, \u0159\u00edk\u00e1 b\u00fdval\u00e1 partnerka"},"content":{"rendered":"<p>\n                        Tragick\u00e1 smrt osmadvacetilet\u00e9ho Dominika, kter\u00fd p\u0159i\u0161el o \u017eivot na jeze\u0159e Most kv\u016fli n\u00e1hl\u00e9 bou\u0159ce, zdrtila jeho bl\u00edzk\u00e9. B\u00fdval\u00e1 partnerka, se kterou m\u011bl t\u0159\u00edlet\u00e9ho syna Tobi\u00e1\u0161e, na n\u011bj v rozhovoru pro Den\u00edk.cz zavzpom\u00ednala jako na miluj\u00edc\u00edho otce a ob\u011btav\u00e9ho a pracovit\u00e9ho \u010dlov\u011bka.\n                    <\/p>\n<p>\u201eSyn pro n\u011bj znamenal cel\u00fd sv\u011bt. Sna\u017eil se mu v\u011bnovat naplno,\u201c \u0159ekla \u017eena <a target=\"_blank\" href=\"https:\/\/www.denik.cz\/regiony\/partnerka-muze-ktery-utonul-v-jezere-most-domca-byl-pro-nas-vsim\/\" rel=\"nofollow noopener\">Den\u00edku.cz<\/a>.<\/p>\n<p>\u010cT\u011aTE TAK\u00c9: <a target=\"_blank\" href=\"https:\/\/cnn.iprima.cz\/hruza-na-teplicku-vlak-zenu-vlacel-desitky-metru-drzela-se-kocarku-518749\" rel=\"nofollow noopener\">Hr\u016fza na Teplicku. Vlak \u017eenu vl\u00e1\u010del des\u00edtky metr\u016f, dr\u017eela se ko\u010d\u00e1rku<\/a><\/p>\n<p>Na sv\u00e9ho b\u00fdval\u00e9ho partnera bude vzpom\u00ednat jen v dobr\u00e9m. \u201eKa\u017ed\u00e9mu, kdo pot\u0159eboval pomoc, se sna\u017eil vyj\u00edt vst\u0159\u00edc a nikdy neodm\u00edtl podat pomocnou ruku. Lid\u00e9 si ho budou pamatovat jako laskav\u00e9ho, pracovit\u00e9ho a poctiv\u00e9ho \u010dlov\u011bka,\u201c dodala.<\/p>\n<p>Velkou Dominikovou v\u00e1\u0161n\u00ed byla podle jeho b\u00fdval\u00e9 partnerky pr\u00e1ce. Vlastnil firmu Jelen Gar\u00e1\u017ee, kter\u00e1 se zab\u00fdv\u00e1 \u010di\u0161t\u011bn\u00edm, le\u0161t\u011bn\u00edm a komplexn\u00ed p\u00e9\u010d\u00ed o automobily. Krom\u011b toho pracoval jako \u0159idi\u010d n\u00e1kladn\u00edho vozidla.<\/p>\n<p>\u201eAni po n\u00e1vratu z pr\u00e1ce neodpo\u010d\u00edval. \u010casto zam\u00ed\u0159il rovnou do sv\u00e9 gar\u00e1\u017ee, kde pracoval a\u017e do pozdn\u00edch ve\u010dern\u00edch hodin. Byl neuv\u011b\u0159iteln\u011b pracovit\u00fd a v\u0161echno, co d\u011blal, d\u011blal naplno,\u201c uvedla \u017eena.<\/p>\n<p>Nenad\u00e1l\u00e1 bou\u0159ka na jeze\u0159e<\/p>\n<p>Voln\u00fd \u010das tr\u00e1vil nejrad\u011bji s rodinou. Spole\u010dn\u011b \u010dasto nav\u0161t\u011bvovali jezero Most, kam Dominik r\u00e1d vyr\u00e1\u017eel na paddleboard. Podle sv\u00e9 b\u00fdval\u00e9 partnerky ale nikdy zbyte\u010dn\u011b neriskoval. Osudn\u00fdm se mu p\u0159esto stalo \u00fatern\u00ed pozdn\u00ed odpoledne, kdy ho na vod\u011b zastihla siln\u00e1 bou\u0159ka. Prudk\u00fd v\u00edtr uv\u011bznil na hladin\u011b Dominika a dal\u0161\u00edch p\u011bt lid\u00ed. \u010cty\u0159i z nich se z\u00e1chran\u00e1\u0159\u016fm poda\u0159ilo dostat bezpe\u010dn\u011b ke b\u0159ehu, dva podle prvotn\u00edch informac\u00ed spadli do vody.<\/p>\n<p class=\"intro-title-mobile\">\n        \u010ct\u011bte tak\u00e9\n    <\/p>\n<p>        <a href=\"https:\/\/cnn.iprima.cz\/zahada-cerne-selmy-na-jihu-cech-objasnena-odbornici-provedli-fototest-s-maketami-518762\" class=\"image-link\" rel=\"nofollow noopener\" target=\"_blank\"><\/p>\n<p>            <img decoding=\"async\" loading=\"lazy\" class=\"image\" src=\"https:\/\/www.europesays.com\/cz\/wp-content\/uploads\/2026\/08\/805911224d19a3661e01908c86261b84.jpg\" alt=\"\u010cern\u00e1 ko\u010dka\"\/><\/p>\n<p>            <\/a><\/p>\n<p class=\"intro-title-desktop\">\n            \u010ct\u011bte tak\u00e9\n        <\/p>\n<p>                <a href=\"https:\/\/cnn.iprima.cz\/zahada-cerne-selmy-na-jihu-cech-objasnena-odbornici-provedli-fototest-s-maketami-518762\" class=\"title-link\" rel=\"nofollow noopener\" target=\"_blank\"><\/p>\n<p class=\"title\">\n                Z\u00e1hada \u010dern\u00e9 \u0161elmy na jihu \u010cech objasn\u011bna? Odborn\u00edci zve\u0159ejnili v\u00fdsledky fotografick\u00fdch test\u016f\n            <\/p>\n<p>        <\/a><\/p>\n<p>                                                                                                7. srp 2026, 11:57<\/p>\n<p>                6 min \u010dten\u00ed<\/p>\n<p>Rozjelo se rozs\u00e1hl\u00e9 p\u00e1tr\u00e1n\u00ed, kter\u00e9 v\u0161ak skon\u010dilo smutn\u011b. <a target=\"_blank\" href=\"https:\/\/cnn.iprima.cz\/tragicky-konec-patrani-na-jezere-most-policiste-nasli-telo-jednoho-ze-zmizelych-muzu-518641\" rel=\"nofollow noopener\">Ve st\u0159edu ve\u010der<\/a> na\u0161li z\u00e1chran\u00e1\u0159i Dominikovo t\u011blo bez zn\u00e1mek \u017eivota. Po druh\u00e9m poh\u0159e\u0161ovan\u00e9m mu\u017ei nad\u00e1le p\u00e1traj\u00ed.<\/p>\n<p>Jezero Most m\u00e1 rozlohu p\u0159es 300 hektar\u016f a dosahuje hloubky v\u00edce ne\u017e 70 metr\u016f. Vzniklo zatopen\u00edm b\u00fdval\u00e9ho hn\u011bdouheln\u00e9ho dolu v t\u011bsn\u00e9m sousedstv\u00ed stejnojmenn\u00e9ho m\u011bsta. Od sv\u00e9ho otev\u0159en\u00ed pat\u0159\u00ed mezi vyhled\u00e1van\u00e1 rekrea\u010dn\u00ed m\u00edsta. Konaj\u00ed se tam tak\u00e9 velk\u00e9 spole\u010densk\u00e9 akce, naposledy o uplynul\u00e9m v\u00edkendu hudebn\u00ed festival.<\/p>\n<p>MOHLO V\u00c1M UNIKNOUT: <a target=\"_blank\" href=\"https:\/\/cnn.iprima.cz\/zabil-prarodice-a-sel-vystrilet-skolu-radeni-studenta-neprezilo-osm-lidi-518737\" rel=\"nofollow noopener\">Zabil prarodi\u010de a \u0161el vyst\u0159\u00edlet \u0161kolu. \u0158\u00e1d\u011bn\u00ed thajsk\u00e9ho studenta nep\u0159e\u017eilo osm lid\u00ed<\/a><\/p>\n","protected":false},"excerpt":{"rendered":"Tragick\u00e1 smrt osmadvacetilet\u00e9ho Dominika, kter\u00fd p\u0159i\u0161el o \u017eivot na jeze\u0159e Most kv\u016fli n\u00e1hl\u00e9 bou\u0159ce, zdrtila jeho bl\u00edzk\u00e9. B\u00fdval\u00e1&hellip;\n","protected":false},"author":2,"featured_media":172146,"comment_status":"","ping_status":"","sticky":false,"template":"","format":"standard","meta":{"footnotes":"","_share_on_mastodon":"0"},"categories":[10],"tags":[3862,17,21,9634,13468,7484,511,7485,16,41959,1967,351,9638,649,18,19,22,20],"class_list":["post-172145","post","type-post","status-publish","format-standard","has-post-thumbnail","category-zpravy","tag-bourka","tag-headlines","tag-hlavni-udalosti","tag-hodnoty","tag-jezero","tag-katastrofy","tag-most","tag-nehody-a-mimoradne-udalosti","tag-news","tag-okres-teplice","tag-rozhovor","tag-smrt","tag-smrt-a-umirani","tag-spolecnost","tag-top-news","tag-top-stories","tag-udalosti-dne","tag-zpravy"],"share_on_mastodon":{"url":"https:\/\/pubeurope.com\/@cz\/117056113578113894","error":""},"_links":{"self":[{"href":"https:\/\/www.europesays.com\/cz\/wp-json\/wp\/v2\/posts\/172145","targetHints":{"allow":["GET"]}}],"collection":[{"href":"https:\/\/www.europesays.com\/cz\/wp-json\/wp\/v2\/posts"}],"about":[{"href":"https:\/\/www.europesays.com\/cz\/wp-json\/wp\/v2\/types\/post"}],"author":[{"embeddable":true,"href":"https:\/\/www.europesays.com\/cz\/wp-json\/wp\/v2\/users\/2"}],"replies":[{"embeddable":true,"href":"https:\/\/www.europesays.com\/cz\/wp-json\/wp\/v2\/comments?post=172145"}],"version-history":[{"count":0,"href":"https:\/\/www.europesays.com\/cz\/wp-json\/wp\/v2\/posts\/172145\/revisions"}],"wp:featuredmedia":[{"embeddable":true,"href":"https:\/\/www.europesays.com\/cz\/wp-json\/wp\/v2\/media\/172146"}],"wp:attachment":[{"href":"https:\/\/www.europesays.com\/cz\/wp-json\/wp\/v2\/media?parent=172145"}],"wp:term":[{"taxonomy":"category","embeddable":true,"href":"https:\/\/www.europesays.com\/cz\/wp-json\/wp\/v2\/categories?post=172145"},{"taxonomy":"post_tag","embeddable":true,"href":"https:\/\/www.europesays.com\/cz\/wp-json\/wp\/v2\/tags?post=172145"}],"curies":[{"name":"wp","href":"https:\/\/api.w.org\/{rel}","templated":true}]}}