{"id":172159,"date":"2026-08-07T20:42:11","date_gmt":"2026-08-07T20:42:11","guid":{"rendered":"https:\/\/www.europesays.com\/cz\/172159\/"},"modified":"2026-08-07T20:42:11","modified_gmt":"2026-08-07T20:42:11","slug":"dalsi-klasicka-corvette-s-dobrymi-jizdnimi-vlastnostmi-mitsuoka-znovu-vyuzije-legendarni-mx-5","status":"publish","type":"post","link":"https:\/\/www.europesays.com\/cz\/172159\/","title":{"rendered":"Dal\u0161\u00ed klasick\u00e1 corvette s dobr\u00fdmi j\u00edzdn\u00edmi vlastnostmi? Mitsuoka znovu vyu\u017eije legend\u00e1rn\u00ed MX-5"},"content":{"rendered":"<p>Japonsk\u00e1 automobilka Mitsuoka chyst\u00e1 dal\u0161\u00ed ze sv\u00fdch osobit\u00fdch p\u0159estaveb Mazdy MX-5, tentokr\u00e1t inspirovanou legend\u00e1rn\u00edm Chevroletem Corvette prvn\u00ed generace. P\u0159ed listopadovou premi\u00e9rou na novinku l\u00e1k\u00e1 postupn\u00fdm odhalov\u00e1n\u00edm tvar\u016f i techniky.<\/p>\n<p data-path-to-node=\"2\">Japonsk\u00e1 spole\u010dnost Mitsuoka se zam\u011b\u0159uje p\u0159edev\u0161\u00edm na p\u0159estavby modern\u00edch voz\u016f na divok\u00e9 designov\u00e9 kreace s odkazem na popul\u00e1rn\u00ed historick\u00e9 modely. Jako z\u00e1klad u\u017e nejednou pou\u017eila Mazdu MX-5. Model Himiko kop\u00edruje klasick\u00fd britsk\u00fd vzhled aut ze 30. let 20. stolet\u00ed dokonce u\u017e od roku 2008.<\/p>\n<p data-path-to-node=\"3\">Tehdy byl postaven na z\u00e1klad\u011b t\u0159et\u00ed generace japonsk\u00e9ho roadsteru ozna\u010dovan\u00e9 NC, pozd\u011bji jako z\u00e1klad poslou\u017eila generace st\u00e1vaj\u00edc\u00ed, tedy ND. Komu by se nel\u00edbil tento sm\u011br, mohl si od roku 2022 po\u0159\u00eddit model Mitsuoka Rock Star, kter\u00fd mal\u00fd japonsk\u00fd roadster vyd\u00e1val za Chevrolet Corvette generace C2.<\/p>\n<p data-path-to-node=\"3\"><a class=\"article-card__image\" data-ac-image=\"\" href=\"https:\/\/www.auto.cz\/mitsuoka-postavila-svou-mazdu-corvette-s-rizenim-pro-evropu-ma-to-ale-hacek-142743\" title=\"Mitsuoka postavila svou Mazdu Corvette s \u0159\u00edzen\u00edm pro Evropu, m\u00e1 to ale h\u00e1\u010dek\" rel=\"nofollow noopener\" target=\"_blank\"><img decoding=\"async\" alt=\"Mitsuoka postavila svou Mazdu Corvette s \u0159\u00edzen\u00edm pro Evropu, m\u00e1 to ale h\u00e1\u010dek\" title=\"Mitsuoka postavila svou Mazdu Corvette s \u0159\u00edzen\u00edm pro Evropu, m\u00e1 to ale h\u00e1\u010dek\" class=\"\" data-magazine=\"\" src=\"https:\/\/www.europesays.com\/cz\/wp-content\/uploads\/2026\/08\/7496111.jpg\" loading=\"lazy\" style=\"aspect-ratio: 328 \/ 184\"\/><\/a><a class=\"article-card__title-link line-limit-3\" data-ac-title=\"\" href=\"https:\/\/www.auto.cz\/mitsuoka-postavila-svou-mazdu-corvette-s-rizenim-pro-evropu-ma-to-ale-hacek-142743\" title=\"Mitsuoka postavila svou Mazdu Corvette s \u0159\u00edzen\u00edm pro Evropu, m\u00e1 to ale h\u00e1\u010dek\" rel=\"nofollow noopener\" target=\"_blank\">Mitsuoka postavila svou Mazdu Corvette s \u0159\u00edzen\u00edm pro Evropu, m\u00e1 to ale h\u00e1\u010dek<\/a><\/p>\n<p data-path-to-node=\"4\">Letos v listopadu se m\u00e1 p\u0159edstavit dal\u0161\u00ed model spole\u010dnosti s nebem nad hlavou, kter\u00fd pr\u00e1v\u011b na model Rock Star nav\u00e1\u017ee. Nov\u011b zve\u0159ejn\u011bn\u00e1 skica zadn\u00ed \u010d\u00e1sti toti\u017e definitivn\u011b potvrzuje, \u017ee se design\u00e9\u0159i spole\u010dnosti Mitsuoka Motor tentokr\u00e1t inspirovali ikonickou prvn\u00ed generac\u00ed stejn\u00e9ho modelu.<\/p>\n<p data-path-to-node=\"5\">Specificky verz\u00ed po roce v\u00fdroby 1958, kdy model Corvette dostal \u010dty\u0159i kulat\u00e9 sv\u011btlomety v p\u0159edn\u00ed \u010d\u00e1sti. Designov\u00e9 skici podepsal Takanori Aoki, tedy stejn\u00fd design\u00e9r, kter\u00fd stoj\u00ed za modely Himiko i Rock Star.<\/p>\n<p data-path-to-node=\"6\">Karoserie bude tak\u00e9 v tomto p\u0159\u00edpad\u011b nejv\u011bt\u0161\u00ed zm\u011bnou &#8211; krom\u011b kulat\u00fdch sv\u011btlomet\u016f nechyb\u00ed typick\u00e1 velk\u00e1 m\u0159\u00ed\u017eka chladi\u010de, bo\u010dn\u00ed \u017e\u00e1bry a dekor v kontrastn\u00ed barv\u011b nebo specificky tvarovan\u00e9 zadn\u00ed blatn\u00edky, kter\u00e9 plynule p\u0159ech\u00e1zej\u00ed do ladn\u011b spl\u00fdvaj\u00edc\u00ed zadn\u00ed \u010d\u00e1sti. Nechyb\u00ed ani typick\u00e9 chromovan\u00e9 n\u00e1razn\u00edky.<\/p>\n<p data-path-to-node=\"6\"><a class=\"article-card__image\" data-ac-image=\"\" href=\"https:\/\/www.auto.cz\/test-mazda-mx-5-skyactiv-g184-dekujeme-budes-nam-chybet-154072\" title=\"TEST Mazda MX-5 Skyactiv-G184 \u2013 D\u011bkujeme, bude\u0161 n\u00e1m chyb\u011bt\" rel=\"nofollow noopener\" target=\"_blank\"><img decoding=\"async\" alt=\"TEST Mazda MX-5 Skyactiv-G184 \u2013 D\u011bkujeme, bude\u0161 n\u00e1m chyb\u011bt\" title=\"TEST Mazda MX-5 Skyactiv-G184 \u2013 D\u011bkujeme, bude\u0161 n\u00e1m chyb\u011bt\" class=\"\" data-magazine=\"\" src=\"https:\/\/www.europesays.com\/cz\/wp-content\/uploads\/2026\/08\/1786135329_782_9202090.jpg\" loading=\"lazy\" style=\"aspect-ratio: 328 \/ 184\"\/><\/a><a class=\"article-card__title-link line-limit-3\" data-ac-title=\"\" href=\"https:\/\/www.auto.cz\/test-mazda-mx-5-skyactiv-g184-dekujeme-budes-nam-chybet-154072\" title=\"TEST Mazda MX-5 Skyactiv-G184 \u2013 D\u011bkujeme, bude\u0161 n\u00e1m chyb\u011bt\" rel=\"nofollow noopener\" target=\"_blank\">TEST Mazda MX-5 Skyactiv-G184 \u2013 D\u011bkujeme, bude\u0161 n\u00e1m chyb\u011bt<\/a><\/p>\n<p data-path-to-node=\"7\">Pod kapotou se pravd\u011bpodobn\u011b objev\u00ed atmosf\u00e9rick\u00fd \u010dty\u0159v\u00e1lcov\u00fd motor o objemu 2,0 litru, kter\u00fd u\u017e na evropsk\u00e9m trhu z nab\u00eddky modelu MX-5 bohu\u017eel zmizel. Disponuje v\u00fdkonem 135 kW (184 k) a na zadn\u00ed kola je p\u0159en\u00e1\u0161en prost\u0159ednictv\u00edm \u0161estistup\u0148ov\u00e9 manu\u00e1ln\u00ed nebo \u0161estistup\u0148ov\u00e9 automatick\u00e9 p\u0159evodovky.<\/p>\n<p data-path-to-node=\"8\">Mitsuoka ji\u017e d\u0159\u00edve sl\u00edbila, \u017ee bude nov\u00fd model odhalovat postupn\u011b a dal\u0161\u00edch detail\u016f bychom se m\u011bli do\u010dkat na soci\u00e1ln\u00edch s\u00edt\u00edch automobilky v z\u00e1\u0159\u00ed. Ofici\u00e1ln\u00ed odhalen\u00ed prob\u011bhne v listopadu, nen\u00ed zn\u00e1mo kde. V Japonsku se letos v listopadu \u017e\u00e1dn\u00e1 vhodn\u00e1 automobilov\u00e1 akce pro p\u0159edstaven\u00ed takov\u00e9ho modelu nekon\u00e1, p\u0159i\u010dem\u017e pokud tento nov\u00fd model bude n\u00e1sledovat sv\u00e9 p\u0159edch\u016fdce, jeho prodeje c\u00edl\u00ed prim\u00e1rn\u011b na japonsk\u00fd trh.<\/p>\n<p><img decoding=\"async\" src=\"https:\/\/www.europesays.com\/cz\/wp-content\/uploads\/2026\/08\/1786135331_87_retina.jpg\" alt=\"Video placeholder\" class=\"gvjp-video-placeholder\"\/><\/p>\n<p>\n\t\t\t\tMitsuoka Rock Star: P\u0159edstaven\u00ed retro roadsteru \u2022 Mitsuoka\n\t\t\t<\/p>\n<p data-path-to-node=\"9\">Zdroj: CarScoops<\/p>\n","protected":false},"excerpt":{"rendered":"Japonsk\u00e1 automobilka Mitsuoka chyst\u00e1 dal\u0161\u00ed ze sv\u00fdch osobit\u00fdch p\u0159estaveb Mazdy MX-5, tentokr\u00e1t inspirovanou legend\u00e1rn\u00edm Chevroletem Corvette prvn\u00ed generace.&hellip;\n","protected":false},"author":2,"featured_media":172160,"comment_status":"","ping_status":"","sticky":false,"template":"","format":"standard","meta":{"footnotes":"","_share_on_mastodon":"0"},"categories":[12],"tags":[67,68,12178,4531,38979,41963],"class_list":["post-172159","post","type-post","status-publish","format-standard","has-post-thumbnail","category-byznys","tag-business","tag-byznys","tag-kabriolet","tag-mazda-mx-5","tag-mitsuoka","tag-mitsuoka-himiko"],"share_on_mastodon":{"url":"https:\/\/pubeurope.com\/@cz\/117056173147748168","error":""},"_links":{"self":[{"href":"https:\/\/www.europesays.com\/cz\/wp-json\/wp\/v2\/posts\/172159","targetHints":{"allow":["GET"]}}],"collection":[{"href":"https:\/\/www.europesays.com\/cz\/wp-json\/wp\/v2\/posts"}],"about":[{"href":"https:\/\/www.europesays.com\/cz\/wp-json\/wp\/v2\/types\/post"}],"author":[{"embeddable":true,"href":"https:\/\/www.europesays.com\/cz\/wp-json\/wp\/v2\/users\/2"}],"replies":[{"embeddable":true,"href":"https:\/\/www.europesays.com\/cz\/wp-json\/wp\/v2\/comments?post=172159"}],"version-history":[{"count":0,"href":"https:\/\/www.europesays.com\/cz\/wp-json\/wp\/v2\/posts\/172159\/revisions"}],"wp:featuredmedia":[{"embeddable":true,"href":"https:\/\/www.europesays.com\/cz\/wp-json\/wp\/v2\/media\/172160"}],"wp:attachment":[{"href":"https:\/\/www.europesays.com\/cz\/wp-json\/wp\/v2\/media?parent=172159"}],"wp:term":[{"taxonomy":"category","embeddable":true,"href":"https:\/\/www.europesays.com\/cz\/wp-json\/wp\/v2\/categories?post=172159"},{"taxonomy":"post_tag","embeddable":true,"href":"https:\/\/www.europesays.com\/cz\/wp-json\/wp\/v2\/tags?post=172159"}],"curies":[{"name":"wp","href":"https:\/\/api.w.org\/{rel}","templated":true}]}}