{"id":172375,"date":"2026-08-08T05:47:17","date_gmt":"2026-08-08T05:47:17","guid":{"rendered":"https:\/\/www.europesays.com\/cz\/172375\/"},"modified":"2026-08-08T05:47:17","modified_gmt":"2026-08-08T05:47:17","slug":"pozar-v-rafinerii-slovnaft-v-bratislave-uz-byl-uhasen-uvedl-mluvci-firmy-3","status":"publish","type":"post","link":"https:\/\/www.europesays.com\/cz\/172375\/","title":{"rendered":"Po\u017e\u00e1r v rafinerii Slovnaft v Bratislav\u011b u\u017e byl uha\u0161en, uvedl mluv\u010d\u00ed firmy"},"content":{"rendered":"<p>&#13;<br \/>\n  Komer\u010dn\u00ed prezentace Aktual.: 7.08.2026 16:53&#13;<br \/>\n  Vyd\u00e1no: 7.08.2026, 14:23&#13;\n<\/p>\n<p class=\"big\" itemprop=\"description\">    Bratislava &#8211; V bratislavsk\u00e9 rafinerii Slovnaft dnes ho\u0159elo, slovenskou metropol\u00ed se \u0161\u00ed\u0159il hust\u00fd \u010dern\u00fd d\u00fdm. Budovami v okol\u00ed are\u00e1lu ot\u0159\u00e1sl v\u00fdbuch. Na m\u00edst\u011b zasahovali hasi\u010di, kte\u0159\u00ed lidi v okol\u00ed \u017e\u00e1dali, aby nevych\u00e1zeli ven a zav\u0159eli okna, informovala slovensk\u00e1 m\u00e9dia. Mluv\u010d\u00ed rafin\u00e9rie pozd\u011bji ozn\u00e1mil, \u017ee ho\u0159ela izolovan\u00e1 n\u00e1dr\u017e, po\u017e\u00e1r u\u017e byl prakticky uha\u0161en, nikdo nebyl zran\u011bn a v\u00fdroba ani okol\u00ed podniku nebylo ohro\u017een\u00e9.<\/p>\n<p>&#8222;Z m\u00edsta u\u017e prakticky nestoup\u00e1 d\u00fdm, neho\u0159\u00ed a za chvilku by to m\u011blo b\u00fdt \u00fapln\u011b uha\u0161en\u00e9 a stabilizovan\u00e9,&#8220; \u0159ekl mluv\u010d\u00ed Slovnaftu Anton Moln\u00e1r podle webu televizn\u00ed stanice Mark\u00edza. &#8222;Kr\u00e1tce po poledni do\u0161lo k naru\u0161en\u00ed jedn\u00e9 z n\u00e1dr\u017e\u00ed na ropn\u00e9 produkty v are\u00e1lu spole\u010dnosti Slovnaft. To zp\u016fsobilo n\u00e1sledn\u00e9 ho\u0159en\u00ed uskladn\u011bn\u00e9ho produktu,&#8220; uvedl. Dodal, \u017ee na dal\u0161\u00ed n\u00e1dr\u017ee \u010di jin\u00e9 jednotky se po\u017e\u00e1r neroz\u0161\u00ed\u0159il.<\/p>\n<p>Hasi\u010di podle serveru Aktuality.sk uvedli, \u017ee vzpl\u00e1la n\u00e1dr\u017e na topn\u00fd olej, kter\u00fd ho\u0159\u00ed, dokud \u00fapln\u011b nesho\u0159\u00ed. Co bylo p\u0159\u00ed\u010dinou, budou vy\u0161et\u0159ovat.<\/p>\n<p>Jedna ze \u010dten\u00e1\u0159ek Aktualit z bratislavsk\u00e9 m\u011bstsk\u00e9 \u010d\u00e1sti Podunajsk\u00e9 Biskupice uvedla, \u017ee sly\u0161ela v\u00fdbuch a c\u00edtila tlakovou vlnu, kdy\u017e le\u017eela na posteli p\u0159i usp\u00e1v\u00e1n\u00ed d\u00edt\u011bte.<\/p>\n<p>Podobn\u00e9 hav\u00e1rie jsou v bratislavsk\u00e9 rafin\u00e9rii pom\u011brn\u011b vz\u00e1cn\u00e9. Naposledy k v\u00fdbuchu v are\u00e1lu Slovnaftu do\u0161lo v \u0159\u00edjnu 2014, kdy exploze v jednom z provoz\u016f zranila dva pracovn\u00edky, p\u0159ipomn\u011bl na sv\u00e9m webu list Pravda. Televize Mark\u00edza tehdy uvedla, \u017ee v\u00fdbuch nastal pot\u00e9, co d\u011bln\u00edci uvol\u0148ovali zreziv\u011bl\u00e9 \u0161rouby autogenem, tedy sva\u0159ovac\u00edm p\u0159\u00edstrojem. Velmi siln\u00e1 detonace ot\u0159\u00e1sla m\u011bstskou \u010dtvrt\u00ed i v lednu 2009, kdy vybuchl polyethyl\u00e9n v d\u016fsledku technick\u00e9 z\u00e1vady. V srpnu 2008 zasahovaly z\u00e1chrann\u00e9 slo\u017eky v podniku p\u0159i po\u017e\u00e1ru olejov\u00e9 trafostanice.<\/p>\n<p class=\"tags\">&#13;<br \/>\n<a href=\"https:\/\/www.ceskenoviny.cz\/tema\/slovensko\/43\" class=\"tag blue\" itemprop=\"about\" rel=\"tag nofollow noopener\" target=\"_blank\">Slovensko<\/a>&#13;<br \/>\n&#13;<br \/>\n&#13;<br \/>\n&#13;<br \/>\n<a href=\"https:\/\/www.ceskenoviny.cz\/tema\/ropa\/389\" class=\"tag blue\" itemprop=\"about\" rel=\"tag nofollow noopener\" target=\"_blank\">ropa<\/a>&#13;<br \/>\n&#13;<br \/>\n&#13;<br \/>\n&#13;<br \/>\n<a href=\"https:\/\/www.ceskenoviny.cz\/tema\/pozar\/324\" class=\"tag blue\" itemprop=\"about\" rel=\"tag nofollow noopener\" target=\"_blank\">po\u017e\u00e1r<\/a>&#13;<br \/>\n&#13;<br \/>\n&#13;<br \/>\n&#13;<br \/>\n<a href=\"https:\/\/www.ceskenoviny.cz\/tema\/slovnaft\/1481\" class=\"tag blue\" itemprop=\"about\" rel=\"tag nofollow noopener\" target=\"_blank\">Slovnaft<\/a>&#13;<br \/>\n&#13;<br \/>\n&#13;<br \/>\n&#13;<br \/>\n<a href=\"https:\/\/www.ceskenoviny.cz\/tema\/firmy\/1142\" class=\"tag blue\" itemprop=\"about\" rel=\"tag nofollow noopener\" target=\"_blank\">firmy<\/a>&#13;<br \/>\n&#13;<br \/>\n&#13;<br \/>\n&#13;<br \/>\n<a href=\"https:\/\/www.ceskenoviny.cz\/tema\/fles\/1719\" class=\"tag blue\" itemprop=\"about\" rel=\"tag nofollow noopener\" target=\"_blank\">FLE\u0160<\/a>&#13;<br \/>\n&#13;<br \/>\n&#13;<br \/>\n&#13;<br \/>\n &#13;<\/p>\n","protected":false},"excerpt":{"rendered":"&#13; Komer\u010dn\u00ed prezentace Aktual.: 7.08.2026 16:53&#13; Vyd\u00e1no: 7.08.2026, 14:23&#13; Bratislava &#8211; V bratislavsk\u00e9 rafinerii Slovnaft dnes ho\u0159elo, slovenskou&hellip;\n","protected":false},"author":2,"featured_media":172376,"comment_status":"","ping_status":"","sticky":false,"template":"","format":"standard","meta":{"footnotes":"","_share_on_mastodon":"0"},"categories":[10],"tags":[302,304,305,303,1197,1428,17,21,16,735,205,45,8639,18,19,22,20],"class_list":["post-172375","post","type-post","status-publish","format-standard","has-post-thumbnail","category-zpravy","tag-ceskenoviny-cz","tag-cn","tag-cn-cz","tag-ctk","tag-firmy","tag-fles","tag-headlines","tag-hlavni-udalosti","tag-news","tag-pozar","tag-ropa","tag-slovensko","tag-slovnaft","tag-top-news","tag-top-stories","tag-udalosti-dne","tag-zpravy"],"share_on_mastodon":{"url":"https:\/\/pubeurope.com\/@cz\/117058315425977816","error":""},"_links":{"self":[{"href":"https:\/\/www.europesays.com\/cz\/wp-json\/wp\/v2\/posts\/172375","targetHints":{"allow":["GET"]}}],"collection":[{"href":"https:\/\/www.europesays.com\/cz\/wp-json\/wp\/v2\/posts"}],"about":[{"href":"https:\/\/www.europesays.com\/cz\/wp-json\/wp\/v2\/types\/post"}],"author":[{"embeddable":true,"href":"https:\/\/www.europesays.com\/cz\/wp-json\/wp\/v2\/users\/2"}],"replies":[{"embeddable":true,"href":"https:\/\/www.europesays.com\/cz\/wp-json\/wp\/v2\/comments?post=172375"}],"version-history":[{"count":0,"href":"https:\/\/www.europesays.com\/cz\/wp-json\/wp\/v2\/posts\/172375\/revisions"}],"wp:featuredmedia":[{"embeddable":true,"href":"https:\/\/www.europesays.com\/cz\/wp-json\/wp\/v2\/media\/172376"}],"wp:attachment":[{"href":"https:\/\/www.europesays.com\/cz\/wp-json\/wp\/v2\/media?parent=172375"}],"wp:term":[{"taxonomy":"category","embeddable":true,"href":"https:\/\/www.europesays.com\/cz\/wp-json\/wp\/v2\/categories?post=172375"},{"taxonomy":"post_tag","embeddable":true,"href":"https:\/\/www.europesays.com\/cz\/wp-json\/wp\/v2\/tags?post=172375"}],"curies":[{"name":"wp","href":"https:\/\/api.w.org\/{rel}","templated":true}]}}