{"id":172492,"date":"2026-08-08T08:13:10","date_gmt":"2026-08-08T08:13:10","guid":{"rendered":"https:\/\/www.europesays.com\/cz\/172492\/"},"modified":"2026-08-08T08:13:10","modified_gmt":"2026-08-08T08:13:10","slug":"oporu-sparty-vabi-brazilsky-gigant-z-letne-prisla-jasna-odpoved","status":"publish","type":"post","link":"https:\/\/www.europesays.com\/cz\/172492\/","title":{"rendered":"Oporu Sparty v\u00e1b\u00ed brazilsk\u00fd gigant, z\u00a0Letn\u00e9 p\u0159i\u0161la jasn\u00e1 odpov\u011b\u010f"},"content":{"rendered":"<p class=\"b_bF\">O 24let\u00e9ho rychlonoh\u00e9ho univerz\u00e1la se zaj\u00edm\u00e1 brazilsk\u00fd gigant Vasco da Gama, informoval novin\u00e1\u0159 Vene Casagrande. Na Letnou m\u011bla dorazit nab\u00eddka ve v\u00fd\u0161i 7\u00a0milion\u016f eur, tedy kolem 150\u00a0milion\u016f korun, a\u00a0za pades\u00e1tiprocentn\u00ed pod\u00edl, Spart\u011b by tedy pat\u0159ila druh\u00e1 polovina p\u0159i dal\u0161\u00edm prodeji.<\/p>\n<p class=\"b_bF\">Zdroje Sport.cz potvrzuj\u00ed jak zasl\u00e1n\u00ed nab\u00eddky, tak fakt, \u017ee Leten\u0161t\u00ed ji rychle odm\u00edtli. Mercado zkr\u00e1tka klub v\u00a0aktu\u00e1ln\u00edm p\u0159estupov\u00e9m obdob\u00ed neopust\u00ed.<\/p>\n<p lang=\"pt\" dir=\"ltr\">Empres\u00e1rio de John Mercado, Andr\u00e9 Cury confirmou que o Vasco fez proposta pelo atacante, e o Sparta Praha recusou. A oferta foi para comprar 50% dos direitos do atleta de 24 anos. <a href=\"https:\/\/t.co\/rWegs90V8k\" rel=\"nofollow\">https:\/\/t.co\/rWegs90V8k<\/a><\/p>\n<p>\u2014 Ven\u00ea Casagrande (@venecasagrande) <a href=\"https:\/\/x.com\/venecasagrande\/status\/2085805524654674294?ref_src=twsrc%5Etfw\" rel=\"nofollow\">August 7, 2026<\/a><\/p>\n<p class=\"b_bF\">Nen\u00ed se co divit. Sparta m\u00e1 v\u00fdborn\u011b rozehran\u00e9 3.\u00a0p\u0159edkolo Ligy mistr\u016f, kdy\u017e doma porazila Lyon 2:1\u00a0a\u00a0v \u00fater\u00fd se ve Francii porve o\u00a0postup d\u00e1l. Hlavn\u011b ale v\u00a0nejbli\u017e\u0161\u00edch dnech patrn\u011b ztrat\u00ed dv\u011b ofenzivn\u00ed esa.<\/p>\n<p class=\"b_bF\">Prim\u00e1rn\u011b jde o\u00a0kapit\u00e1na Luk\u00e1\u0161e Harasl\u00edna, jen\u017e m\u00e1 nam\u00ed\u0159eno do Sa\u00fadsk\u00e9 Ar\u00e1bie. Na odchodu je rovn\u011b\u017e Jan Kuchta, favoritem na jeho zisk je polsk\u00e1 Legia Var\u0161ava.<\/p>\n<p class=\"b_bF\">Mercado by byl dal\u0161\u00ed citelnou ztr\u00e1tou. Kdy\u017e m\u00e1 den, je rozd\u00edlov\u00fdm hr\u00e1\u010dem v\u00a0\u010desk\u00e9 lize i\u00a0na evropsk\u00e9 \u00farovni. Dok\u00e1\u017ee zahr\u00e1t i\u00a0lev\u00e9ho krajn\u00edho obr\u00e1nce, daleko l\u00e9pe se v\u0161ak c\u00edt\u00ed na k\u0159\u00eddle, kde je rozhodn\u011b nebezpe\u010dn\u011bj\u0161\u00ed.<\/p>\n<p><a data-dot=\"atm-link\" target=\"_self\" href=\"https:\/\/www.sport.cz\/clanek\/fotbal-ceska-1-liga-kapitan-sparty-je-na-odchodu-do-saudske-arabie-5512059\" class=\"b_V g_ia\" rel=\"nofollow noopener\"><img fetchpriority=\"high\" height=\"2730\" width=\"3641\" src=\"https:\/\/www.europesays.com\/cz\/wp-content\/uploads\/2026\/08\/1786176790_608_8bf4.jpeg\" loading=\"eager\" decoding=\"sync\" class=\"b_B b_z\"\/><\/a><\/p>\n","protected":false},"excerpt":{"rendered":"O 24let\u00e9ho rychlonoh\u00e9ho univerz\u00e1la se zaj\u00edm\u00e1 brazilsk\u00fd gigant Vasco da Gama, informoval novin\u00e1\u0159 Vene Casagrande. Na Letnou m\u011bla&hellip;\n","protected":false},"author":2,"featured_media":172493,"comment_status":"","ping_status":"","sticky":false,"template":"","format":"standard","meta":{"footnotes":"","_share_on_mastodon":"0"},"categories":[15],"tags":[1198,1212,1177,326,4792,94,93],"class_list":["post-172492","post","type-post","status-publish","format-standard","has-post-thumbnail","category-sport","tag-ac-sparta-praha","tag-brazilie","tag-chance-liga-fotbal","tag-fotbal","tag-john-mercado","tag-sport","tag-sports"],"share_on_mastodon":{"url":"https:\/\/pubeurope.com\/@cz\/117058890334130011","error":""},"_links":{"self":[{"href":"https:\/\/www.europesays.com\/cz\/wp-json\/wp\/v2\/posts\/172492","targetHints":{"allow":["GET"]}}],"collection":[{"href":"https:\/\/www.europesays.com\/cz\/wp-json\/wp\/v2\/posts"}],"about":[{"href":"https:\/\/www.europesays.com\/cz\/wp-json\/wp\/v2\/types\/post"}],"author":[{"embeddable":true,"href":"https:\/\/www.europesays.com\/cz\/wp-json\/wp\/v2\/users\/2"}],"replies":[{"embeddable":true,"href":"https:\/\/www.europesays.com\/cz\/wp-json\/wp\/v2\/comments?post=172492"}],"version-history":[{"count":0,"href":"https:\/\/www.europesays.com\/cz\/wp-json\/wp\/v2\/posts\/172492\/revisions"}],"wp:featuredmedia":[{"embeddable":true,"href":"https:\/\/www.europesays.com\/cz\/wp-json\/wp\/v2\/media\/172493"}],"wp:attachment":[{"href":"https:\/\/www.europesays.com\/cz\/wp-json\/wp\/v2\/media?parent=172492"}],"wp:term":[{"taxonomy":"category","embeddable":true,"href":"https:\/\/www.europesays.com\/cz\/wp-json\/wp\/v2\/categories?post=172492"},{"taxonomy":"post_tag","embeddable":true,"href":"https:\/\/www.europesays.com\/cz\/wp-json\/wp\/v2\/tags?post=172492"}],"curies":[{"name":"wp","href":"https:\/\/api.w.org\/{rel}","templated":true}]}}