{"id":172599,"date":"2026-08-08T09:42:08","date_gmt":"2026-08-08T09:42:08","guid":{"rendered":"https:\/\/www.europesays.com\/cz\/172599\/"},"modified":"2026-08-08T09:42:08","modified_gmt":"2026-08-08T09:42:08","slug":"exkluzivni-pruzkum-vetsina-cechu-se-obava-eskalace-valky-na-ukrajine-az-na-volice-spd","status":"publish","type":"post","link":"https:\/\/www.europesays.com\/cz\/172599\/","title":{"rendered":"Exkluzivn\u00ed pr\u016fzkum: V\u011bt\u0161ina \u010cech\u016f se ob\u00e1v\u00e1 eskalace v\u00e1lky na Ukrajin\u011b. A\u017e na voli\u010de SPD"},"content":{"rendered":"<p class=\"c_bB\">Nejv\u00edce se ob\u00e1vaj\u00ed voli\u010di opozice\u00a0\u2013 Pir\u00e1t\u016f, Spolu a\u00a0STAN. T\u00e9m\u011b\u0159 shodn\u011b se eskalace v\u00e1lky na Ukrajin\u011b ob\u00e1v\u00e1 u\u00a0ka\u017ed\u00e9 z\u00a0t\u011bchto stran sedm z\u00a0deseti voli\u010d\u016f. U\u00a0sympatizant\u016f Motorist\u016f a\u00a0hnut\u00ed ANO je to zhruba polovina.<\/p>\n<p class=\"c_bB\">Voli\u010di SPD jsou jedinou skupinou, v\u00a0n\u00ed\u017e p\u0159eva\u017euj\u00ed lid\u00e9, kte\u0159\u00ed se eskalace neboj\u00ed. Tento n\u00e1zor sd\u00edl\u00ed 49\u00a0procent z\u00a0nich, p\u0159i\u010dem\u017e obavy vyjad\u0159uje jen 35\u00a0procent sympatizant\u016f hnut\u00ed.<\/p>\n<p class=\"c_bB\">Podle politologa Otty Eibla jednotliv\u00e9 voli\u010dsk\u00e9 skupiny konflikt na Ukrajin\u011b zasazuj\u00ed do odli\u0161n\u00fdch p\u0159\u00edb\u011bh\u016f o\u00a0tom, jak sv\u011bt funguje a\u00a0odkud p\u0159ich\u00e1z\u00ed nebezpe\u010d\u00ed.<\/p>\n<p class=\"c_bB\">\u201eU SPD je Rusko dlouhodob\u011b vykreslov\u00e1no jako m\u00e9n\u011b bezprost\u0159edn\u00ed hrozba. Strana naopak zd\u016fraz\u0148uje riziko, \u017ee pomoc Ukrajin\u011b zat\u00e1hne \u010cesko do v\u00e1lky. Vy\u0161\u0161\u00ed v\u00fddaje na obranu, dal\u0161\u00ed dod\u00e1vky zbran\u00ed \u010di v\u011bt\u0161\u00ed zapojen\u00ed NATO proto jej\u00ed voli\u010di nemus\u00ed vn\u00edmat jako pos\u00edlen\u00ed bezpe\u010dnosti, ale jako p\u0159ibli\u017eov\u00e1n\u00ed konfliktu,\u201c konstatoval pro Novinky expert z\u00a0Masarykovy univerzity.<\/p>\n<p class=\"c_bB\">SPD nav\u00edc podle n\u011bj dlouhodob\u011b pou\u017e\u00edv\u00e1 n\u011bkter\u00e9 narativy kompatibiln\u00ed s\u00a0ruskou propagandou a\u00a0jej\u00ed sou\u010dasn\u00e1 politika v\u016f\u010di Ukrajin\u011b je v\u00fdrazn\u011b omezen\u011bj\u0161\u00ed ne\u017e politika p\u0159edchoz\u00ed vl\u00e1dy.<\/p>\n<p class=\"c_bB\">\u201eNen\u00ed proto p\u0159ekvapiv\u00e9, \u017ee jej\u00ed voli\u010di vn\u00edmaj\u00ed samotnou ruskou hrozbu jinak,\u201c dodal Eibl.<\/p>\n<p class=\"c_bB\">U voli\u010d\u016f Spolu, STAN a\u00a0Pir\u00e1t\u016f je pak situace t\u00e9m\u011b\u0159 zrcadlov\u00e1. Bezpe\u010dnost \u010ceska spojuj\u00ed s\u00a0\u010dlenstv\u00edm v\u00a0EU a\u00a0NATO, spoluprac\u00ed se z\u00e1padn\u00edmi spojenci a\u00a0podporou Ukrajiny. <\/p>\n<p class=\"c_bB\">\u201eBabi\u0161ova vl\u00e1da ale tento kurz znejistila, kdy\u017e sn\u00ed\u017eila pl\u00e1novan\u00e9 obrann\u00e9 v\u00fddaje, omezila \u010d\u00e1st pomoci Ukrajin\u011b a\u00a0vedla mimo\u0159\u00e1dn\u011b vyhrocen\u00fd spor s\u00a0prezidentem o\u00a0zastupov\u00e1n\u00ed zem\u011b na summitu NATO,\u201c vysv\u011btlil politolog.<\/p>\n<p class=\"c_bB\">Pro voli\u010de, kte\u0159\u00ed pova\u017euj\u00ed pevn\u00e9 ukotven\u00ed \u010ceska na Z\u00e1pad\u011b za jednu ze z\u00e1kladn\u00edch bezpe\u010dnostn\u00edch pojistek, to podle n\u011bj m\u016f\u017ee b\u00fdt samo o\u00a0sob\u011b zdrojem nejistoty.<\/p>\n<p class=\"c_bB\">\u201eTito voli\u010di se proto nemusej\u00ed ob\u00e1vat n\u011bjak\u00e9ho bezprost\u0159edn\u011bj\u0161\u00edho nebezpe\u010d\u00ed. Sp\u00ed\u0161e mohou m\u00edt pocit, \u017ee pojistky, kter\u00e9 p\u0159ed t\u00edmto nebezpe\u010d\u00edm chr\u00e1n\u00ed, u\u017e nejsou tak samoz\u0159ejm\u00e9 jako d\u0159\u00edve,\u201c dodal.<\/p>\n<p>Voli\u010di ANO: Rusko je hrozba, ale v\u00fddaje na obranu sta\u010d\u00ed<\/p>\n<p class=\"c_bB\">Odli\u0161n\u00e9 vn\u00edm\u00e1n\u00ed hrozby doprov\u00e1z\u00ed tak\u00e9 rozd\u00edln\u00e9 hodnocen\u00ed, zda vl\u00e1da investuje dostatek pen\u011bz na obranu. T\u0159i \u010dtvrtiny voli\u010d\u016f SPD, z\u00a0nich\u017e se eskalace ob\u00e1v\u00e1 jen p\u0159ibli\u017en\u011b t\u0159etina, pova\u017euj\u00ed sou\u010dasn\u00e9 obrann\u00e9 v\u00fddaje za dostate\u010dn\u00e9. Mezi voli\u010di Spolu, z\u00a0nich\u017e m\u00e1 obavy sedm z\u00a0deseti voli\u010d\u016f, zast\u00e1v\u00e1 stejn\u00fd n\u00e1zor pouze deset procent.<\/p>\n<p class=\"c_bB\">\u201eZaj\u00edmav\u00e9 je, \u017ee i\u00a0skupiny, kter\u00e9 si mysl\u00ed, \u017ee obrann\u00e9 v\u00fddaje st\u00e1tu jsou dostate\u010dn\u00e9, nap\u0159\u00edklad voli\u010di ANO, se roz\u0161\u00ed\u0159en\u00ed konfliktu za hranice Ukrajiny ob\u00e1vaj\u00ed,\u201c komentovala pro Novinky Tereza Friedrichov\u00e1, politick\u00e1 analyti\u010dka NMS.<\/p>\n<p class=\"c_bB\">\u201ePravd\u011bpodobn\u011b doufaj\u00ed, \u017ee konflikt se v\u00a0takov\u00e9m p\u0159\u00edpad\u011b \u010cesku i\u00a0spojenc\u016fm NATO vyhne,\u201c doplnila.<\/p>\n<p>Anketa<\/p>\n<p>Ob\u00e1v\u00e1te se roz\u0161\u00ed\u0159en\u00ed rusk\u00e9 v\u00e1lky na Ukrajin\u011b na dal\u0161\u00ed oblasti?<\/p>\n<p>Celkem<br \/>\n\t\t\t\thlasovalo<br \/>\n\t\t\t\t1055<br \/>\n\t\t\t\t\u010dten\u00e1\u0159\u016f.<\/p>\n<p class=\"c_bB\">Podle Eibla je situace voli\u010d\u016f ANO specifick\u00e1. Hnut\u00ed toti\u017e dlouhodob\u011b up\u0159ednost\u0148uje konkr\u00e9tn\u00ed dom\u00e1c\u00ed pot\u0159eby, jako je zdravotnictv\u00ed, d\u016fchody nebo ve\u0159ejn\u00e9 slu\u017eby. A\u00a0to na \u00fakor  zahrani\u010dn\u00edch z\u00e1vazk\u016f v\u016f\u010di spojenc\u016fm. <\/p>\n<p class=\"c_bB\">\u201eJejich postoj proto nemus\u00ed znamenat, \u017ee Rusko nepova\u017euj\u00ed za hrozbu, ale sp\u00ed\u0161e \u017ee na obranu u\u017e podle nich \u010cesko d\u00e1v\u00e1 dost a\u00a0dal\u0161\u00ed pen\u00edze pot\u0159ebuje doma. Mohou se tedy ob\u00e1vat eskalace v\u00e1lky a\u00a0p\u0159esto odm\u00edtat dal\u0161\u00ed zvy\u0161ov\u00e1n\u00ed obrann\u00fdch v\u00fddaj\u016f,\u201c uzav\u0159el Eibl.<\/p>\n<p class=\"c_bB\">Pro srovn\u00e1n\u00ed, podle pr\u016fzkumu NMS pro Pam\u011b\u0165 n\u00e1roda se v\u00a0roce 2024\u00a0eskalace b\u00e1ly dv\u011b t\u0159etiny \u010cech\u016f. A\u00a0pod\u00edl lid\u00ed, kte\u0159\u00ed se rozhodn\u011b neboj\u00ed, se podle stejn\u00e9ho \u0161et\u0159en\u00ed od t\u00e9 doby zdvojn\u00e1sobil. Z\u00a0p\u011bti procent na deset.<\/p>\n<p><a data-dot=\"atm-link\" target=\"_self\" href=\"https:\/\/www.novinky.cz\/clanek\/domaci-exkluzivni-pruzkum-nejvyraznejsim-opozicnim-politikem-je-prezident-pavel-druhy-je-paradoxne-premier-babis-40591509\" class=\"c_N\" rel=\"nofollow noopener\"><img fetchpriority=\"high\" height=\"720\" width=\"1280\" src=\"https:\/\/www.europesays.com\/cz\/wp-content\/uploads\/2026\/08\/1786182128_922_politik-graf.jpeg\" loading=\"eager\" decoding=\"sync\" class=\"c_t c_r\"\/><\/a><\/p>\n","protected":false},"excerpt":{"rendered":"Nejv\u00edce se ob\u00e1vaj\u00ed voli\u010di opozice\u00a0\u2013 Pir\u00e1t\u016f, Spolu a\u00a0STAN. T\u00e9m\u011b\u0159 shodn\u011b se eskalace v\u00e1lky na Ukrajin\u011b ob\u00e1v\u00e1 u\u00a0ka\u017ed\u00e9 z\u00a0t\u011bchto&hellip;\n","protected":false},"author":2,"featured_media":172600,"comment_status":"","ping_status":"","sticky":false,"template":"","format":"standard","meta":{"footnotes":"","_share_on_mastodon":"0"},"categories":[10],"tags":[9985,17,21,16,1005,18,19,22,56,20],"class_list":["post-172599","post","type-post","status-publish","format-standard","has-post-thumbnail","category-zpravy","tag-eskalace","tag-headlines","tag-hlavni-udalosti","tag-news","tag-pruzkum","tag-top-news","tag-top-stories","tag-udalosti-dne","tag-valka-rusko-ukrajina","tag-zpravy"],"share_on_mastodon":{"url":"https:\/\/pubeurope.com\/@cz\/117059240017929637","error":""},"_links":{"self":[{"href":"https:\/\/www.europesays.com\/cz\/wp-json\/wp\/v2\/posts\/172599","targetHints":{"allow":["GET"]}}],"collection":[{"href":"https:\/\/www.europesays.com\/cz\/wp-json\/wp\/v2\/posts"}],"about":[{"href":"https:\/\/www.europesays.com\/cz\/wp-json\/wp\/v2\/types\/post"}],"author":[{"embeddable":true,"href":"https:\/\/www.europesays.com\/cz\/wp-json\/wp\/v2\/users\/2"}],"replies":[{"embeddable":true,"href":"https:\/\/www.europesays.com\/cz\/wp-json\/wp\/v2\/comments?post=172599"}],"version-history":[{"count":0,"href":"https:\/\/www.europesays.com\/cz\/wp-json\/wp\/v2\/posts\/172599\/revisions"}],"wp:featuredmedia":[{"embeddable":true,"href":"https:\/\/www.europesays.com\/cz\/wp-json\/wp\/v2\/media\/172600"}],"wp:attachment":[{"href":"https:\/\/www.europesays.com\/cz\/wp-json\/wp\/v2\/media?parent=172599"}],"wp:term":[{"taxonomy":"category","embeddable":true,"href":"https:\/\/www.europesays.com\/cz\/wp-json\/wp\/v2\/categories?post=172599"},{"taxonomy":"post_tag","embeddable":true,"href":"https:\/\/www.europesays.com\/cz\/wp-json\/wp\/v2\/tags?post=172599"}],"curies":[{"name":"wp","href":"https:\/\/api.w.org\/{rel}","templated":true}]}}