{"id":172633,"date":"2026-08-08T10:21:13","date_gmt":"2026-08-08T10:21:13","guid":{"rendered":"https:\/\/www.europesays.com\/cz\/172633\/"},"modified":"2026-08-08T10:21:13","modified_gmt":"2026-08-08T10:21:13","slug":"cesky-golman-za-stovky-milionu-prestup-z-united-idealni-volba-rika","status":"publish","type":"post","link":"https:\/\/www.europesays.com\/cz\/172633\/","title":{"rendered":"\u010cesk\u00fd g\u00f3lman za stovky milion\u016f. P\u0159estup z\u00a0United? Ide\u00e1ln\u00ed volba, \u0159\u00edk\u00e1"},"content":{"rendered":"<p class=\"b_bF\">V\u00edtek byl kmenov\u00fdm hr\u00e1\u010dem United od roku 2020, velkou \u010d\u00e1st obdob\u00ed ale str\u00e1vil na hostov\u00e1n\u00ed. Uplynul\u00fd poveden\u00fd ro\u010dn\u00edk obl\u00e9kal dres Bristolu City, te\u010f definitivn\u011b p\u0159estupuje. Middlesbrough po\u0161le podle zahrani\u010dn\u00edch m\u00e9di\u00ed do Manchesteru p\u016fvodn\u011b 7\u00a0milion\u016f liber (t\u00e9m\u011b\u0159 200\u00a0milion\u016f korun), \u010d\u00e1stka se ale m\u016f\u017ee a\u017e zdvojn\u00e1sobit. Rud\u00ed \u010f\u00e1blov\u00e9 rovn\u011b\u017e maj\u00ed pr\u00e1vo na zp\u011btn\u00fd odkup.<\/p>\n<p class=\"b_bF\">\u201eZ\u00e1jem trval cel\u00e9 l\u00e9to, \u0159e\u0161ily se r\u016fzn\u00e9 formy m\u00e9ho p\u016fsoben\u00ed. I\u00a0d\u00edky transfer\u016fm, kter\u00e9 se Middlesbrough poda\u0159ilo realizovat, n\u00e1sledn\u011b zatla\u010dili na mo\u017enost permanentn\u00edho p\u0159estupu a\u00a0na\u0161li s\u00a0United spole\u010dnou \u0159e\u010d. Up\u0159\u00edmn\u011b, nebylo o\u00a0\u010dem p\u0159em\u00fd\u0161let. S\u00a0lidmi z\u00a0agentury SPORT INVEST jsme pl\u00e1novali ka\u017ed\u00fd m\u016fj krok a\u00a0ambici\u00f3zn\u00ed t\u00fdm ze \u0161pi\u010dky Championship n\u00e1m vych\u00e1zel jako ide\u00e1ln\u00ed volba. Jde o\u00a0tradi\u010dn\u00ed klub se skv\u011bl\u00fdmi fanou\u0161ky a\u00a0po\u010d\u00edn\u00e1n\u00ed na p\u0159estupov\u00e9m trhu dokazuje, jak\u00e9 c\u00edle cel\u00e1 organizace m\u00e1,\u201c l\u00ed\u010d\u00ed V\u00edtek v\u00a0rozhovoru zaslan\u00e9m od zm\u00edn\u011bn\u00e9 agentury.<\/p>\n<p><a data-dot=\"atm-link\" target=\"_self\" href=\"https:\/\/www.sport.cz\/clanek\/fotbal-premier-league-cesky-golman-opousti-manchester-united-5511719\" class=\"b_V g_ia\" rel=\"nofollow noopener\"><img fetchpriority=\"high\" height=\"2238\" width=\"2985\" src=\"https:\/\/www.europesays.com\/cz\/wp-content\/uploads\/2026\/08\/1786184472_222_sport-fotbal-bristol-vitek.jpeg\" loading=\"eager\" decoding=\"sync\" class=\"b_B b_z\"\/><\/a><\/p>\n<p class=\"b_bF\">Z\u00e1jemc\u016f o\u00a0jeho slu\u017eby bylo pr\u00fd v\u00edce i\u00a0mimo Anglii, s\u00e1m cht\u011bl ale setrvat na Ostrovech. Z\u00e1sadn\u00ed pro n\u011bj pak bylo, aby pravideln\u011b chytal, co\u017e mu\u00a0sportovn\u00ed veden\u00ed United nemohlo zaru\u010dit.<\/p>\n<p class=\"b_bF\">\u201eJsem \u0161\u0165astn\u00fd, jak cel\u00e1 situace dopadla. Nebudu lh\u00e1t, bylo n\u00e1ro\u010dn\u00e9 se soust\u0159edit na b\u011b\u017enou pr\u00e1ci. Jedna v\u011bc jsou osobn\u00ed z\u00e1le\u017eitosti, kdy jsem nap\u0159\u00edklad hledal nov\u00e9 bydlen\u00ed v\u00a0Manchesteru bez jistoty, na jak dlouho, z\u00e1sadn\u00ed je ale sportovn\u00ed str\u00e1nka,\u201c zd\u016fraz\u0148uje V\u00edtek.<\/p>\n<p class=\"b_bF\">Popisuje, \u017ee ho akademie United formovala jako hr\u00e1\u010de i\u00a0\u010dlov\u011bka, \u017ee v\u00a0n\u00ed z\u00edskal p\u0159\u00e1tele na cel\u00fd \u017eivot: \u201eJsem hrd\u00fd, \u017ee jsem byl sou\u010d\u00e1st\u00ed t\u00e9to organizace.\u201c<\/p>\n<p class=\"b_bF\">Te\u010f u\u017e se ale pln\u011b soust\u0159ed\u00ed na nov\u00e9 anga\u017em\u00e1. Middlesbrough dob\u0159e zn\u00e1, v\u00a0minul\u00e9 sezon\u011b proti n\u011bmu nastoupil jako g\u00f3lman Bristolu.<\/p>\n<p><a data-dot=\"atm-link\" target=\"_self\" href=\"https:\/\/www.sport.cz\/clanek\/fotbal-ceska-1-liga-hornicek-vydela-pardubicim-balik-prijde-historicky-nejvyssi-castka-priznava-sef-klubu-5511707\" class=\"b_V g_ia\" rel=\"nofollow noopener\"><img height=\"414\" width=\"552\" src=\"https:\/\/www.europesays.com\/cz\/wp-content\/uploads\/2026\/08\/1786184473_775_sport-fotbal-pardubice.jpeg\" loading=\"eager\" decoding=\"sync\" class=\"b_B b_z\"\/><\/a><\/p>\n<p class=\"b_bF\">\u201eVybavuji si z\u00e1pas z\u00a0b\u0159ezna. Dom\u00e1c\u00ed byli v\u00a0tabulce naho\u0159e a\u00a0dokazovali kvalitu. Byli lep\u0161\u00ed, m\u011bli spoustu \u0161anc\u00ed. Vyrovnali jsme t\u011bsn\u011b p\u0159ed koncem, \u0161lo o\u00a0velmi cenn\u00fd bod. Utk\u00e1n\u00ed se mi povedlo a\u00a0kdo v\u00ed\u00a0\u2013 t\u0159eba pr\u00e1v\u011b tady se za\u010dal rodit jejich z\u00e1jem o\u00a0m\u016fj p\u0159\u00edchod,\u201c p\u0159em\u00edt\u00e1 V\u00edtek.<\/p>\n<p class=\"b_bF\">A co \u0159\u00edk\u00e1 na \u010d\u00e1stku, jakou za n\u011bj klub zaplatil?<\/p>\n<p class=\"b_bF\">\u201eSp\u00ed\u0161e m\u011b to motivuje. Je mi 22, sna\u017e\u00edm se zlep\u0161ovat ka\u017ed\u00fd den. Pevn\u011b v\u011b\u0159\u00edm, \u017ee klubu vr\u00e1t\u00edm d\u016fv\u011bru i\u00a0vlo\u017een\u00e9 prost\u0159edky. P\u0159estupov\u00e1 \u010d\u00e1stka m\u011b nesvazuje a\u00a0ani to tak b\u00fdt nem\u016f\u017ee. To bych fotbal na t\u00e9to \u00farovni jednodu\u0161e nemohl hr\u00e1t,\u201c hl\u00e1s\u00ed.<\/p>\n<p>Pohled \u0161\u00e9fa fotbalov\u00e9 sekce agentury SPORT INVEST Viktora Kol\u00e1\u0159e \u201eRadek je uk\u00e1zkou toho, kam hr\u00e1\u010de vede pracovitost, poctivost a c\u00edlev\u011bdomost. N\u00e1ro\u010dn\u00e9 anglick\u00e9 prost\u0159ed\u00ed obrovsky sedlo, dok\u00e1zal se mu v\u00fdkonnostn\u011b i ment\u00e1ln\u011b stoprocentn\u011b p\u0159izp\u016fsobit. Ani te\u010f nen\u00ed zdaleka v c\u00edli a velmi dob\u0159e si to uv\u011bdomuje. P\u0159ich\u00e1z\u00ed do obrovsky ambici\u00f3zn\u00ed a konkuren\u010dn\u00ed organizace, kter\u00e1 o jeho p\u0159\u00edchod dlouhodob\u011b usilovala. Maj\u00ed ho skv\u011ble p\u0159e\u010dten\u00e9ho a pevn\u011b v\u011b\u0159\u00ed, \u017ee Radek bude jedn\u00edm ze z\u00e1kladn\u00edch d\u00edl\u016f dlouhodob\u011b \u00fasp\u011b\u0161n\u00e9ho projektu. Middlesbrough d\u011bl\u00e1 v\u0161e pro to, aby v kr\u00e1tk\u00e9m v\u00fdhledu dok\u00e1zalo postoupit a p\u0159edev\u0161\u00edm se za\u0159adit mezi stabiln\u00ed celky Premier League. Radek dostane d\u016fv\u011bru i velkou m\u00edru odpov\u011bdnosti. Jsem p\u0159esv\u011bd\u010den, \u017ee je skv\u011ble p\u0159ipraven.\u201c<a data-dot=\"atm-link\" target=\"_self\" href=\"https:\/\/www.sport.cz\/clanek\/fotbal-premier-league-cesky-golman-opet-zazaril-v-anglii-ma-na-premier-league-rika-jeho-respektovany-trener-5432348\" class=\"b_V g_ia\" rel=\"nofollow noopener\"><img fetchpriority=\"high\" height=\"2238\" width=\"2985\" src=\"https:\/\/www.europesays.com\/cz\/wp-content\/uploads\/2026\/08\/1786184472_222_sport-fotbal-bristol-vitek.jpeg\" loading=\"eager\" decoding=\"sync\" class=\"b_B b_z\"\/><\/a><\/p>\n","protected":false},"excerpt":{"rendered":"V\u00edtek byl kmenov\u00fdm hr\u00e1\u010dem United od roku 2020, velkou \u010d\u00e1st obdob\u00ed ale str\u00e1vil na hostov\u00e1n\u00ed. Uplynul\u00fd poveden\u00fd ro\u010dn\u00edk&hellip;\n","protected":false},"author":2,"featured_media":172634,"comment_status":"","ping_status":"","sticky":false,"template":"","format":"standard","meta":{"footnotes":"","_share_on_mastodon":"0"},"categories":[15],"tags":[2110,326,4190,41601,18111,94,42046,93],"class_list":["post-172633","post","type-post","status-publish","format-standard","has-post-thumbnail","category-sport","tag-anglie","tag-fotbal","tag-manchester-united-fc","tag-middlesbrough","tag-radek-vitek","tag-sport","tag-sport-invest","tag-sports"],"share_on_mastodon":{"url":"https:\/\/pubeurope.com\/@cz\/117059392837500507","error":""},"_links":{"self":[{"href":"https:\/\/www.europesays.com\/cz\/wp-json\/wp\/v2\/posts\/172633","targetHints":{"allow":["GET"]}}],"collection":[{"href":"https:\/\/www.europesays.com\/cz\/wp-json\/wp\/v2\/posts"}],"about":[{"href":"https:\/\/www.europesays.com\/cz\/wp-json\/wp\/v2\/types\/post"}],"author":[{"embeddable":true,"href":"https:\/\/www.europesays.com\/cz\/wp-json\/wp\/v2\/users\/2"}],"replies":[{"embeddable":true,"href":"https:\/\/www.europesays.com\/cz\/wp-json\/wp\/v2\/comments?post=172633"}],"version-history":[{"count":0,"href":"https:\/\/www.europesays.com\/cz\/wp-json\/wp\/v2\/posts\/172633\/revisions"}],"wp:featuredmedia":[{"embeddable":true,"href":"https:\/\/www.europesays.com\/cz\/wp-json\/wp\/v2\/media\/172634"}],"wp:attachment":[{"href":"https:\/\/www.europesays.com\/cz\/wp-json\/wp\/v2\/media?parent=172633"}],"wp:term":[{"taxonomy":"category","embeddable":true,"href":"https:\/\/www.europesays.com\/cz\/wp-json\/wp\/v2\/categories?post=172633"},{"taxonomy":"post_tag","embeddable":true,"href":"https:\/\/www.europesays.com\/cz\/wp-json\/wp\/v2\/tags?post=172633"}],"curies":[{"name":"wp","href":"https:\/\/api.w.org\/{rel}","templated":true}]}}