{"id":172939,"date":"2026-08-08T16:15:13","date_gmt":"2026-08-08T16:15:13","guid":{"rendered":"https:\/\/www.europesays.com\/cz\/172939\/"},"modified":"2026-08-08T16:15:13","modified_gmt":"2026-08-08T16:15:13","slug":"nemohou-za-to-kde-se-narodily-detem-veznu-dava-tabor-sanci-na-lepsi-zivot","status":"publish","type":"post","link":"https:\/\/www.europesays.com\/cz\/172939\/","title":{"rendered":"\u201eNemohou za to, kde se narodily.\u201c D\u011btem v\u011bz\u0148\u016f d\u00e1v\u00e1 t\u00e1bor \u0161anci na lep\u0161\u00ed \u017eivot"},"content":{"rendered":"<p class=\"e_bX\">Na prvn\u00ed pohled to vypad\u00e1 jako klasick\u00fd t\u00e1bor. Are\u00e1lem v\u00a0jesenick\u00fdch les\u00edch se oz\u00fdv\u00e1 k\u0159ik a\u00a0v\u00fdsk\u00e1n\u00ed. Po poledn\u00edm klidu n\u011bkter\u00e9 skupinky d\u011bt\u00ed hraj\u00ed fotbal, jin\u00e9 sed\u00ed na dece a\u00a0pov\u00eddaj\u00ed si s\u00a0vedouc\u00edmi. Dal\u0161\u00ed pob\u00edhaj\u00ed kolem baz\u00e9nu, p\u016fsob\u00ed spokojen\u011b.<\/p>\n<p class=\"e_bX\">Za letn\u00ed idylkou se ale \u010dasto skr\u00fdvaj\u00ed t\u011b\u017ek\u00e9 p\u0159\u00edb\u011bhy. \u201eMnoh\u00e9 z\u00a0d\u011bt\u00ed za\u017eily n\u011bco, co by nem\u011bly za\u017e\u00edvat &#8211; n\u011bjak\u00e1 traumata, kter\u00e1 si nesou a\u00a0maj\u00ed na n\u011b dal\u0161\u00ed vliv,\u201c \u0159\u00edk\u00e1 sm\u011brem k\u00a0dov\u00e1d\u011bj\u00edc\u00edm d\u011btem \u017daneta Dvo\u0159\u00e1\u010dkov\u00e1, jedna z\u00a0vedouc\u00edch.<\/p>\n<p class=\"e_bX\">Je z\u00e1rove\u0148 z\u00e1stupkyn\u00ed \u0159editelky Mezin\u00e1rodn\u00edho v\u011bze\u0148sk\u00e9ho spole\u010denstv\u00ed (MVS). Na takzvan\u00e9m And\u011blsk\u00e9m kempu toti\u017e d\u011bti spojuje zku\u0161enost s\u00a0t\u00edm, \u017ee maj\u00ed\u00a0rodi\u010de ve v\u011bzen\u00ed.<\/p>\n<p class=\"e_bX\">\u201eU mnoh\u00fdch nebylo uv\u011bzn\u011bn\u00ed rodi\u010de jedin\u00fdm probl\u00e9mem. \u010casto rodina \u00fapln\u011b nefunguje, je soci\u00e1ln\u011b slab\u0161\u00ed nebo je n\u011bkdo z\u00a0n\u00ed t\u0159eba z\u00e1visl\u00fd na alkoholu, drog\u00e1ch. Hodn\u011b d\u011bt\u00ed m\u00e1 zku\u0161enost s\u00a0n\u011bjakou formou n\u00e1sil\u00ed,\u201c popisuje Dvo\u0159\u00e1\u010dkov\u00e1.<\/p>\n<p class=\"e_bX\">Jedn\u00edm z\u00a0t\u011bchto d\u011bt\u00ed je i\u00a0patn\u00e1ctilet\u00fd Filip. Na t\u00e1bo\u0159e je podev\u00e1t\u00e9, letos mu spole\u010dnost d\u011blaj\u00ed i\u00a0dva mlad\u0161\u00ed sourozenci. \u201eKdy\u017e jsem tady byl d\u0159\u00edv, byl jsem takov\u00fd men\u0161\u00ed nerv\u00e1k. Vedouc\u00ed m\u011b hodn\u011b nau\u010dili b\u00fdt v\u00a0klidu a\u00a0pom\u00e1hali mi, abych v\u011bci tolik ne\u0159e\u0161il,\u201c p\u0159izn\u00e1v\u00e1 otev\u0159en\u011b. Jm\u00e9na \u00fa\u010dastn\u00edk\u016f redakce kv\u016fli jejich ochran\u011b zm\u011bnila.<\/p>\n<p><img fetchpriority=\"high\" height=\"3072\"   width=\"4096\" src=\"https:\/\/www.europesays.com\/cz\/wp-content\/uploads\/2026\/08\/tabor.mpo.jpeg\" loading=\"eager\" decoding=\"sync\" class=\"e_aa e_Z\"\/>Foto: Daniela Kr\u00e1sensk\u00e1, Seznam Zpr\u00e1vy<\/p>\n<p class=\"e_bX\">Kv\u016fli tepl\u00e9mu po\u010das\u00ed nahradilo \u010d\u00e1st odpoledn\u00edho programu And\u011blsk\u00e9ho t\u00e1bora koup\u00e1n\u00ed v\u00a0baz\u00e9nu.<\/p>\n<p class=\"e_bX\">Filip se letos poprv\u00e9 zapojuje jako praktikant, tedy star\u0161\u00ed \u00fa\u010dastn\u00edk, kter\u00fd pom\u00e1h\u00e1 vedouc\u00edm s\u00a0organizac\u00ed programu. T\u011bch je na t\u00e1bo\u0159e 34\u00a0a\u00a0staraj\u00ed se o\u00a044\u00a0d\u011bt\u00ed p\u0159ev\u00e1\u017en\u011b \u0161koln\u00edho v\u011bku. D\u00edky tomu se jim mohou v\u011bnovat individu\u00e1ln\u011bji, nap\u0159\u00edklad kdy\u017e n\u011bkter\u00e9 z\u00a0nich tr\u00e1p\u00ed konflikt nebo pot\u0159ebuje vyslechnout.<\/p>\n<p class=\"e_bX\">\u201ePot\u0159ebuj\u00ed hlavn\u011b, aby si jich n\u011bkdo v\u0161\u00edmal, aby m\u011bly pocit, \u017ee tu nejsou zbyte\u010dn\u011b,\u201c \u0159\u00edk\u00e1 Filip s\u00a0t\u00edm, \u017ee d\u00edky vlastn\u00ed zku\u0161enosti m\u016f\u017ee \u00fa\u010dastn\u00edk\u016fm s\u00a0rodi\u010di ve v\u011bzen\u00ed rozum\u011bt l\u00e9pe.<\/p>\n<p class=\"e_bX\">D\u011bti sem v\u0161ak nejezd\u00ed jen mluvit o\u00a0sv\u00fdch bolestech a\u00a0tr\u00e1pen\u00edch, ale p\u0159edev\u0161\u00edm si odpo\u010dinout a\u00a0u\u017e\u00edt l\u00e9to v\u00a0p\u0159\u00e1telsk\u00e9m a\u00a0ch\u00e1pav\u00e9m prost\u0159ed\u00ed. Dost\u00e1v\u00e1 se jim zde toti\u017e n\u011b\u010deho, co jim v\u00a0b\u011b\u017en\u00e9m \u017eivot\u011b \u010dasto chyb\u00ed &#8211; pozornosti.<\/p>\n<p>Pomoc nekon\u010d\u00ed jedn\u00edm t\u00fddnem<\/p>\n<p class=\"e_bX\">V \u010cesku \u017eije podle odhad\u016f p\u0159ibli\u017en\u011b 30\u00a0tis\u00edc d\u011bt\u00ed, jejich\u017e rodi\u010d je ve v\u00fdkonu trestu. Kv\u016fli tomu se mohou setk\u00e1vat s\u00a0p\u0159edsudky okol\u00ed, vylou\u010den\u00edm z\u00a0kolektivu i\u00a0slo\u017eit\u011bj\u0161\u00ed soci\u00e1ln\u00ed a\u00a0ekonomickou situac\u00ed.<\/p>\n<p class=\"e_bX\">Riziko, \u017ee v\u00a0dosp\u011blosti samy skon\u010d\u00ed ve v\u011bzen\u00ed, je pak p\u011btkr\u00e1t a\u017e osmkr\u00e1t vy\u0161\u0161\u00ed ne\u017e u\u00a0ostatn\u00edch d\u011bt\u00ed. A\u00a0pr\u00e1v\u011b v\u00a0tom t\u00e1bor tak\u00e9 pom\u00e1h\u00e1. \u201eMy te\u010f ne\u0159e\u0161\u00edme rodi\u010de, ale d\u011bti, kter\u00e9 nemohou za to, do jak\u00e9 rodiny se narodily. Chceme jim d\u00e1t p\u0159\u00edle\u017eitost, aby m\u011bly dobrou budoucnost,\u201c zd\u016fraz\u0148uje \u017daneta Dvo\u0159\u00e1\u010dkov\u00e1.<\/p>\n<p class=\"e_bX\">Organizace se proto sna\u017e\u00ed rizik\u016fm spojen\u00fdm s\u00a0uv\u011bzn\u011bn\u00edm rodi\u010de p\u0159edch\u00e1zet podporou d\u011bt\u00ed i\u00a0cel\u00fdch rodin. Krom\u011b And\u011blsk\u00fdch t\u00e1bor\u016f po\u0159\u00e1d\u00e1 tak\u00e9 And\u011blsk\u00e9 kluby, Dream Academy nebo projekt Den s\u00a0d\u00edt\u011btem.<\/p>\n<p><img height=\"2731\"   width=\"4096\" src=\"https:\/\/www.europesays.com\/cz\/wp-content\/uploads\/2026\/08\/andelsky-tabor.mpo.jpeg\" loading=\"eager\" decoding=\"sync\" class=\"e_aa e_Z\"\/>Foto: Mezin\u00e1rodn\u00ed v\u011bze\u0148sk\u00e9 spole\u010denstv\u00ed, Seznam Zpr\u00e1vy<\/p>\n<p class=\"e_bX\">Momentka z\u00a0programu na And\u011blsk\u00e9m kempu.<\/p>\n<p class=\"e_bX\">And\u011blsk\u00e9 kluby nab\u00edzej\u00ed d\u011btem odsouzen\u00fdch rodi\u010d\u016f mimo\u0161koln\u00ed aktivity a\u00a0psychickou podporu. \u201eHodn\u011b se komunikuje, u\u010d\u00edme d\u011bcka komunikovat o\u00a0tom, co c\u00edt\u00ed, a\u00a0pom\u00e1h\u00e1me jim porozum\u011bt tomu, co se v\u00a0nich d\u011bje,\u201c \u0159\u00edk\u00e1 procesn\u00ed mana\u017eerka MVS Bla\u017eena Kotrsov\u00e1.<\/p>\n<p class=\"e_bX\">Dream Academy se zam\u011b\u0159uje na dosp\u00edvaj\u00edc\u00ed a\u00a0pom\u00e1h\u00e1 jim nap\u0159\u00edklad s\u00a0v\u00fdb\u011brem budouc\u00edho povol\u00e1n\u00ed a\u00a0seberozvojem. \u201eChceme, aby vid\u011bli, \u017ee mohou p\u0159ekonat to, \u017ee maj\u00ed t\u00e1tu nebo m\u00e1mu ve v\u011bzen\u00ed, a\u00a0j\u00edt si za t\u00edm, \u010d\u00edm cht\u011bj\u00ed b\u00fdt,\u201c vysv\u011btluje Kotrsov\u00e1.<\/p>\n<p class=\"e_bX\">Projekt Den s\u00a0d\u00edt\u011btem zase umo\u017e\u0148uje rodin\u00e1m str\u00e1vit cel\u00fd den s\u00a0odsouzen\u00fdm rodi\u010dem p\u0159i spole\u010dn\u00fdch hr\u00e1ch a\u00a0dal\u0161\u00edch aktivit\u00e1ch a\u00a0pos\u00edlit tak jejich vztah nad r\u00e1mec kr\u00e1tk\u00fdch n\u00e1v\u0161t\u011bv ve v\u011bznici. Sou\u010d\u00e1st\u00ed je tak\u00e9 poradenstv\u00ed, kter\u00e9 rodin\u00e1m pom\u00e1h\u00e1 zvl\u00e1dat dopady v\u011bzn\u011bn\u00ed a\u00a0p\u0159ipravit se na n\u00e1vrat rodi\u010de dom\u016f.<\/p>\n<p class=\"e_bX\">Spole\u010denstv\u00ed z\u00e1rove\u0148 poskytuje potravinovou pomoc rodin\u00e1m v\u00a0t\u00ed\u017eiv\u00e9 finan\u010dn\u00ed situaci a\u00a0pom\u00e1h\u00e1 jim nap\u0159\u00edklad s\u00a0dou\u010dov\u00e1n\u00edm, bydlen\u00edm nebo jedn\u00e1n\u00edm s\u00a0\u00fa\u0159ady. \u201eSna\u017e\u00edme se b\u00fdt nejen pro d\u011bti, ale i\u00a0pro rodinu, proto\u017ee vn\u00edm\u00e1me, \u017ee \u010d\u00edm stabiln\u011bj\u0161\u00ed a\u00a0bezpe\u010dn\u011bj\u0161\u00ed rodina, t\u00edm l\u00e9pe se bude da\u0159it d\u011btem,\u201c popisuje z\u00e1stupkyn\u011b \u0159editelky MVS \u017daneta Dvo\u0159\u00e1\u010dkov\u00e1.<\/p>\n<p><img height=\"3072\"   width=\"4096\" src=\"https:\/\/www.europesays.com\/cz\/wp-content\/uploads\/2026\/08\/1786205712_607_tabor.mpo.jpeg\" loading=\"eager\" decoding=\"sync\" class=\"e_aa e_Z\"\/>Foto: Daniela Kr\u00e1sensk\u00e1, Seznam Zpr\u00e1vy<\/p>\n<p class=\"e_bX\">Z\u00e1stupkyn\u011b \u0159editelky MVS \u017daneta Dvo\u0159\u00e1\u010dkov\u00e1.<\/p>\n<p>Syst\u00e9m si jich za\u010d\u00edn\u00e1 v\u0161\u00edmat<\/p>\n<p class=\"e_bX\">Postaven\u00ed d\u011bt\u00ed v\u011bzn\u011bn\u00fdch rodi\u010d\u016f se podle Dvo\u0159\u00e1\u010dkov\u00e9 v\u00a0posledn\u00edch letech postupn\u011b zlep\u0161uje. D\u0159\u00edve o\u00a0nich MVS mluvilo jako o \u201ezapomenut\u00fdch\u201c nebo \u201eneviditeln\u00fdch\u201c, jejich pot\u0159eby se v\u0161ak nyn\u00ed \u010dast\u011bji dost\u00e1vaj\u00ed do pozornosti \u00fa\u0159ad\u016f.<\/p>\n<p class=\"e_bX\">P\u0159i vl\u00e1d\u011b vznikla i\u00a0pracovn\u00ed skupina zam\u011b\u0159en\u00e1 na jejich podporu, pos\u00edlila spolupr\u00e1ce V\u011bze\u0148sk\u00e9 slu\u017eby s\u00a0ministerstvy a\u00a0resort spravedlnosti vydal metodiku pro pracovn\u00edky org\u00e1n\u016f soci\u00e1ln\u011b-pr\u00e1vn\u00ed ochrany d\u011bt\u00ed.<\/p>\n<p class=\"e_bX\">Podpora v\u0161ak podle Dvo\u0159\u00e1\u010dkov\u00e9 st\u00e1le z\u00e1vis\u00ed p\u0159edev\u0161\u00edm na neziskov\u00fdch organizac\u00edch a\u00a0chyb\u00ed j\u00ed stabiln\u00ed financov\u00e1n\u00ed. Jedin\u00fd dota\u010dn\u00ed titul, z\u00a0n\u011bho\u017e mohou organizace \u010derpat p\u0159\u00edmo na pomoc rodin\u00e1m odsouzen\u00fdch, letos p\u016fvodn\u011b nebyl vyps\u00e1n.<\/p>\n<p class=\"e_bX\">Po jedn\u00e1n\u00edch ministerstvo pen\u00edze uvolnilo, dostupn\u00e1 \u010d\u00e1stka v\u0161ak byla ni\u017e\u0161\u00ed ne\u017e v\u00a0p\u0159edchoz\u00edch letech. \u201eOhro\u017euje to p\u0159\u00edmou pr\u00e1ci s\u00a0d\u011btmi. Kdybychom museli propou\u0161t\u011bt, mohli bychom se v\u011bnovat men\u0161\u00edmu po\u010dtu z\u00a0nich,\u201c upozor\u0148uje Dvo\u0159\u00e1\u010dkov\u00e1.<\/p>\n<p><img height=\"2731\"   width=\"4096\" src=\"https:\/\/www.europesays.com\/cz\/wp-content\/uploads\/2026\/08\/1786205713_67_andelsky-tabor.mpo.jpeg\" loading=\"eager\" decoding=\"sync\" class=\"e_aa e_Z\"\/>Foto: Mezin\u00e1rodn\u00ed v\u011bze\u0148sk\u00e9 spole\u010denstv\u00ed, Seznam Zpr\u00e1vy<\/p>\n<p class=\"e_bX\">Na t\u00e1bo\u0159e si \u00fa\u010dastn\u00edci vyzkou\u0161\u00ed workshopy i\u00a0hry.<\/p>\n<p>\u201eM\u016f\u017eeme mluvit o\u00a0na\u0161ich probl\u00e9mech\u201c<\/p>\n<p class=\"e_bX\">Vliv na d\u011bti p\u0159itom z\u00e1stupci v\u011bze\u0148sk\u00e9ho spole\u010denstv\u00ed vid\u00ed dennodenn\u011b. Filip popisuje, jak mu t\u00e1bor, And\u011blsk\u00fd klub i\u00a0Dream Academy pomohly l\u00e9pe komunikovat s\u00a0ostatn\u00edmi. \u201eM\u016f\u017eeme s\u00a0vedouc\u00edmi norm\u00e1ln\u011b mluvit o\u00a0na\u0161ich probl\u00e9mech. V\u0161echno n\u00e1m vysv\u011btl\u00ed a\u00a0promluv\u00ed si s\u00a0n\u00e1mi,\u201c \u0159\u00edk\u00e1.<\/p>\n<p class=\"e_bX\">Letos se Filip sna\u017e\u00ed podobnou podporu nab\u00eddnout mlad\u0161\u00edm d\u011btem. V\u011bt\u0161inu z\u00a0nich zn\u00e1 z\u00a0p\u0159edchoz\u00edch t\u00e1bor\u016f nebo celoro\u010dn\u00edch aktivit a\u00a0n\u011bkter\u00e9 se mu sv\u011b\u0159uj\u00ed se sv\u00fdmi probl\u00e9my. S\u00e1m se nyn\u00ed pokou\u0161\u00ed d\u011blat to, co pro n\u011bj v\u00a0minulosti d\u011blali star\u0161\u00ed vedouc\u00ed. \u201eCht\u011bl jsem u\u017e tak\u00e9 pom\u00e1hat s\u00a0hrami a\u00a0d\u00e1vat svoje n\u00e1pady vedouc\u00edm,\u201c vysv\u011btluje.<\/p>\n<p class=\"e_bX\">Pomoc d\u011btem ale nemus\u00ed m\u00edt v\u017edy podobu v\u00e1\u017en\u00fdch rozhovor\u016f. \u010casto spo\u010d\u00edv\u00e1 i\u00a0v tom, \u017ee si s\u00a0nimi n\u011bkdo zahraje fotbal, v\u011bnuje jim \u010das nebo jim p\u0159iprav\u00ed program, p\u0159i kter\u00e9m mohou na sv\u00e9 starosti alespo\u0148 na chv\u00edli zapomenout.<\/p>\n<p>Basket, tanec i\u00a0prostor ke sv\u011b\u0159ov\u00e1n\u00ed<\/p>\n<p class=\"e_bX\">Vedle sportu je ka\u017ed\u00fd den \u010dekaj\u00ed tak\u00e9 v\u00fdlety, workshopy a\u00a0dal\u0161\u00ed spole\u010dn\u00e9 aktivity. Pr\u00e1v\u011b workshopy si obl\u00edbila Jana, kter\u00e1 na t\u00e1bor jezd\u00ed opakovan\u011b. \u201eJe to \u010das, kdy m\u00e1\u0161 ur\u010ditou v\u011bc, kterou d\u011bl\u00e1\u0161, a\u00a0m\u016f\u017ee\u0161 si naj\u00edt t\u0159eba nov\u00fd kon\u00ed\u010dek,\u201c vysv\u011btluje redaktor\u016fm. B\u011bhem jednoho ze sportovn\u00edch workshop\u016f si p\u0159ed n\u011bkolika lety vyzkou\u0161ela basketbal, kter\u00e9mu se v\u011bnuje dodnes.<\/p>\n<p class=\"e_bX\">U\u00a0Kl\u00e1ry a\u00a0B\u00e1ry letos zv\u00edt\u011bzil tane\u010dn\u00ed workshop. \u201eN\u00e1s stra\u0161n\u011b bav\u00ed tancov\u00e1n\u00ed,\u201c shoduj\u00ed se. Tanci se v\u011bnuj\u00ed tak\u00e9 b\u011bhem roku a\u00a0na ve\u010dern\u00edm talentov\u00e9m vystoupen\u00ed cht\u011bj\u00ed spole\u010dn\u011b p\u0159edv\u00e9st nacvi\u010denou sestavu.<\/p>\n<p><img height=\"2731\"   width=\"4096\" src=\"https:\/\/www.europesays.com\/cz\/wp-content\/uploads\/2026\/08\/1786205713_823_andelsky-tabor.mpo.jpeg\" loading=\"eager\" decoding=\"sync\" class=\"e_aa e_Z\"\/>Foto: Mezin\u00e1rodn\u00ed v\u011bze\u0148sk\u00e9 spole\u010denstv\u00ed, Seznam Zpr\u00e1vy<\/p>\n<p class=\"e_bX\">D\u011bti si na And\u011blsk\u00e9m t\u00e1bo\u0159e zkou\u0161ej\u00ed tane\u010dn\u00ed sestavu b\u011bhem jednoho z\u00a0workshop\u016f.<\/p>\n<p class=\"e_bX\">Z\u00e1bavn\u00fd program dopl\u0148uj\u00ed klidn\u011bj\u0161\u00ed aktivity zam\u011b\u0159en\u00e9 na to, co d\u011bti pro\u017e\u00edvaj\u00ed. Jednou z\u00a0nich je takzvan\u00fd Duch\u00e1\u010d, p\u0159i n\u011bm\u017e prost\u0159ednictv\u00edm p\u0159\u00edb\u011bh\u016f, rozhovor\u016f a\u00a0her p\u0159em\u00fd\u0161lej\u00ed nap\u0159\u00edklad o\u00a0\u00fazkostech a\u00a0o tom, jak podobn\u00e9 situace zvl\u00e1dat.<\/p>\n<p class=\"e_bX\">\u201eM\u00e1me kr\u00e1tk\u00e9 p\u0159\u00edb\u011bhy a\u00a0potom \u0159\u00edk\u00e1me, co jsme v\u00a0nich vid\u011bly, a\u00a0pov\u00edd\u00e1me si o\u00a0tom,\u201c popisuj\u00ed Kl\u00e1ra s\u00a0B\u00e1rou. Podle d\u00edvek jim rady vedouc\u00edch u\u017e n\u011bkolikr\u00e1t pomohly a\u00a0neboj\u00ed se jim sv\u011b\u0159it i\u00a0se sv\u00fdmi probl\u00e9my.<\/p>\n<p class=\"e_bX\">Pr\u00e1v\u011b dlouhodob\u00fd vztah s\u00a0jedn\u00edm dosp\u011bl\u00fdm m\u016f\u017ee podle Dvo\u0159\u00e1\u010dkov\u00e9 ovlivnit dal\u0161\u00ed sm\u011b\u0159ov\u00e1n\u00ed d\u00edt\u011bte. \u201eN\u011bkdy sta\u010dil jeden dosp\u011bl\u00fd nebo jeden okam\u017eik, kter\u00fd je zm\u011bnil a\u00a0nasm\u011broval. Sta\u010dil n\u011bkdo podp\u016frn\u00fd, kdo je povzbudil a\u00a0v\u011b\u0159il jim,\u201c upozor\u0148uje.<\/p>\n<p class=\"e_bX\">Podobnou zku\u0161enost popisuje tak\u00e9 Jana, kter\u00e1 se s\u00a0vedouc\u00edmi setk\u00e1v\u00e1 b\u011bhem roku v\u00a0And\u011blsk\u00e9m klubu. \u201eNejv\u00edce cen\u00edm, \u017ee si ti vedouc\u00ed na n\u00e1s najdou \u010das. \u017de prost\u011b m\u00edsto toho, aby byli t\u0159eba s\u00a0rodinou, tak si \u0159eknou: \u201aHej, jdu na klub\u00edk.\u2018 Prost\u011b \u017ee je to takov\u00e9 hezk\u00e9,\u201c mysl\u00ed si.<\/p>\n<p class=\"e_bX\">Zat\u00edmco si na ve\u010dern\u00ed talentov\u00e9 vystoupen\u00ed p\u0159ipravuje zp\u011bv a\u00a0kr\u00e1tkou sc\u00e9nku, Kl\u00e1ra s\u00a0B\u00e1rou je\u0161t\u011b nacvi\u010duj\u00ed tane\u010dn\u00ed sestavu. Pro d\u011bti je to b\u011b\u017en\u00fd t\u00e1borov\u00fd ve\u010der. Pr\u00e1v\u011b mo\u017enost na chv\u00edli odlo\u017eit probl\u00e9my spojen\u00e9 s\u00a0uv\u011bzn\u011bn\u00edm rodi\u010de a\u00a0jednodu\u0161e si u\u017e\u00edt l\u00e9to je jedn\u00edm z\u00a0hlavn\u00edch smysl\u016f And\u011blsk\u00e9ho kempu.<\/p>\n","protected":false},"excerpt":{"rendered":"Na prvn\u00ed pohled to vypad\u00e1 jako klasick\u00fd t\u00e1bor. Are\u00e1lem v\u00a0jesenick\u00fdch les\u00edch se oz\u00fdv\u00e1 k\u0159ik a\u00a0v\u00fdsk\u00e1n\u00ed. Po poledn\u00edm klidu&hellip;\n","protected":false},"author":2,"featured_media":172940,"comment_status":"","ping_status":"","sticky":false,"template":"","format":"standard","meta":{"footnotes":"","_share_on_mastodon":"0"},"categories":[7],"tags":[43,42,41,40,24497,1624],"class_list":["post-172939","post","type-post","status-publish","format-standard","has-post-thumbnail","category-cesko","tag-ceska-republika","tag-cesko","tag-czech-republic","tag-czechia","tag-detsky-tabor","tag-vezeni"],"share_on_mastodon":{"url":"https:\/\/pubeurope.com\/@cz\/117060785112468687","error":""},"_links":{"self":[{"href":"https:\/\/www.europesays.com\/cz\/wp-json\/wp\/v2\/posts\/172939","targetHints":{"allow":["GET"]}}],"collection":[{"href":"https:\/\/www.europesays.com\/cz\/wp-json\/wp\/v2\/posts"}],"about":[{"href":"https:\/\/www.europesays.com\/cz\/wp-json\/wp\/v2\/types\/post"}],"author":[{"embeddable":true,"href":"https:\/\/www.europesays.com\/cz\/wp-json\/wp\/v2\/users\/2"}],"replies":[{"embeddable":true,"href":"https:\/\/www.europesays.com\/cz\/wp-json\/wp\/v2\/comments?post=172939"}],"version-history":[{"count":0,"href":"https:\/\/www.europesays.com\/cz\/wp-json\/wp\/v2\/posts\/172939\/revisions"}],"wp:featuredmedia":[{"embeddable":true,"href":"https:\/\/www.europesays.com\/cz\/wp-json\/wp\/v2\/media\/172940"}],"wp:attachment":[{"href":"https:\/\/www.europesays.com\/cz\/wp-json\/wp\/v2\/media?parent=172939"}],"wp:term":[{"taxonomy":"category","embeddable":true,"href":"https:\/\/www.europesays.com\/cz\/wp-json\/wp\/v2\/categories?post=172939"},{"taxonomy":"post_tag","embeddable":true,"href":"https:\/\/www.europesays.com\/cz\/wp-json\/wp\/v2\/tags?post=172939"}],"curies":[{"name":"wp","href":"https:\/\/api.w.org\/{rel}","templated":true}]}}