{"id":173083,"date":"2026-08-08T18:37:09","date_gmt":"2026-08-08T18:37:09","guid":{"rendered":"https:\/\/www.europesays.com\/cz\/173083\/"},"modified":"2026-08-08T18:37:09","modified_gmt":"2026-08-08T18:37:09","slug":"jihoceska-vodni-elektrarna-korensko-prochazi-nejvetsi-modernizaci-ve-sve-historii","status":"publish","type":"post","link":"https:\/\/www.europesays.com\/cz\/173083\/","title":{"rendered":"Jiho\u010desk\u00e1 vodn\u00ed elektr\u00e1rna Ko\u0159ensko proch\u00e1z\u00ed nejv\u011bt\u0161\u00ed modernizac\u00ed ve sv\u00e9 historii"},"content":{"rendered":"<p class=\"c_bB\">\u201eZa v\u00edce ne\u017e sto milion\u016f korun vym\u011b\u0148ujeme turb\u00edny, instalujeme nov\u00e9 gener\u00e1tory a\u00a0\u0159\u00eddic\u00ed syst\u00e9my. Provoz vodn\u00ed elektr\u00e1rny bude ekologi\u010dt\u011bj\u0161\u00ed, ale p\u0159edev\u0161\u00edm efektivn\u011bj\u0161\u00ed, proto\u017ee soustroj\u00ed budou schopna vyu\u017e\u00edt polovi\u010dn\u00ed pr\u016ftoky oproti dne\u0161ku,\u201c uvedl \u0159editel vodn\u00edch elektr\u00e1ren \u010cEZ R\u00f3bert Heczko.<\/p>\n<p class=\"c_bB\">Vodn\u00ed elektr\u00e1rnu Ko\u0159ensko poh\u00e1n\u00ed dv\u011b Kaplanovy turb\u00edny. Do kompletn\u00ed v\u00fdm\u011bny stroj\u016f se pustili technici loni na ja\u0159e, kdy demontovali prvn\u00ed soustroj\u00ed.<\/p>\n<p class=\"c_bB\">\u201eAktu\u00e1ln\u011b prob\u00edh\u00e1 zp\u011btn\u00e1 mont\u00e1\u017e nov\u00fdch hlavn\u00edch \u010d\u00e1st\u00ed, tedy ob\u011b\u017en\u00e9ho kola turb\u00edny a\u00a0gener\u00e1toru. V\u00a0pr\u016fb\u011bhu srpna se odstav\u00ed i\u00a0druh\u00e9 ze soustroj\u00ed vodn\u00ed elektr\u00e1rny, kter\u00e9 jinak po dobu oprav prvn\u00edho soustroj\u00ed i\u00a0nad\u00e1le m\u011bn\u00ed energii Vltavy v\u00a0bezemisn\u00ed elekt\u0159inu,\u201c dodal Heczko s\u00a0t\u00edm, \u017ee ob\u011b \u010d\u00e1sti vodn\u00ed elektr\u00e1rny Ko\u0159ensko budou v\u00a0pln\u00e9m provozu p\u0159\u00ed\u0161t\u00ed rok.<\/p>\n<p><a data-dot=\"atm-link\" target=\"_self\" href=\"https:\/\/www.novinky.cz\/clanek\/veda-skoly-na-kleti-hlidaji-nocni-vesmir-lide-tu-zjisti-jak-casto-nas-bombarduji-asteroidy-40590716\" class=\"c_N\" rel=\"nofollow noopener\"><img fetchpriority=\"high\" height=\"2160\" width=\"3840\" src=\"https:\/\/www.europesays.com\/cz\/wp-content\/uploads\/2026\/08\/1786214228_429_jizni-cechy-observator-klet-astronomove-asteroidy.jpeg\" loading=\"eager\" decoding=\"sync\" class=\"c_t c_r\"\/><\/a><img height=\"827\"   width=\"1102\" src=\"https:\/\/www.europesays.com\/cz\/wp-content\/uploads\/2026\/08\/jizni-cechy-vodni-elektrarna-korensko-modernizace.jpeg\" loading=\"eager\" decoding=\"sync\" class=\"c_t c_r\"\/>Foto: Novinky Lucie K\u00e1ndlov\u00e1<\/p>\n<p class=\"c_bB\">Vodn\u00ed d\u00edlo Ko\u0159ensko<\/p>\n<p class=\"c_bB\">\u010cEZ v\u00a0minul\u00fdch letech na Vltavsk\u00e9 kask\u00e1d\u011b zmodernizoval tak\u00e9 elektr\u00e1rny Lipno I, Slapy, Vran\u00e9 a\u00a0Kam\u00fdk. <\/p>\n<p class=\"c_bB\">\u201eElektr\u00e1rny Vltavsk\u00e9 kask\u00e1dy jsou jako celek kl\u00ed\u010dov\u00fdm prvkem \u010desk\u00e9 hydroenergetiky. Vyr\u00e1b\u00ed bezemisn\u00ed elekt\u0159inu pro stovky tis\u00edc dom\u00e1cnost\u00ed. Po dokon\u010den\u00ed prac\u00ed na vodn\u00ed elektr\u00e1rn\u011b Ko\u0159ensko a\u00a0Lipno II dot\u00e1hneme obnovu Hn\u011bvkovic a\u00a0zmodernizujeme tak\u00e9 elektr\u00e1rny \u0160t\u011bchovice a\u00a0Orl\u00edk,\u201c zm\u00ednil \u0159editel divize klasick\u00e1 energetika \u010cEZ Pavel \u0160le\u0161ka.<\/p>\n<p class=\"c_bB\">Za posledn\u00edch patn\u00e1ct let investoval \u010cEZ do v\u00edce ne\u017e dvaceti vodn\u00edch elektr\u00e1ren p\u0159es 4,5\u00a0miliardy korun. Opraven\u00e1 vodn\u00ed za\u0159\u00edzen\u00ed maj\u00ed celkov\u00fd v\u00fdkon p\u0159es 1400\u00a0MW, co\u017e je asi 75\u00a0procent v\u00fdkonu jadern\u00e9 elektr\u00e1rny Dukovany.<\/p>\n<p><img height=\"827\"   width=\"1102\" src=\"https:\/\/www.europesays.com\/cz\/wp-content\/uploads\/2026\/08\/1786214228_788_jizni-cechy-vodni-elektrarna-korensko-modernizace.jpeg\" loading=\"eager\" decoding=\"sync\" class=\"c_t c_r\"\/>Foto: Novinky Lucie K\u00e1ndlov\u00e1<\/p>\n<p class=\"c_bB\">Technici p\u0159i v\u00fdm\u011bn\u011b turb\u00edny<\/p>\n<p><a data-dot=\"atm-link\" target=\"_self\" href=\"https:\/\/www.novinky.cz\/clanek\/domaci-zpravy-stredocesky-kraj-na-orliku-vznikne-nova-unikatni-precerpavaci-elektrarna-za-8-miliard-40582537\" class=\"c_N\" rel=\"nofollow noopener\"><img height=\"1080\" width=\"1920\" src=\"https:\/\/www.europesays.com\/cz\/wp-content\/uploads\/2026\/08\/orlik-prehrada-elektrarna.jpeg\" loading=\"eager\" decoding=\"sync\" class=\"c_t c_r\"\/><\/a><\/p>\n","protected":false},"excerpt":{"rendered":"\u201eZa v\u00edce ne\u017e sto milion\u016f korun vym\u011b\u0148ujeme turb\u00edny, instalujeme nov\u00e9 gener\u00e1tory a\u00a0\u0159\u00eddic\u00ed syst\u00e9my. Provoz vodn\u00ed elektr\u00e1rny bude ekologi\u010dt\u011bj\u0161\u00ed,&hellip;\n","protected":false},"author":2,"featured_media":173084,"comment_status":"","ping_status":"","sticky":false,"template":"","format":"standard","meta":{"footnotes":"","_share_on_mastodon":"0"},"categories":[10],"tags":[17,21,1710,5455,16,18,19,22,15828,20],"class_list":["post-173083","post","type-post","status-publish","format-standard","has-post-thumbnail","category-zpravy","tag-headlines","tag-hlavni-udalosti","tag-jizni-cechy","tag-modernizace","tag-news","tag-top-news","tag-top-stories","tag-udalosti-dne","tag-vodni-elektrarna","tag-zpravy"],"share_on_mastodon":{"url":"https:\/\/pubeurope.com\/@cz\/117061343754436822","error":""},"_links":{"self":[{"href":"https:\/\/www.europesays.com\/cz\/wp-json\/wp\/v2\/posts\/173083","targetHints":{"allow":["GET"]}}],"collection":[{"href":"https:\/\/www.europesays.com\/cz\/wp-json\/wp\/v2\/posts"}],"about":[{"href":"https:\/\/www.europesays.com\/cz\/wp-json\/wp\/v2\/types\/post"}],"author":[{"embeddable":true,"href":"https:\/\/www.europesays.com\/cz\/wp-json\/wp\/v2\/users\/2"}],"replies":[{"embeddable":true,"href":"https:\/\/www.europesays.com\/cz\/wp-json\/wp\/v2\/comments?post=173083"}],"version-history":[{"count":0,"href":"https:\/\/www.europesays.com\/cz\/wp-json\/wp\/v2\/posts\/173083\/revisions"}],"wp:featuredmedia":[{"embeddable":true,"href":"https:\/\/www.europesays.com\/cz\/wp-json\/wp\/v2\/media\/173084"}],"wp:attachment":[{"href":"https:\/\/www.europesays.com\/cz\/wp-json\/wp\/v2\/media?parent=173083"}],"wp:term":[{"taxonomy":"category","embeddable":true,"href":"https:\/\/www.europesays.com\/cz\/wp-json\/wp\/v2\/categories?post=173083"},{"taxonomy":"post_tag","embeddable":true,"href":"https:\/\/www.europesays.com\/cz\/wp-json\/wp\/v2\/tags?post=173083"}],"curies":[{"name":"wp","href":"https:\/\/api.w.org\/{rel}","templated":true}]}}