{"id":173586,"date":"2026-08-09T10:47:20","date_gmt":"2026-08-09T10:47:20","guid":{"rendered":"https:\/\/www.europesays.com\/cz\/173586\/"},"modified":"2026-08-09T10:47:20","modified_gmt":"2026-08-09T10:47:20","slug":"husiove-zautocili-na-saudskou-rafinerii","status":"publish","type":"post","link":"https:\/\/www.europesays.com\/cz\/173586\/","title":{"rendered":"H\u00fas\u00edov\u00e9 za\u00fato\u010dili na sa\u00fadskou rafin\u00e9rii"},"content":{"rendered":"<p class=\"c_bB\">Dronov\u00fd \u00fader na rafin\u00e9rii, je\u017e denn\u011b zpracov\u00e1v\u00e1 p\u0159ibli\u017en\u011b 400\u00a0tis\u00edc barel\u016f ropy, pozd\u011bji potvrdil i\u00a0mluv\u010d\u00ed jemensk\u00fdch ozbrojen\u00fdch sil Jahj\u00e1 Sar\u00ed, uv\u00e1d\u00ed agentura <a data-dot=\"atm-link\" target=\"_blank\" rel=\"noopener nofollow\" href=\"https:\/\/www.reuters.com\/business\/energy\/fire-extinguished-aramco-facility-jizan-saudi-arabia-says-2026-08-09\/\" class=\"c_N\">Reuters<\/a>. Na stejnou rafin\u00e9rii u\u017e H\u00fas\u00edov\u00e9 za\u00fato\u010dili na konci \u010dervence. Ter\u010dem se jim ji\u017e stalo i\u00a0za\u0159\u00edzen\u00ed spole\u010dnosti Aramco v\u00a0Janb\u00fa.<\/p>\n<p class=\"c_bB\">H\u00fas\u00edov\u00e9, stejn\u011b jako dal\u0161\u00ed \u0161\u00editsk\u00e9 ozbrojen\u00e9 skupiny v\u00a0regionu, na Sa\u00fadskou Ar\u00e1bii za\u010dali \u00fato\u010dit po \u00fanorov\u00e9m zah\u00e1jen\u00ed americko-izraelsk\u00fdch \u00fader\u016f na \u00cdr\u00e1n. Ter\u010dem odvetn\u00fdch \u00fader\u016f \u00cdr\u00e1nu a\u00a0jeho spojenc\u016f se stali i\u00a0dal\u0161\u00ed st\u00e1ty Persk\u00e9ho z\u00e1livu. H\u00fas\u00edov\u00e9 rovn\u011b\u017e na Sa\u00fadskou Ar\u00e1bii, je\u017e podporuje jemensk\u00e9 vl\u00e1dn\u00ed s\u00edly bojuj\u00edc\u00ed proti nim, uvalili n\u00e1mo\u0159n\u00ed blok\u00e1du.<\/p>\n<p class=\"c_bB\">Sa\u00fadskou vl\u00e1du tyto \u00fadery p\u0159im\u011bly k\u00a0uzav\u0159en\u00ed nov\u00e9 obrann\u00e9 aliance s\u00a0Tureckem a\u00a0P\u00e1kist\u00e1nem, je\u017e byla v\u00a0p\u00e1tek stvrzena podpisem Meksk\u00e9 dohody. Podle t\u00e9 bude jak\u00fdkoliv \u00fatok na n\u011bkter\u00e9ho ze signat\u00e1\u0159\u016f pova\u017eov\u00e1n za \u00fatok na v\u0161echny t\u0159i. Trojice st\u00e1t\u016f si tak vz\u00e1jemn\u011b sl\u00edbila podporu, ale text dohody nestanovuje, jakou formu m\u00e1 tato podpora m\u00edt.<\/p>\n<p><a data-dot=\"atm-link\" target=\"_self\" href=\"https:\/\/www.novinky.cz\/clanek\/zahranicni-blizky-a-stredni-vychod-turecko-se-muze-zapojit-do-boju-s-iranem-uzavrelo-obrannou-dohodu-se-saudy-i-pakistanem-40591828\" class=\"c_N\" rel=\"nofollow noopener\"><img fetchpriority=\"high\" height=\"1440\" width=\"2560\" src=\"https:\/\/www.europesays.com\/cz\/wp-content\/uploads\/2026\/08\/1786272440_257_78e0.jpeg\" loading=\"eager\" decoding=\"sync\" class=\"c_t c_r\"\/><\/a><\/p>\n","protected":false},"excerpt":{"rendered":"Dronov\u00fd \u00fader na rafin\u00e9rii, je\u017e denn\u011b zpracov\u00e1v\u00e1 p\u0159ibli\u017en\u011b 400\u00a0tis\u00edc barel\u016f ropy, pozd\u011bji potvrdil i\u00a0mluv\u010d\u00ed jemensk\u00fdch ozbrojen\u00fdch sil Jahj\u00e1&hellip;\n","protected":false},"author":2,"featured_media":173587,"comment_status":"","ping_status":"","sticky":false,"template":"","format":"standard","meta":{"footnotes":"","_share_on_mastodon":"0"},"categories":[10],"tags":[17,21,7197,808,6585,7825,20587,16,3367,3563,9840,6610,18,19,4771,22,20],"class_list":["post-173586","post","type-post","status-publish","format-standard","has-post-thumbnail","category-zpravy","tag-headlines","tag-hlavni-udalosti","tag-hutiove","tag-iran","tag-jemen","tag-konflikt-usa-izrael-iran","tag-namorni-blokada","tag-news","tag-pakistan","tag-rafinerie","tag-saudi-aramco","tag-saudska-arabie","tag-top-news","tag-top-stories","tag-turecko","tag-udalosti-dne","tag-zpravy"],"share_on_mastodon":{"url":"https:\/\/pubeurope.com\/@cz\/117065157617245481","error":""},"_links":{"self":[{"href":"https:\/\/www.europesays.com\/cz\/wp-json\/wp\/v2\/posts\/173586","targetHints":{"allow":["GET"]}}],"collection":[{"href":"https:\/\/www.europesays.com\/cz\/wp-json\/wp\/v2\/posts"}],"about":[{"href":"https:\/\/www.europesays.com\/cz\/wp-json\/wp\/v2\/types\/post"}],"author":[{"embeddable":true,"href":"https:\/\/www.europesays.com\/cz\/wp-json\/wp\/v2\/users\/2"}],"replies":[{"embeddable":true,"href":"https:\/\/www.europesays.com\/cz\/wp-json\/wp\/v2\/comments?post=173586"}],"version-history":[{"count":0,"href":"https:\/\/www.europesays.com\/cz\/wp-json\/wp\/v2\/posts\/173586\/revisions"}],"wp:featuredmedia":[{"embeddable":true,"href":"https:\/\/www.europesays.com\/cz\/wp-json\/wp\/v2\/media\/173587"}],"wp:attachment":[{"href":"https:\/\/www.europesays.com\/cz\/wp-json\/wp\/v2\/media?parent=173586"}],"wp:term":[{"taxonomy":"category","embeddable":true,"href":"https:\/\/www.europesays.com\/cz\/wp-json\/wp\/v2\/categories?post=173586"},{"taxonomy":"post_tag","embeddable":true,"href":"https:\/\/www.europesays.com\/cz\/wp-json\/wp\/v2\/tags?post=173586"}],"curies":[{"name":"wp","href":"https:\/\/api.w.org\/{rel}","templated":true}]}}