{"id":173623,"date":"2026-08-09T11:32:14","date_gmt":"2026-08-09T11:32:14","guid":{"rendered":"https:\/\/www.europesays.com\/cz\/173623\/"},"modified":"2026-08-09T11:32:14","modified_gmt":"2026-08-09T11:32:14","slug":"prerov-vybira-provozovatele-mhd-na-deset-let-podminkou-jsou-alkoholtestery-v-autobusech","status":"publish","type":"post","link":"https:\/\/www.europesays.com\/cz\/173623\/","title":{"rendered":"P\u0159erov vyb\u00edr\u00e1 provozovatele MHD na deset let. Podm\u00ednkou jsou alkoholtestery v autobusech"},"content":{"rendered":"<p>\n                                        M\u011bsto po\u017eaduje v sout\u011b\u017ei 22 autobus\u016f.                                     <\/p>\n<p>P\u0159erov za\u010dal vyb\u00edrat dopravce, kter\u00fd zajist\u00ed provoz MHD od roku 2028 po dobu dal\u0161\u00edch deseti let. Sou\u010dasnou zak\u00e1zku zaji\u0161\u0165uje spole\u010dnost Arriva. Smlouva zajist\u00ed dopravn\u00ed obslu\u017enost m\u011bsta nad r\u00e1mec region\u00e1ln\u00edch linek objedn\u00e1van\u00fdch Olomouck\u00fdm krajem.<\/p>\n<p>Zak\u00e1zku zve\u0159ejnilo m\u011bsto na <a href=\"https:\/\/nen.nipez.cz\/verejne-zakazky\/detail-zakazky\/N006-26-V00023445\" target=\"_blank\" rel=\"noopener nofollow\">profilu zadavatele<\/a>. V\u00fdchoz\u00ed rozsah dopravn\u00edho v\u00fdkonu \u010din\u00ed t\u00e9m\u011b\u0159 850 tis\u00edc kilometr\u016f ro\u010dn\u011b. Pro provoz bude pot\u0159eba nejm\u00e9n\u011b 22 autobus\u016f, z toho t\u0159i z\u00e1lo\u017en\u00ed, a jedno men\u0161\u00ed \u00a0vozidlo ur\u010den\u00e9 pro mimo\u0159\u00e1dn\u00e9 situace a obj\u00edzdn\u00e9 trasy.<\/p>\n<p>M\u011bsto po\u017eaduje standardn\u00ed dvan\u00e1ctimetrov\u00e9 autobusy, dopravce mus\u00ed splnit z\u00e1konn\u00fd pod\u00edl bezemisn\u00edch autobus\u016f, z\u00e1kladem ale budou dieselov\u00e9 autobusy. V seznamu povinn\u00e9 v\u00fdbavy je i alkoholtester, kter\u00fd zabra\u0148uje \u0159\u00edzen\u00ed autobusu podnapil\u00e9mu \u0159idi\u010di. S t\u00edm letos v P\u0159erov\u011b maj\u00ed svou zku\u0161enost, letos s autobusem opil\u00fd \u0159idi\u010d havaroval.<\/p>\n<p><a href=\"https:\/\/zdopravy.cz\/opily-ridic-arrivy-boural-s-autobusem-u-prerova-narazil-do-stromu-277763\/\" rel=\"nofollow noopener\" target=\"_blank\">Opil\u00fd \u0159idi\u010d Arrivy boural s autobusem, u P\u0159erova narazil do stromu<\/a><\/p>\n<p>\u201eC\u00edlem je zajistit obyvatel\u016fm i n\u00e1v\u0161t\u011bvn\u00edk\u016fm m\u011bsta kvalitn\u00ed, spolehlivou a dlouhodob\u011b stabiln\u00ed slu\u017ebu. Zad\u00e1vac\u00ed podm\u00ednky vych\u00e1zej\u00ed z dosavadn\u00edch zku\u0161enost\u00ed s provozem m\u011bstsk\u00e9 autobusov\u00e9 dopravy a z po\u017eadavk\u016f na jej\u00ed dal\u0161\u00ed rozvoj,\u201c uvedl n\u00e1m\u011bstek prim\u00e1tora Tom\u00e1\u0161 Navr\u00e1til.<\/p>\n<p>Hodnota zak\u00e1zky je 595 milion\u016f korun (m\u011bsto uv\u00e1d\u00ed 238 milion\u016f korun na 4 roky). Term\u00edn pro pod\u00e1n\u00ed nab\u00eddek je zat\u00edm 16. z\u00e1\u0159\u00ed.<\/p>\n<p>Z\u00e1m\u011br vypsat ve\u0159ejnou zak\u00e1zku schv\u00e1lili u\u017e v prosinci lo\u0148sk\u00e9ho roku zastupitel\u00e9 m\u011bsta. Nov\u00e1 smlouva m\u00e1 zajistit plynul\u00e9 fungov\u00e1n\u00ed m\u011bstsk\u00e9 autobusov\u00e9 dopravy po skon\u010den\u00ed sou\u010dasn\u00e9ho smluvn\u00edho obdob\u00ed.<\/p>\n<p>\u00a0<\/p>\n<p>                                                        Tagy<\/p>\n<p>                                                                                                                                                                                                                            <a href=\"https:\/\/zdopravy.cz\/tag\/mhd-prerov\/\" type=\"button\" class=\"btn btn-secondary mb-1 btn-sm\" rel=\"nofollow noopener\" target=\"_blank\"><br \/>\n                                                                MHD P\u0159erov                                                            <\/a><br \/>\n                                                                                                                                                                                                                                <a href=\"https:\/\/zdopravy.cz\/tag\/prerov\/\" type=\"button\" class=\"btn btn-secondary mb-1 btn-sm\" rel=\"nofollow noopener\" target=\"_blank\"><br \/>\n                                                                P\u0159erov                                                            <\/a><\/p>\n<p>                                                <a href=\"https:\/\/zdopravy.cz\/prerov-vybira-provozovatele-mhd-na-deset-let-podminkou-jsou-alkoholtestery-v-autobusech-291690\/?comments=1#comments\" class=\"ml-3 text-body mb-3 mt-4 d-inline-block\" rel=\"nofollow noopener\" target=\"_blank\"><\/p>\n<p>                                                    2 koment\u00e1\u0159e                                                <\/a><\/p>\n","protected":false},"excerpt":{"rendered":"M\u011bsto po\u017eaduje v sout\u011b\u017ei 22 autobus\u016f. P\u0159erov za\u010dal vyb\u00edrat dopravce, kter\u00fd zajist\u00ed provoz MHD od roku 2028 po&hellip;\n","protected":false},"author":2,"featured_media":173624,"comment_status":"","ping_status":"","sticky":false,"template":"","format":"standard","meta":{"footnotes":"","_share_on_mastodon":"0"},"categories":[7],"tags":[43,42,41,40,42162,3534,119],"class_list":["post-173623","post","type-post","status-publish","format-standard","has-post-thumbnail","category-cesko","tag-ceska-republika","tag-cesko","tag-czech-republic","tag-czechia","tag-mhd-prerov","tag-prerov","tag-seznam"],"share_on_mastodon":{"url":"https:\/\/pubeurope.com\/@cz\/117065334468693138","error":""},"_links":{"self":[{"href":"https:\/\/www.europesays.com\/cz\/wp-json\/wp\/v2\/posts\/173623","targetHints":{"allow":["GET"]}}],"collection":[{"href":"https:\/\/www.europesays.com\/cz\/wp-json\/wp\/v2\/posts"}],"about":[{"href":"https:\/\/www.europesays.com\/cz\/wp-json\/wp\/v2\/types\/post"}],"author":[{"embeddable":true,"href":"https:\/\/www.europesays.com\/cz\/wp-json\/wp\/v2\/users\/2"}],"replies":[{"embeddable":true,"href":"https:\/\/www.europesays.com\/cz\/wp-json\/wp\/v2\/comments?post=173623"}],"version-history":[{"count":0,"href":"https:\/\/www.europesays.com\/cz\/wp-json\/wp\/v2\/posts\/173623\/revisions"}],"wp:featuredmedia":[{"embeddable":true,"href":"https:\/\/www.europesays.com\/cz\/wp-json\/wp\/v2\/media\/173624"}],"wp:attachment":[{"href":"https:\/\/www.europesays.com\/cz\/wp-json\/wp\/v2\/media?parent=173623"}],"wp:term":[{"taxonomy":"category","embeddable":true,"href":"https:\/\/www.europesays.com\/cz\/wp-json\/wp\/v2\/categories?post=173623"},{"taxonomy":"post_tag","embeddable":true,"href":"https:\/\/www.europesays.com\/cz\/wp-json\/wp\/v2\/tags?post=173623"}],"curies":[{"name":"wp","href":"https:\/\/api.w.org\/{rel}","templated":true}]}}