{"id":174358,"date":"2026-08-10T07:57:09","date_gmt":"2026-08-10T07:57:09","guid":{"rendered":"https:\/\/www.europesays.com\/cz\/174358\/"},"modified":"2026-08-10T07:57:09","modified_gmt":"2026-08-10T07:57:09","slug":"na-olympiade-sokoval-priznanim-k-nevere-biatlonista-laegreid-ted-informoval-o-zasadnim-zivotnim-kroku","status":"publish","type":"post","link":"https:\/\/www.europesays.com\/cz\/174358\/","title":{"rendered":"Na olympi\u00e1d\u011b \u0161okoval p\u0159izn\u00e1n\u00edm k\u00a0nev\u011b\u0159e. Biatlonista Laegreid te\u010f informoval o\u00a0z\u00e1sadn\u00edm \u017eivotn\u00edm kroku"},"content":{"rendered":"<p class=\"b_bF\">Druh\u00fd mu\u017e celkov\u00e9ho hodnocen\u00ed minul\u00e9 sezony Sv\u011btov\u00e9ho poh\u00e1ru se o\u00a0pl\u00e1nech bl\u00edzk\u00e9 budoucnosti rozmluvil na letn\u00edch z\u00e1vodech v\u00a0Sandnesu. Laegreid si podle sv\u00fdch slov od studia slibuje norm\u00e1ln\u011bj\u0161\u00ed \u017eivot.<\/p>\n<p class=\"b_bF\">\u201eDos\u00e1hl jsem ve sportu v\u0161eho, \u010deho jsem cht\u011bl. V\u00a0pond\u011bl\u00ed za\u010d\u00edn\u00e1m studovat na Univerzit\u011b v\u00a0Oslu. Jsou tam velmi p\u0159\u00edsn\u00e1 krit\u00e9ria pro zvl\u00e1dnut\u00ed semestru, chci otestovat sv\u00e9 schopnosti,\u201c uvedl Laegreid.<\/p>\n<p class=\"b_bF\">Pro dev\u011btadvacetilet\u00e9ho rod\u00e1ka z\u00a0Baerumu nicm\u00e9n\u011b nep\u016fjde o\u00a0krok do zcela neprob\u00e1dan\u00fdch vod. V\u00a0minulosti se v\u011bnoval nanotechnologi\u00edm, pr\u016fmyslov\u00e9 ekonomii a\u00a0technologick\u00e9mu managementu. Studia ale nedokon\u010dil.<\/p>\n<p><a data-dot=\"atm-link\" target=\"_self\" href=\"https:\/\/www.sport.cz\/clanek\/zimni-sporty-biatlon-pohroma-pro-biatlon-arenu-kde-se-rodily-i-ceske-medaile-nicil-zivel-5510738\" class=\"b_V g_ia\" rel=\"nofollow noopener\"><img fetchpriority=\"high\" height=\"564\" width=\"749\" src=\"https:\/\/www.europesays.com\/cz\/wp-content\/uploads\/2026\/08\/eVQEeJ.jpeg\" loading=\"eager\" decoding=\"sync\" class=\"b_B b_z\"\/><\/a><\/p>\n<p class=\"b_bF\">Sedmin\u00e1sobn\u00fd mistr sv\u011bta Laegreid nalezl podporu i\u00a0u tren\u00e9ra mu\u017esk\u00e9 reprezentace Anderse \u00d6verbyho. \u201eV\u011b\u0159\u00edm, \u017ee by lid\u00e9 m\u011bli m\u00edt mo\u017enost d\u011blat si, co cht\u011bj\u00ed, a\u00a0u\u017e\u00edvat si to. V\u011b\u0159\u00edme mu a\u00a0jsme si jist\u00ed, \u017ee biatlon kv\u016fli studiu \u0161idit nebude,\u201c \u0159\u00edk\u00e1 \u00d6verby t\u0159i m\u011bs\u00edce p\u0159ed startem sezony.<\/p>\n<p class=\"b_bF\">Laegreid je olympijsk\u00fdm \u0161ampionem z\u00a0Pekingu se \u0161tafetou a\u00a0letos v\u00a0Anterselv\u011b roz\u0161\u00ed\u0159il sb\u00edrku cenn\u00fdch kov\u016f z\u00a0olympi\u00e1dy o\u00a0t\u0159i st\u0159\u00edbra a\u00a0dva bronzy. Po t\u0159et\u00edm m\u00edst\u011b ve vytrvalostn\u00edm z\u00e1vod\u011b v\u00a0Anterselv\u011b na sebe strhl pozornost sv\u011btov\u00fdch m\u00e9di\u00ed, kdy\u017e se p\u0159iznal k\u00a0nev\u011b\u0159e. Sv\u00e9ho rozhodnut\u00ed pozd\u011bji ho\u0159ce litoval a\u00a0za sv\u00e1 slova se ve\u0159ejn\u011b omluvil.<\/p>\n<p><a data-dot=\"atm-link\" target=\"_self\" href=\"https:\/\/www.sport.cz\/clanek\/zimni-sporty-biatlon-petinasobny-mistr-sveta-v-biatlonu-si-splni-svuj-sen-v-jinem-sportu-5512068\" class=\"b_V g_ia\" rel=\"nofollow noopener\"><img height=\"1866\" width=\"2489\" src=\"https:\/\/www.europesays.com\/cz\/wp-content\/uploads\/2026\/08\/sport-biatlon-francie-emilien-jacquelin.jpeg\" loading=\"eager\" decoding=\"sync\" class=\"b_B b_z\"\/><\/a><\/p>\n","protected":false},"excerpt":{"rendered":"Druh\u00fd mu\u017e celkov\u00e9ho hodnocen\u00ed minul\u00e9 sezony Sv\u011btov\u00e9ho poh\u00e1ru se o\u00a0pl\u00e1nech bl\u00edzk\u00e9 budoucnosti rozmluvil na letn\u00edch z\u00e1vodech v\u00a0Sandnesu. Laegreid&hellip;\n","protected":false},"author":2,"featured_media":174359,"comment_status":"","ping_status":"","sticky":false,"template":"","format":"standard","meta":{"footnotes":"","_share_on_mastodon":"0"},"categories":[15],"tags":[1109,94,93],"class_list":["post-174358","post","type-post","status-publish","format-standard","has-post-thumbnail","category-sport","tag-biatlon","tag-sport","tag-sports"],"share_on_mastodon":{"url":"https:\/\/pubeurope.com\/@cz\/117070151395423571","error":""},"_links":{"self":[{"href":"https:\/\/www.europesays.com\/cz\/wp-json\/wp\/v2\/posts\/174358","targetHints":{"allow":["GET"]}}],"collection":[{"href":"https:\/\/www.europesays.com\/cz\/wp-json\/wp\/v2\/posts"}],"about":[{"href":"https:\/\/www.europesays.com\/cz\/wp-json\/wp\/v2\/types\/post"}],"author":[{"embeddable":true,"href":"https:\/\/www.europesays.com\/cz\/wp-json\/wp\/v2\/users\/2"}],"replies":[{"embeddable":true,"href":"https:\/\/www.europesays.com\/cz\/wp-json\/wp\/v2\/comments?post=174358"}],"version-history":[{"count":0,"href":"https:\/\/www.europesays.com\/cz\/wp-json\/wp\/v2\/posts\/174358\/revisions"}],"wp:featuredmedia":[{"embeddable":true,"href":"https:\/\/www.europesays.com\/cz\/wp-json\/wp\/v2\/media\/174359"}],"wp:attachment":[{"href":"https:\/\/www.europesays.com\/cz\/wp-json\/wp\/v2\/media?parent=174358"}],"wp:term":[{"taxonomy":"category","embeddable":true,"href":"https:\/\/www.europesays.com\/cz\/wp-json\/wp\/v2\/categories?post=174358"},{"taxonomy":"post_tag","embeddable":true,"href":"https:\/\/www.europesays.com\/cz\/wp-json\/wp\/v2\/tags?post=174358"}],"curies":[{"name":"wp","href":"https:\/\/api.w.org\/{rel}","templated":true}]}}