{"id":174460,"date":"2026-08-10T09:20:28","date_gmt":"2026-08-10T09:20:28","guid":{"rendered":"https:\/\/www.europesays.com\/cz\/174460\/"},"modified":"2026-08-10T09:20:28","modified_gmt":"2026-08-10T09:20:28","slug":"v-praze-pri-tlakove-zkousce-prasklo-potrubi-jeden-muz-zemrel-dva-jsou-zraneni","status":"publish","type":"post","link":"https:\/\/www.europesays.com\/cz\/174460\/","title":{"rendered":"V Praze p\u0159i tlakov\u00e9 zkou\u0161ce prasklo potrub\u00ed, jeden mu\u017e zem\u0159el, dva jsou zran\u011bn\u00ed"},"content":{"rendered":"<p class=\"e_bX\">V pra\u017esk\u00fdch Stod\u016flk\u00e1ch dnes dopoledne p\u0159i prov\u00e1d\u011bn\u00ed tlakov\u00e9 zkou\u0161ky prasklo vodovodn\u00ed potrub\u00ed, uvedla policie na <a data-dot=\"atm-link\" target=\"_blank\" rel=\"noopener nofollow\" href=\"https:\/\/x.com\/PolicieCZ\/status\/2086729385415946480\" class=\"e_r\">s\u00edti X<\/a>. Jeden mu\u017e na m\u00edst\u011b zem\u0159el, dal\u0161\u00ed dva jsou zran\u011bn\u00ed, jeden je ve velmi v\u00e1\u017en\u00e9m stavu, \u0159ekla \u010cTK mluv\u010d\u00ed pra\u017esk\u00fdch zdravotnick\u00fdch z\u00e1chran\u00e1\u0159\u016f Jana Po\u0161tov\u00e1.<\/p>\n<p class=\"e_bX\">Ne\u0161t\u011bst\u00ed se stalo v\u00a0ulici U\u00a0Jezera, potrub\u00ed podle <a data-dot=\"atm-link\" target=\"_blank\" rel=\"noopener nofollow\" href=\"https:\/\/x.com\/PolicieCZ\/status\/2086736119215817079\" class=\"e_r\">policie<\/a> prasklo v\u00a0podzem\u00ed. Po\u0161tov\u00e1 uvedla, \u017ee z\u00e1chran\u00e1\u0159i na m\u00edst\u011b pe\u010dovali o\u00a0t\u0159i mu\u017ee. Jeden byl v\u00a0kritick\u00e9m stavu a\u00a0na m\u00edst\u011b zem\u0159el, dal\u0161\u00ed je ve velmi v\u00e1\u017en\u00e9m stavu, \u0159ekla. \u201ePosledn\u00ed z\u00a0mu\u017e\u016f je zran\u011bn lehce, mimo ohro\u017een\u00ed \u017eivota,\u201c napsala na <a data-dot=\"atm-link\" target=\"_blank\" rel=\"noopener nofollow\" href=\"https:\/\/x.com\/zzshmp\/status\/2086731531477782591\" class=\"e_r\">s\u00edti X<\/a>.<\/p>\n<p class=\"e_bX\">Dv\u011b podobn\u00e1 ne\u0161t\u011bst\u00ed se v\u00a0\u010cesku stala letos v\u00a0\u010dervenci. Koncem minul\u00e9ho m\u011bs\u00edce v\u00fdbuch p\u0159i oprav\u011b vodovodn\u00edho potrub\u00ed v\u00a0Krom\u011b\u0159\u00ed\u017ei zranil dva lidi, kriminalist\u00e9 ud\u00e1lost prov\u011b\u0159uj\u00ed jako t\u011b\u017ek\u00e9 ubl\u00ed\u017een\u00ed na zdrav\u00ed z\u00a0nedbalosti. V\u00a0polovin\u011b \u010dervence t\u0159i mu\u017ei v\u00a0J\u00edlov\u00e9m u\u00a0Hodkovic nad Mohelkou na Liberecku utrp\u011bli zran\u011bn\u00ed p\u0159i \u010di\u0161t\u011bn\u00ed plynov\u00e9ho potrub\u00ed vzduchem.<\/p>\n<p><a data-dot=\"mol-article-card-media\" aria-hidden=\"true\" tabindex=\"-1\" href=\"https:\/\/www.seznamzpravy.cz\/clanek\/zdravi-plus-injekce-na-hubnuti-odbornik-vysvetluje-proc-se-vaha-vrati-kdyz-se-leky-vysadi-310987\" class=\"e_r f_l5\" rel=\"nofollow noopener\" target=\"_blank\"><img fetchpriority=\"high\" height=\"562\"   width=\"1000\" src=\"https:\/\/www.europesays.com\/cz\/wp-content\/uploads\/2026\/08\/injekce-na-hubnuti.jpeg\" loading=\"eager\" decoding=\"sync\" class=\"e_aa e_Z\"\/><\/a><a data-dot=\"mol-article-card-media\" aria-hidden=\"true\" tabindex=\"-1\" href=\"https:\/\/www.seznamzpravy.cz\/clanek\/magazin-architektura-nejvetsi-ceska-hvezdarna-se-chysta-na-perseidy-i-zatmeni-slunce-a-slavi-120-let-312610\" class=\"e_r f_l5\" rel=\"nofollow noopener\" target=\"_blank\"><img height=\"1968\"   width=\"3500\" src=\"https:\/\/www.europesays.com\/cz\/wp-content\/uploads\/2026\/08\/1786353628_101_9cd8.jpeg\" loading=\"eager\" decoding=\"sync\" class=\"e_aa e_Z\"\/><\/a><\/p>\n","protected":false},"excerpt":{"rendered":"V pra\u017esk\u00fdch Stod\u016flk\u00e1ch dnes dopoledne p\u0159i prov\u00e1d\u011bn\u00ed tlakov\u00e9 zkou\u0161ky prasklo vodovodn\u00ed potrub\u00ed, uvedla policie na s\u00edti X. Jeden&hellip;\n","protected":false},"author":2,"featured_media":174461,"comment_status":"","ping_status":"","sticky":false,"template":"","format":"standard","meta":{"footnotes":"","_share_on_mastodon":"0"},"categories":[10],"tags":[1176,17,21,16,325,8216,8955,18,19,22,20],"class_list":["post-174460","post","type-post","status-publish","format-standard","has-post-thumbnail","category-zpravy","tag-havarie","tag-headlines","tag-hlavni-udalosti","tag-news","tag-policie","tag-potrubi","tag-stodulky","tag-top-news","tag-top-stories","tag-udalosti-dne","tag-zpravy"],"share_on_mastodon":{"url":"https:\/\/pubeurope.com\/@cz\/117070477924376120","error":""},"_links":{"self":[{"href":"https:\/\/www.europesays.com\/cz\/wp-json\/wp\/v2\/posts\/174460","targetHints":{"allow":["GET"]}}],"collection":[{"href":"https:\/\/www.europesays.com\/cz\/wp-json\/wp\/v2\/posts"}],"about":[{"href":"https:\/\/www.europesays.com\/cz\/wp-json\/wp\/v2\/types\/post"}],"author":[{"embeddable":true,"href":"https:\/\/www.europesays.com\/cz\/wp-json\/wp\/v2\/users\/2"}],"replies":[{"embeddable":true,"href":"https:\/\/www.europesays.com\/cz\/wp-json\/wp\/v2\/comments?post=174460"}],"version-history":[{"count":0,"href":"https:\/\/www.europesays.com\/cz\/wp-json\/wp\/v2\/posts\/174460\/revisions"}],"wp:featuredmedia":[{"embeddable":true,"href":"https:\/\/www.europesays.com\/cz\/wp-json\/wp\/v2\/media\/174461"}],"wp:attachment":[{"href":"https:\/\/www.europesays.com\/cz\/wp-json\/wp\/v2\/media?parent=174460"}],"wp:term":[{"taxonomy":"category","embeddable":true,"href":"https:\/\/www.europesays.com\/cz\/wp-json\/wp\/v2\/categories?post=174460"},{"taxonomy":"post_tag","embeddable":true,"href":"https:\/\/www.europesays.com\/cz\/wp-json\/wp\/v2\/tags?post=174460"}],"curies":[{"name":"wp","href":"https:\/\/api.w.org\/{rel}","templated":true}]}}