{"id":175671,"date":"2026-08-11T10:04:11","date_gmt":"2026-08-11T10:04:11","guid":{"rendered":"https:\/\/www.europesays.com\/cz\/175671\/"},"modified":"2026-08-11T10:04:11","modified_gmt":"2026-08-11T10:04:11","slug":"smrt-a-zraneni-muzu-v-praze-policie-proveruje-jako-usmrceni-a-ublizeni-na-zdravi","status":"publish","type":"post","link":"https:\/\/www.europesays.com\/cz\/175671\/","title":{"rendered":"Smrt a\u00a0zran\u011bn\u00ed mu\u017e\u016f v\u00a0Praze policie prov\u011b\u0159uje jako usmrcen\u00ed a\u00a0ubl\u00ed\u017een\u00ed na zdrav\u00ed"},"content":{"rendered":"<p class=\"e_bX\">\u00damrt\u00ed mu\u017ee a\u00a0zran\u011bn\u00ed dvou dal\u0161\u00edch p\u0159i pond\u011bln\u00ed hav\u00e1rii na vodovodn\u00edm potrub\u00ed v\u00a0pra\u017esk\u00fdch Stod\u016flk\u00e1ch policie prov\u011b\u0159uje jako usmrcen\u00ed a\u00a0ubl\u00ed\u017een\u00ed na zdrav\u00ed z\u00a0nedbalosti. \u010cTK to dnes \u0159ekla mluv\u010d\u00ed pra\u017esk\u00e9 policie Eva Krop\u00e1\u010dov\u00e1. Usmrcen\u00fd mu\u017e byl ro\u010dn\u00edk 1982, uvedla.<\/p>\n<p class=\"e_bX\">Vy\u0161et\u0159ovatel\u00e9 nad\u00e1le zji\u0161\u0165uj\u00ed p\u0159\u00ed\u010diny tragick\u00e9 nehody, \u0159ekla mluv\u010d\u00ed. \u201ePolicist\u00e9 ve v\u011bci zah\u00e1jili \u00fakony trestn\u00edho \u0159\u00edzen\u00ed pro p\u0159e\u010din usmrcen\u00ed z\u00a0nedbalosti, d\u00e1le pro trestn\u00fd \u010din t\u011b\u017ek\u00e9 ubl\u00ed\u017een\u00ed na zdrav\u00ed z\u00a0nedbalosti a\u00a0trestn\u00fd \u010din ubl\u00ed\u017een\u00ed na zdrav\u00ed z\u00a0nedbalosti,\u201c dodala. Zran\u011bn\u00ed mu\u017ei, kte\u0159\u00ed skon\u010dili v\u00a0nemocnici, se podle Krop\u00e1\u010dov\u00e9 narodili v\u00a0letech 1962\u00a0a\u00a01992.<\/p>\n<p><a data-dot=\"mol-article-card-media\" aria-hidden=\"true\" tabindex=\"-1\" href=\"https:\/\/www.seznamzpravy.cz\/clanek\/domaci-zivot-v-cesku-v-praze-pri-tlakove-zkousce-prasklo-potrubi-jeden-muz-zemrel-dva-jsou-zraneni-312770\" class=\"e_r f_l5\" rel=\"nofollow noopener\" target=\"_blank\"><img fetchpriority=\"high\" height=\"2304\"   width=\"4096\" src=\"https:\/\/www.europesays.com\/cz\/wp-content\/uploads\/2026\/08\/8983.mpo.jpeg\" loading=\"eager\" decoding=\"sync\" class=\"e_aa e_Z\"\/><\/a><\/p>\n<p class=\"e_bX\">Vodovodn\u00ed potrub\u00ed v\u00a0pond\u011bl\u00ed dopoledne prasklo v\u00a0ulici U\u00a0Jezera p\u0159i prov\u00e1d\u011bn\u00ed tlakov\u00e9 zkou\u0161ky v\u00a0podzem\u00ed. Ze zran\u011bn\u00fdch mu\u017e\u016f byl jeden ve velmi v\u00e1\u017en\u00e9m stavu, druh\u00fd byl poran\u011bn lehce a\u00a0mimo ohro\u017een\u00ed \u017eivota, uvedla vedouc\u00ed pra\u017esk\u00e9ho zdravotnick\u00e9ho opera\u010dn\u00edho st\u0159ediska Jana Po\u0161tov\u00e1.<\/p>\n<p class=\"e_bX\">Podle mluv\u010d\u00edho firmy Pra\u017esk\u00e9 vodovody a\u00a0kanalizace (PVK) Tom\u00e1\u0161e Mr\u00e1zka se ne\u0161t\u011bst\u00ed stalo soukrom\u00e9 spole\u010dnosti, kter\u00e1 pracuje na zad\u00e1n\u00ed PVK. Dod\u00e1vky pitn\u00e9 vody nehoda nenaru\u0161ila, proto\u017ee od zah\u00e1jen\u00ed prac\u00ed v\u00a0dubnu jsou vedeny n\u00e1hradn\u00edm provizorn\u00edm potrub\u00edm.<\/p>\n<p class=\"e_bX\">Dv\u011b podobn\u00e1 ne\u0161t\u011bst\u00ed se v\u00a0\u010cesku stala letos v\u00a0\u010dervenci. Koncem minul\u00e9ho m\u011bs\u00edce v\u00fdbuch p\u0159i oprav\u011b vodovodn\u00edho potrub\u00ed v\u00a0Krom\u011b\u0159\u00ed\u017ei zranil dva lidi, kriminalist\u00e9 ud\u00e1lost prov\u011b\u0159uj\u00ed jako t\u011b\u017ek\u00e9 ubl\u00ed\u017een\u00ed na zdrav\u00ed z\u00a0nedbalosti. V\u00a0polovin\u011b \u010dervence t\u0159i mu\u017ei v\u00a0J\u00edlov\u00e9m u\u00a0Hodkovic nad Mohelkou na Liberecku utrp\u011bli zran\u011bn\u00ed p\u0159i \u010di\u0161t\u011bn\u00ed plynov\u00e9ho potrub\u00ed vzduchem.<\/p>\n<p><a data-dot=\"mol-article-card-media\" aria-hidden=\"true\" tabindex=\"-1\" href=\"https:\/\/www.seznamzpravy.cz\/clanek\/zahranicni-trump-ztraci-volice-drti-ho-inflace-a-iran-312792\" class=\"e_r f_l5\" rel=\"nofollow noopener\" target=\"_blank\"><img height=\"1983\"   width=\"3527\" src=\"https:\/\/www.europesays.com\/cz\/wp-content\/uploads\/2026\/08\/1786442650_799_donald-trump.jpeg\" loading=\"eager\" decoding=\"sync\" class=\"e_aa e_Z\"\/><\/a><a data-dot=\"mol-article-card-media\" aria-hidden=\"true\" tabindex=\"-1\" href=\"https:\/\/www.seznamzpravy.cz\/clanek\/domaci-zivot-v-cesku-nebyla-to-jen-panika-rodicu-cesko-ma-dalsi-pripady-otravy-kojeneckym-mlekem-312805\" class=\"e_r f_l5\" rel=\"nofollow noopener\" target=\"_blank\"><img height=\"1080\"   width=\"1920\" src=\"https:\/\/www.europesays.com\/cz\/wp-content\/uploads\/2026\/08\/alfamino.jpeg\" loading=\"eager\" decoding=\"sync\" class=\"e_aa e_Z\"\/><\/a><\/p>\n","protected":false},"excerpt":{"rendered":"\u00damrt\u00ed mu\u017ee a\u00a0zran\u011bn\u00ed dvou dal\u0161\u00edch p\u0159i pond\u011bln\u00ed hav\u00e1rii na vodovodn\u00edm potrub\u00ed v\u00a0pra\u017esk\u00fdch Stod\u016flk\u00e1ch policie prov\u011b\u0159uje jako usmrcen\u00ed a\u00a0ubl\u00ed\u017een\u00ed&hellip;\n","protected":false},"author":2,"featured_media":175672,"comment_status":"","ping_status":"","sticky":false,"template":"","format":"standard","meta":{"footnotes":"","_share_on_mastodon":"0"},"categories":[7],"tags":[43,42,41,40,1176,8216,99,8955,1118,5828,81],"class_list":["post-175671","post","type-post","status-publish","format-standard","has-post-thumbnail","category-cesko","tag-ceska-republika","tag-cesko","tag-czech-republic","tag-czechia","tag-havarie","tag-potrubi","tag-praha","tag-stodulky","tag-trestni-rizeni","tag-ublizeni-na-zdravi","tag-umrti"],"share_on_mastodon":{"url":"https:\/\/pubeurope.com\/@cz\/117076313262733749","error":""},"_links":{"self":[{"href":"https:\/\/www.europesays.com\/cz\/wp-json\/wp\/v2\/posts\/175671","targetHints":{"allow":["GET"]}}],"collection":[{"href":"https:\/\/www.europesays.com\/cz\/wp-json\/wp\/v2\/posts"}],"about":[{"href":"https:\/\/www.europesays.com\/cz\/wp-json\/wp\/v2\/types\/post"}],"author":[{"embeddable":true,"href":"https:\/\/www.europesays.com\/cz\/wp-json\/wp\/v2\/users\/2"}],"replies":[{"embeddable":true,"href":"https:\/\/www.europesays.com\/cz\/wp-json\/wp\/v2\/comments?post=175671"}],"version-history":[{"count":0,"href":"https:\/\/www.europesays.com\/cz\/wp-json\/wp\/v2\/posts\/175671\/revisions"}],"wp:featuredmedia":[{"embeddable":true,"href":"https:\/\/www.europesays.com\/cz\/wp-json\/wp\/v2\/media\/175672"}],"wp:attachment":[{"href":"https:\/\/www.europesays.com\/cz\/wp-json\/wp\/v2\/media?parent=175671"}],"wp:term":[{"taxonomy":"category","embeddable":true,"href":"https:\/\/www.europesays.com\/cz\/wp-json\/wp\/v2\/categories?post=175671"},{"taxonomy":"post_tag","embeddable":true,"href":"https:\/\/www.europesays.com\/cz\/wp-json\/wp\/v2\/tags?post=175671"}],"curies":[{"name":"wp","href":"https:\/\/api.w.org\/{rel}","templated":true}]}}