{"id":175894,"date":"2026-08-11T12:43:12","date_gmt":"2026-08-11T12:43:12","guid":{"rendered":"https:\/\/www.europesays.com\/cz\/175894\/"},"modified":"2026-08-11T12:43:12","modified_gmt":"2026-08-11T12:43:12","slug":"zemrel-belorusky-opozicni-politik-aljaksandr-milinkevic-oznamila-media","status":"publish","type":"post","link":"https:\/\/www.europesays.com\/cz\/175894\/","title":{"rendered":"Zem\u0159el b\u011blorusk\u00fd opozi\u010dn\u00ed politik Aljaksandr Milinkevi\u010d, ozn\u00e1mila m\u00e9dia"},"content":{"rendered":"<p class=\"e_bX\">B\u011blorusk\u00fd opozi\u010dn\u00ed politik Aljaksandr Milinkevi\u010d zem\u0159el dnes r\u00e1no ve v\u011bku 79\u00a0let, ozn\u00e1mila nez\u00e1visl\u00e1 m\u00e9dia s\u00a0odvol\u00e1n\u00edm na <a data-dot=\"atm-link\" target=\"_blank\" rel=\"noopener nofollow\" href=\"https:\/\/www.facebook.com\/igor.kuley\/posts\/pfbid035Bdm6GT4W7bU11ZFmHjPFU7vkry5gUJb2QS3KJvfrArm3xaB37gC5fmmCp2NVUml\" class=\"e_r\">ozn\u00e1men\u00ed<\/a> Milinkevi\u010dova syna \u010di jeho man\u017eelky. B\u011blorusk\u00e1 opozi\u010dn\u00ed v\u016fdkyn\u011b Svjatlana Cichanousk\u00e1 ozna\u010dila Milinkevi\u010de za jednoho z\u00a0nejskv\u011blej\u0161\u00edch politik\u016f sv\u00e9 doby.<\/p>\n<p class=\"e_bX\">\u201eJe to pro n\u00e1s pro v\u0161echny obrovsk\u00e1 a\u00a0ho\u0159k\u00e1 ztr\u00e1ta,\u201c <a data-dot=\"atm-link\" target=\"_blank\" rel=\"noopener nofollow\" href=\"https:\/\/t.me\/tsikhanouskaya\/9586\" class=\"e_r\">uvedla<\/a> na soci\u00e1ln\u00ed s\u00edti nyn\u011bj\u0161\u00ed v\u016fdkyn\u011b b\u011blorusk\u00e9 opozice Cichanousk\u00e1 s\u00a0odkazem na Milinkevi\u010dovu roli jako sjednotitele opozice a\u00a0vyzyvatele b\u011blorusk\u00e9ho autorit\u00e1\u0159sk\u00e9ho v\u016fdce Alexandra Luka\u0161enka v\u00a0prezidentsk\u00fdch volb\u00e1ch v\u00a0roce 2006.<\/p>\n<p><a data-dot=\"mol-article-card-media\" aria-hidden=\"true\" tabindex=\"-1\" href=\"https:\/\/www.seznamzpravy.cz\/clanek\/zahranicni-za-mrizemi-napsal-lukasenkuv-vezen-18-knih-ted-si-je-vybavuje-znovu-311227\" class=\"e_r f_l5\" rel=\"nofollow noopener\" target=\"_blank\"><img height=\"813\"   width=\"1446\" src=\"https:\/\/www.europesays.com\/cz\/wp-content\/uploads\/2026\/08\/maksim-znak-belorusko.png\" loading=\"lazy\" decoding=\"async\" class=\"e_aa e_Z e_T\"\/><\/a><\/p>\n<p class=\"e_bX\">Luka\u0161enko tehdy podle \u00fa\u0159ad\u016f zv\u00edt\u011bzil u\u017e v\u00a0prvn\u00edm kole se ziskem 83\u00a0procent hlas\u016f, zat\u00edmco hlavn\u00ed opozi\u010dn\u00ed kandid\u00e1t Milinkevi\u010d dostal jen 6,1\u00a0procenta. Po volb\u00e1ch, kter\u00e9 opozice pokl\u00e1dala za zfal\u0161ovan\u00e9, n\u00e1sledovaly protesty, kter\u00e9 policie ukon\u010dila brut\u00e1ln\u00edm n\u00e1sil\u00edm, zat\u00fdk\u00e1n\u00edm a\u00a0v\u011bzn\u011bn\u00edm. Za zmanipulov\u00e1n\u00ed voleb uvalily Spojen\u00e9 st\u00e1ty a\u00a0Evropsk\u00e1 unie na Luka\u0161enka a\u00a0jeho re\u017eim sankce.<\/p>\n<p class=\"e_bX\">Stejn\u00e1 situace se zopakovala v\u00a0roce 2020, kdy statis\u00edce B\u011blorus\u016f vy\u0161ly do ulic, aby protestovaly proti zfal\u0161ovan\u00ed voleb, ve kter\u00fdch proti Luka\u0161enkovi stanula Cichanousk\u00e1.<\/p>\n<p class=\"e_bX\">Milinkevi\u010d koncem lo\u0148sk\u00e9ho roku podstoupil n\u00e1ro\u010dnou operaci, po kter\u00e9 n\u00e1sledoval dlouh\u00fd boj proti infekc\u00edm. L\u00e9\u010dba a\u00a0rehabilitace trvaly m\u011bs\u00edce, p\u0159ipomn\u011bla televize Belsat na webu. Pot\u0159ebn\u00e9 pen\u00edze se tehdy poda\u0159ilo na internetu vybrat za dva dny, poznamenal server Zerkalo.<\/p>\n<p class=\"e_bX\">Milinkevi\u010d pat\u0159il ke generaci b\u011blorusk\u00fdch intelektu\u00e1l\u016f, pro kter\u00e9 byly v\u011bda, kultura, m\u00edstn\u00ed samospr\u00e1va a\u00a0politika ned\u00edlnou sou\u010d\u00e1st\u00ed ve\u0159ejn\u00e9ho \u017eivota. Z\u00a0fyzika a\u00a0u\u010ditele se vypracoval na jednoho z\u00a0nejv\u00fdznamn\u011bj\u0161\u00edch p\u0159edstavitel\u016f b\u011blorusk\u00e9 demokratick\u00e9 opozice, napsal port\u00e1l Na\u0161a Niva.<\/p>\n<p><a data-dot=\"mol-article-card-media\" aria-hidden=\"true\" tabindex=\"-1\" href=\"https:\/\/www.seznamzpravy.cz\/clanek\/zahranicni-obloha-se-rozzarila-pak-nastal-zvrat-video-ukazuje-nezdar-cinske-rakety-312856\" class=\"e_r f_l5\" rel=\"nofollow noopener\" target=\"_blank\"><img height=\"1080\"   width=\"1920\" src=\"https:\/\/www.europesays.com\/cz\/wp-content\/uploads\/2026\/08\/1786452192_80_26b5.jpeg\" loading=\"lazy\" decoding=\"async\" class=\"e_aa e_Z e_T\"\/><\/a><\/p>\n","protected":false},"excerpt":{"rendered":"B\u011blorusk\u00fd opozi\u010dn\u00ed politik Aljaksandr Milinkevi\u010d zem\u0159el dnes r\u00e1no ve v\u011bku 79\u00a0let, ozn\u00e1mila nez\u00e1visl\u00e1 m\u00e9dia s\u00a0odvol\u00e1n\u00edm na ozn\u00e1men\u00ed Milinkevi\u010dova&hellip;\n","protected":false},"author":2,"featured_media":175895,"comment_status":"","ping_status":"","sticky":false,"template":"","format":"standard","meta":{"footnotes":"","_share_on_mastodon":"0"},"categories":[11],"tags":[145,1193,4832,54,81,53,52],"class_list":["post-175894","post","type-post","status-publish","format-standard","has-post-thumbnail","category-svet","tag-belorusko","tag-opozice","tag-politici","tag-svet","tag-umrti","tag-world","tag-world-news"],"share_on_mastodon":{"url":"https:\/\/pubeurope.com\/@cz\/117076939187473857","error":""},"_links":{"self":[{"href":"https:\/\/www.europesays.com\/cz\/wp-json\/wp\/v2\/posts\/175894","targetHints":{"allow":["GET"]}}],"collection":[{"href":"https:\/\/www.europesays.com\/cz\/wp-json\/wp\/v2\/posts"}],"about":[{"href":"https:\/\/www.europesays.com\/cz\/wp-json\/wp\/v2\/types\/post"}],"author":[{"embeddable":true,"href":"https:\/\/www.europesays.com\/cz\/wp-json\/wp\/v2\/users\/2"}],"replies":[{"embeddable":true,"href":"https:\/\/www.europesays.com\/cz\/wp-json\/wp\/v2\/comments?post=175894"}],"version-history":[{"count":0,"href":"https:\/\/www.europesays.com\/cz\/wp-json\/wp\/v2\/posts\/175894\/revisions"}],"wp:featuredmedia":[{"embeddable":true,"href":"https:\/\/www.europesays.com\/cz\/wp-json\/wp\/v2\/media\/175895"}],"wp:attachment":[{"href":"https:\/\/www.europesays.com\/cz\/wp-json\/wp\/v2\/media?parent=175894"}],"wp:term":[{"taxonomy":"category","embeddable":true,"href":"https:\/\/www.europesays.com\/cz\/wp-json\/wp\/v2\/categories?post=175894"},{"taxonomy":"post_tag","embeddable":true,"href":"https:\/\/www.europesays.com\/cz\/wp-json\/wp\/v2\/tags?post=175894"}],"curies":[{"name":"wp","href":"https:\/\/api.w.org\/{rel}","templated":true}]}}