{"id":176096,"date":"2026-08-11T15:39:09","date_gmt":"2026-08-11T15:39:09","guid":{"rendered":"https:\/\/www.europesays.com\/cz\/176096\/"},"modified":"2026-08-11T15:39:09","modified_gmt":"2026-08-11T15:39:09","slug":"exkluzivni-pruzkum-opozice-v-pasti-blokovani-zakonu-ji-jde-lide-ale-chteji-aktivni-roli","status":"publish","type":"post","link":"https:\/\/www.europesays.com\/cz\/176096\/","title":{"rendered":"Exkluzivn\u00ed pr\u016fzkum: Opozice v\u00a0pasti. Blokov\u00e1n\u00ed z\u00e1kon\u016f j\u00ed jde, lid\u00e9 ale cht\u011bj\u00ed aktivn\u00ed roli"},"content":{"rendered":"<p class=\"c_bB\">Ve v\u0161ech sedmi oblastech dostala sou\u010dasn\u00e1 opozice, tedy ODS, STAN, Pir\u00e1ti, TOP 09\u00a0a\u00a0KDU-\u010cSL, pr\u016fm\u011brnou zn\u00e1mku mezi 3,2\u00a0a\u00a03,7.\u00a0Dob\u0159e je hodnocena kontrola vl\u00e1dy, kdy ji v\u00fdborn\u011b nebo chvalitebn\u011b zn\u00e1mkuje 26\u00a0procent \u010cech\u016f.<\/p>\n<p class=\"c_bB\">\u201eTam, kde je popt\u00e1vka nejvy\u0161\u0161\u00ed, tedy u\u00a0odhalov\u00e1n\u00ed korupce nebo podpory prosp\u011b\u0161n\u00fdch vl\u00e1dn\u00edch n\u00e1vrh\u016f, dost\u00e1v\u00e1 opozice mnohem hor\u0161\u00ed zn\u00e1mky,\u201c popsala Tereza Friedrichov\u00e1, politick\u00e1 analyti\u010dka NMS.<\/p>\n<p class=\"c_bB\">Konkr\u00e9tn\u011b u\u00a0odhalov\u00e1n\u00ed korupce dostala na \u201evysv\u011bd\u010den\u00ed\u201c zn\u00e1mku 3,73, tedy bl\u00ed\u017ee \u010dty\u0159ce. Rozd\u00edly jsou pochopiteln\u011b mezi voli\u010di opozi\u010dn\u00edch a\u00a0vl\u00e1dn\u00edch stran.  Ti prvn\u00ed opozi\u010dn\u00edky v\u00a0t\u00e9to kategorii ohodnotili zn\u00e1mkou 2,96, p\u0159\u00edznivci sou\u010dasn\u00e9 koalice jim dali 4,21.<\/p>\n<p><a data-dot=\"atm-link\" target=\"_self\" href=\"https:\/\/www.novinky.cz\/clanek\/domaci-exkluzivni-pruzkum-nejvyraznejsim-opozicnim-politikem-je-prezident-pavel-druhy-je-paradoxne-premier-babis-40591509\" class=\"c_N\" rel=\"nofollow noopener\"><img fetchpriority=\"high\" height=\"720\" width=\"1280\" src=\"https:\/\/www.europesays.com\/cz\/wp-content\/uploads\/2026\/08\/1786462749_283_politik-graf.jpeg\" loading=\"eager\" decoding=\"sync\" class=\"c_t c_r\"\/><\/a><\/p>\n<p class=\"c_bB\">U podpory prosp\u011b\u0161n\u00fdch z\u00e1kon\u016f dostala opozice druhou nejhor\u0161\u00ed pr\u016fm\u011brnou zn\u00e1mku 3,71, u\u00a0blokov\u00e1n\u00ed z\u00e1kon\u016f naopak tu nejlep\u0161\u00ed, 3,16.\u00a0To v\u0161ak podle Friedrichov\u00e9 m\u016f\u017ee b\u00fdt probl\u00e9m.<\/p>\n<p class=\"c_bB\">\u201e\u010ce\u0161t\u00ed voli\u010di od opozice \u010dekaj\u00ed sp\u00ed\u0161 proaktivn\u00ed roli, v\u00a0ide\u00e1ln\u00edm p\u0159\u00edpad\u011b i\u00a0konstruktivn\u00ed spolupr\u00e1ci na n\u011bkter\u00fdch vl\u00e1dn\u00edch n\u00e1vrz\u00edch, ne jen obstrukci. Pr\u00e1v\u011b v\u00a0tom m\u016f\u017ee b\u00fdt pro opozici past,\u201c popsala.<\/p>\n<p class=\"c_bB\">Ze stejn\u00e9ho pr\u016fzkumu toti\u017e tak\u00e9 vyplynulo, \u017ee blokov\u00e1n\u00ed z\u00e1kon\u016f o\u010dek\u00e1v\u00e1 od opozice pouze zhruba t\u0159etina \u010cech\u016f. U\u00a0jej\u00edch p\u0159\u00edznivc\u016f je to sice nadpolovi\u010dn\u00ed v\u011bt\u0161ina, ov\u0161em ne nijak z\u00e1sadn\u00ed, u\u00a0stoupenc\u016f STAN nap\u0159\u00edklad 57\u00a0procent.<\/p>\n<p class=\"c_bB\">Naopak 72\u00a0procent v\u0161ech ob\u010dan\u016f \u010dek\u00e1, \u017ee budou opozi\u010dn\u00edci p\u0159ipravovat vlastn\u00ed n\u00e1vrhy z\u00e1kon\u016f, a\u00a0dokonce 83\u00a0procent o\u010dek\u00e1v\u00e1, \u017ee opozice podpo\u0159\u00ed prosp\u011b\u0161n\u00e9 n\u00e1vrhy vl\u00e1dy.<\/p>\n<p class=\"c_bB\">\u201ePokud si do p\u0159\u00ed\u0161t\u00edch voleb opozice vysta\u010d\u00ed jen s\u00a0pasivn\u00ed a\u00a0reaktivn\u00ed rol\u00ed, tedy s\u00a0blokov\u00e1n\u00edm a\u00a0kritikou, nebude d\u011blat to, co od n\u00ed v\u011bt\u0161ina lid\u00ed skute\u010dn\u011b chce. Bez viditeln\u011bj\u0161\u00ed proaktivn\u00ed pr\u00e1ce z\u016fstane opozice v\u00a0o\u010d\u00edch ve\u0159ejnosti sp\u00ed\u0161e protivn\u00edkem vl\u00e1dy ne\u017e re\u00e1lnou alternativou,\u201c uvedla analyti\u010dka.<\/p>\n<p><a data-dot=\"atm-link\" target=\"_self\" href=\"https:\/\/www.novinky.cz\/clanek\/domaci-exkluzivni-pruzkum-vetsina-cechu-vedra-zvlada-za-hranici-horka-povazuji-35-stupnu-40591224\" class=\"c_N\" rel=\"nofollow noopener\"><img height=\"720\" width=\"1280\" src=\"https:\/\/www.europesays.com\/cz\/wp-content\/uploads\/2026\/08\/1786462749_669_vedra-cesi-graf.jpeg\" loading=\"eager\" decoding=\"sync\" class=\"c_t c_r\"\/><\/a><\/p>\n","protected":false},"excerpt":{"rendered":"Ve v\u0161ech sedmi oblastech dostala sou\u010dasn\u00e1 opozice, tedy ODS, STAN, Pir\u00e1ti, TOP 09\u00a0a\u00a0KDU-\u010cSL, pr\u016fm\u011brnou zn\u00e1mku mezi 3,2\u00a0a\u00a03,7.\u00a0Dob\u0159e je&hellip;\n","protected":false},"author":2,"featured_media":176097,"comment_status":"","ping_status":"","sticky":false,"template":"","format":"standard","meta":{"footnotes":"","_share_on_mastodon":"0"},"categories":[7],"tags":[43,42,41,40,1193,174,1005,2974,964],"class_list":["post-176096","post","type-post","status-publish","format-standard","has-post-thumbnail","category-cesko","tag-ceska-republika","tag-cesko","tag-czech-republic","tag-czechia","tag-opozice","tag-politika","tag-pruzkum","tag-spolu-koalice","tag-vlada"],"share_on_mastodon":{"url":"https:\/\/pubeurope.com\/@cz\/117077630755812252","error":""},"_links":{"self":[{"href":"https:\/\/www.europesays.com\/cz\/wp-json\/wp\/v2\/posts\/176096","targetHints":{"allow":["GET"]}}],"collection":[{"href":"https:\/\/www.europesays.com\/cz\/wp-json\/wp\/v2\/posts"}],"about":[{"href":"https:\/\/www.europesays.com\/cz\/wp-json\/wp\/v2\/types\/post"}],"author":[{"embeddable":true,"href":"https:\/\/www.europesays.com\/cz\/wp-json\/wp\/v2\/users\/2"}],"replies":[{"embeddable":true,"href":"https:\/\/www.europesays.com\/cz\/wp-json\/wp\/v2\/comments?post=176096"}],"version-history":[{"count":0,"href":"https:\/\/www.europesays.com\/cz\/wp-json\/wp\/v2\/posts\/176096\/revisions"}],"wp:featuredmedia":[{"embeddable":true,"href":"https:\/\/www.europesays.com\/cz\/wp-json\/wp\/v2\/media\/176097"}],"wp:attachment":[{"href":"https:\/\/www.europesays.com\/cz\/wp-json\/wp\/v2\/media?parent=176096"}],"wp:term":[{"taxonomy":"category","embeddable":true,"href":"https:\/\/www.europesays.com\/cz\/wp-json\/wp\/v2\/categories?post=176096"},{"taxonomy":"post_tag","embeddable":true,"href":"https:\/\/www.europesays.com\/cz\/wp-json\/wp\/v2\/tags?post=176096"}],"curies":[{"name":"wp","href":"https:\/\/api.w.org\/{rel}","templated":true}]}}