{"id":176248,"date":"2026-08-11T18:11:10","date_gmt":"2026-08-11T18:11:10","guid":{"rendered":"https:\/\/www.europesays.com\/cz\/176248\/"},"modified":"2026-08-11T18:11:10","modified_gmt":"2026-08-11T18:11:10","slug":"nevinny-muz-stravil-ve-vezeni-18-mesicu-kvuli-chybe-ve-jmene","status":"publish","type":"post","link":"https:\/\/www.europesays.com\/cz\/176248\/","title":{"rendered":"Nevinn\u00fd mu\u017e str\u00e1vil ve v\u011bzen\u00ed 18\u00a0m\u011bs\u00edc\u016f. Kv\u016fli chyb\u011b ve jm\u00e9n\u011b"},"content":{"rendered":"<p class=\"c_bB\">Brandon Klayme str\u00e1vil za m\u0159\u00ed\u017eemi 18\u00a0m\u011bs\u00edc\u016f za trestn\u00e9 \u010diny, kter\u00e9 nesp\u00e1chal. Policie p\u0159itom p\u0159i domovn\u00ed prohl\u00eddce jeho za\u0159\u00edzen\u00ed nena\u0161la nic, co by ho s\u00a0p\u0159\u00edpadem spojovalo. Dokonce nedok\u00e1zala prok\u00e1zat, \u017ee by v\u00a0dob\u011b vy\u0161et\u0159ovan\u00fdch problematick\u00fdch skutk\u016f v\u016fbec pou\u017e\u00edval \u00fa\u010det na komunika\u010dn\u00ed slu\u017eb\u011b Kik.<\/p>\n<p class=\"c_bB\">Na skute\u010dn\u00fd probl\u00e9m se podle <a data-dot=\"atm-link\" target=\"_blank\" rel=\"noopener nofollow\" href=\"https:\/\/www.cbc.ca\/news\/canada\/nova-scotia\/brandon-klayme-justice-9.7298804\" class=\"c_N\">serveru CBC<\/a> p\u0159i\u0161lo a\u017e p\u0159i jeho odvol\u00e1n\u00ed. Policie toti\u017e od za\u010d\u00e1tku hledala n\u011bkoho \u00fapln\u011b jin\u00e9ho.<\/p>\n<p class=\"c_bB\">P\u0159\u00edpad se rozb\u011bhl v\u00a0roce 2018\u00a0v\u00a0americk\u00e9m Wisconsinu. Dvan\u00e1ctilet\u00e1 d\u00edvka z\u00a0Madisonu tehdy od konce srpna do poloviny prosince komunikovala p\u0159es slu\u017ebu Kik s\u00a0dosp\u011bl\u00fdm mu\u017eem. Jej\u00ed matka pozd\u011bji v\u00a0telefonu objevila nevhodnou fotografii a\u00a0obr\u00e1tila se na policii.<\/p>\n<p><a data-dot=\"atm-link\" target=\"_self\" href=\"https:\/\/www.novinky.cz\/clanek\/internet-a-pc-hry-a-herni-systemy-prisel-o-hry-i-ucet-na-steamu-za-desetitisice-kvuli-hloupe-chybe-40465515\" class=\"c_N\" rel=\"nofollow noopener\"><img height=\"720\" width=\"1280\" src=\"https:\/\/www.europesays.com\/cz\/wp-content\/uploads\/2026\/08\/VVOE7Z.jpeg\" loading=\"lazy\" decoding=\"async\" class=\"c_t c_r c_l\"\/><\/a><\/p>\n<p class=\"c_bB\">Vy\u0161et\u0159ovatel\u00e9 z\u00a0okresu Dane pak v\u00a0telefonu na\u0161li 125\u00a0zpr\u00e1v nav\u00e1zan\u00fdch na\u00a0komunikaci mezi d\u00edvkou a\u00a0dosp\u011bl\u00fdm u\u017eivatelem, kter\u00fd vystupoval pod jm\u00e9nem: \u201efus__ro_dah\u201c. Kl\u00ed\u010dov\u00e1 byla p\u0159itom dv\u011b podtr\u017e\u00edtka za \u201efus\u201c.<\/p>\n<p class=\"c_bB\">Policist\u00e9 cht\u011bli zjistit, komu \u00fa\u010det pat\u0159\u00ed, a\u00a0obr\u00e1tili se na spole\u010dnost Kik. Jen\u017ee pr\u00e1v\u011b tady se stala osudov\u00e1 chyba. V\u00a0p\u0159edvol\u00e1n\u00ed po\u017e\u00e1dali o\u00a0\u00fadaje k\u00a0u\u017eivatelsk\u00e9mu jm\u00e9nu: \u201efus_ro_dah\u201c. Tentokr\u00e1t bylo za \u201efus\u201c jen jedno podtr\u017e\u00edtko. Rozd\u00edl jedin\u00e9ho znaku tak policii neposlal k\u00a0mu\u017ei, kter\u00e9ho hledala, ale ke Kana\u010fanovi Brandonu Klaymeovi.<\/p>\n<p class=\"c_bB\">P\u0159ezd\u00edvka nav\u00edc nebyla \u00fapln\u011b n\u00e1hodn\u00e1. \u201eFus ro dah\u201c znaj\u00ed fanou\u0161ci po\u010d\u00edta\u010dov\u00fdch her jako slavn\u00fd dra\u010d\u00ed v\u00fdk\u0159ik Ne\u00faprosn\u00e1 s\u00edla ze hry The Elder Scrolls V: Skyrim.<\/p>\n<p>Kde jsou d\u016fkazy?<\/p>\n<p class=\"c_bB\">Kik na chybnou \u017e\u00e1dost poskytl policii Klaymeovu e-mailovou adresu. Z\u00e1znamy Googlu n\u00e1sledn\u011b uk\u00e1zaly, \u017ee z\u00a0t\u00e9to adresy n\u011bkdo p\u0159istupoval ke slu\u017eb\u00e1m spole\u010dnosti z\u00a0IP adresy v\u00a0Kanad\u011b.<\/p>\n<p class=\"c_bB\">Wisconsin\u0161t\u00ed vy\u0161et\u0159ovatel\u00e9 proto p\u0159\u00edpad p\u0159edali policii v\u00a0Halifaxu. Ta kontaktovala poskytovatele internetu Bell Aliant, kter\u00fd IP adresu p\u0159i\u0159adil ke konkr\u00e9tn\u00ed adrese. Bydlel tam Brandon Klayme. Policie tak kone\u010dn\u011b z\u00edskala sv\u00e9ho podez\u0159el\u00e9ho.<\/p>\n<p class=\"c_bB\">Jen\u017ee kdy\u017e 5.\u00a0\u00fanora 2020\u00a0prohledala jeho bydli\u0161t\u011b, objevila se jedna z\u00e1sadn\u00ed a\u00a0nep\u0159\u00edjemn\u00e1 ot\u00e1zka: Kde jsou n\u011bjak\u00e9 d\u016fkazy?<\/p>\n<p class=\"c_bB\">Vy\u0161et\u0159ovatel\u00e9 odnesli z\u00a0Klaymeova bytu n\u011bkolik telefon\u016f a\u00a0notebook\u016f. P\u0159i jejich prohl\u00eddce ale nena\u0161li nic, co by ho spojovalo s\u00a0d\u00edvkou nebo s\u00a0komunikac\u00ed, kter\u00e1 byla p\u0159edm\u011btem vy\u0161et\u0159ov\u00e1n\u00ed. Nena\u0161li ani intimn\u00ed fotografie.<\/p>\n<p><img src=\"https:\/\/www.europesays.com\/cz\/wp-content\/uploads\/2026\/08\/e9nBWiC.jpeg\" loading=\"lazy\" decoding=\"async\" class=\"c_t c_s c_l\"\/><\/p>\n<p class=\"c_bB\">Upout\u00e1vka na hru The Elder Scrolls V: Skyrim pro SwitchVideo: Nintendo<\/p>\n<p class=\"c_bB\">Klayme sice \u00fa\u010det na Kiku m\u011bl, policie ale nedok\u00e1zala prok\u00e1zat, \u017ee ho pou\u017e\u00edval v\u00a0obdob\u00ed, kdy k\u00a0popisovan\u00e9mu kontaktu doch\u00e1zelo.<\/p>\n<p class=\"c_bB\">Je\u0161t\u011b pozoruhodn\u011bj\u0161\u00ed detail vy\u0161el najevo pozd\u011bji: Klayme podle \u00fadaj\u016f p\u0159edlo\u017een\u00fdch v\u00a0r\u00e1mci odvol\u00e1n\u00ed sv\u016fj \u00fa\u010det na Kiku nepou\u017e\u00edval u\u017e od roku 2012.\u00a0Ud\u00e1losti, kter\u00e9 byly p\u0159edm\u011btem vy\u0161et\u0159ov\u00e1n\u00ed, se p\u0159itom za\u010daly d\u00edt a\u017e v\u00a0roce 2018.<\/p>\n<p class=\"c_bB\">P\u0159esto byl zat\u010den a\u00a0obvin\u011bn ze t\u0159\u00ed trestn\u00fdch \u010din\u016f\u00a0\u2013 z\u00a0l\u00e1k\u00e1n\u00ed osoby mlad\u0161\u00ed 14\u00a0let prost\u0159ednictv\u00edm telekomunika\u010dn\u00edch prost\u0159edk\u016f, poskytov\u00e1n\u00ed sexu\u00e1ln\u011b explicitn\u00edho materi\u00e1lu d\u00edt\u011bti a\u00a0dr\u017een\u00ed d\u011btsk\u00e9 pornografie.<\/p>\n<p>Odsed\u011bl si cel\u00fd trest<\/p>\n<p class=\"c_bB\">A pak p\u0159i\u0161el soud. Klayme byl v\u00a0dubnu 2023\u00a0uzn\u00e1n vinn\u00fdm. Dne 5.\u00a0ledna 2024\u00a0dostal trest 18\u00a0m\u011bs\u00edc\u016f v\u011bzen\u00ed a\u00a0dal\u0161\u00edch 18\u00a0m\u011bs\u00edc\u016f podm\u00edn\u011bn\u00e9ho dohledu. V\u011bze\u0148sk\u00fd trest si cel\u00fd odpykal. Na z\u00e1sadn\u00ed nesrovnalost v\u00a0u\u017eivatelsk\u00e9m jm\u00e9nu ale b\u011bhem procesu nikdo nep\u0159i\u0161el. Paradoxn\u011b ani obhajoba.<\/p>\n<p class=\"c_bB\">Klayme se p\u0159esto odm\u00edtl vzd\u00e1t a\u00a0pokra\u010doval v\u00a0boji za zru\u0161en\u00ed sv\u00e9ho odsouzen\u00ed. A\u017e p\u0159i p\u0159\u00edprav\u011b odvol\u00e1n\u00ed jeho pr\u00e1vn\u00ed t\u00fdm zjistil, co se vlastn\u011b stalo.<\/p>\n<p>V\u0161e zm\u011bnil jeden znak<\/p>\n<p class=\"c_bB\">V p\u016fvodn\u00edm policejn\u00edm p\u0159edvol\u00e1n\u00ed toti\u017e skute\u010dn\u011b st\u00e1lo \u201efus_ro_dah\u201c, nikoli \u201efus__ro_dah\u201c.<\/p>\n<p class=\"c_bB\">Klayme pozd\u011bji ve sv\u00e9m prohl\u00e1\u0161en\u00ed popsal okam\u017eik, kdy byla chyba odhalena: \u201eV pozd\u011bj\u0161\u00edch f\u00e1z\u00edch p\u0159\u00edpravy argument\u016f pro m\u00e9 odvol\u00e1n\u00ed bylo zji\u0161t\u011bno, \u017ee p\u0159edvol\u00e1n\u00ed obsahovalo nen\u00e1padnou chybu, kter\u00e1 zm\u011bnila cel\u00fd m\u016fj \u017eivot.\u201c<\/p>\n<p>Zobrazit v\u0161e<\/p>\n","protected":false},"excerpt":{"rendered":"Brandon Klayme str\u00e1vil za m\u0159\u00ed\u017eemi 18\u00a0m\u011bs\u00edc\u016f za trestn\u00e9 \u010diny, kter\u00e9 nesp\u00e1chal. Policie p\u0159itom p\u0159i domovn\u00ed prohl\u00eddce jeho za\u0159\u00edzen\u00ed&hellip;\n","protected":false},"author":2,"featured_media":176249,"comment_status":"","ping_status":"","sticky":false,"template":"","format":"standard","meta":{"footnotes":"","_share_on_mastodon":"0"},"categories":[11],"tags":[3777,27,258,54,113,1624,53,52],"class_list":["post-176248","post","type-post","status-publish","format-standard","has-post-thumbnail","category-svet","tag-chyby","tag-kanada","tag-soud","tag-svet","tag-usa","tag-vezeni","tag-world","tag-world-news"],"share_on_mastodon":{"url":"https:\/\/pubeurope.com\/@cz\/117078228670253562","error":""},"_links":{"self":[{"href":"https:\/\/www.europesays.com\/cz\/wp-json\/wp\/v2\/posts\/176248","targetHints":{"allow":["GET"]}}],"collection":[{"href":"https:\/\/www.europesays.com\/cz\/wp-json\/wp\/v2\/posts"}],"about":[{"href":"https:\/\/www.europesays.com\/cz\/wp-json\/wp\/v2\/types\/post"}],"author":[{"embeddable":true,"href":"https:\/\/www.europesays.com\/cz\/wp-json\/wp\/v2\/users\/2"}],"replies":[{"embeddable":true,"href":"https:\/\/www.europesays.com\/cz\/wp-json\/wp\/v2\/comments?post=176248"}],"version-history":[{"count":0,"href":"https:\/\/www.europesays.com\/cz\/wp-json\/wp\/v2\/posts\/176248\/revisions"}],"wp:featuredmedia":[{"embeddable":true,"href":"https:\/\/www.europesays.com\/cz\/wp-json\/wp\/v2\/media\/176249"}],"wp:attachment":[{"href":"https:\/\/www.europesays.com\/cz\/wp-json\/wp\/v2\/media?parent=176248"}],"wp:term":[{"taxonomy":"category","embeddable":true,"href":"https:\/\/www.europesays.com\/cz\/wp-json\/wp\/v2\/categories?post=176248"},{"taxonomy":"post_tag","embeddable":true,"href":"https:\/\/www.europesays.com\/cz\/wp-json\/wp\/v2\/tags?post=176248"}],"curies":[{"name":"wp","href":"https:\/\/api.w.org\/{rel}","templated":true}]}}