{"id":176562,"date":"2026-08-12T04:26:10","date_gmt":"2026-08-12T04:26:10","guid":{"rendered":"https:\/\/www.europesays.com\/cz\/176562\/"},"modified":"2026-08-12T04:26:10","modified_gmt":"2026-08-12T04:26:10","slug":"na-servery-s-detskym-pornem-se-fotka-z-dovolene-dostane-behem-par-vterin","status":"publish","type":"post","link":"https:\/\/www.europesays.com\/cz\/176562\/","title":{"rendered":"Na servery s\u00a0d\u011btsk\u00fdm pornem se fotka z\u00a0dovolen\u00e9 dostane b\u011bhem p\u00e1r vte\u0159in"},"content":{"rendered":"<p class=\"c_bB\">\u201e\u010casto se na na\u0161\u00ed lince setk\u00e1v\u00e1me s\u00a0obsahem, kter\u00fd naz\u00fdv\u00e1me d\u011btsk\u00e1 nahota. Jsou to fotografie nebo videa po\u0159\u00edzen\u00e1 rodinou, zobrazuj\u00edc\u00ed \u010d\u00e1ste\u010dn\u011b nebo \u00fapln\u011b nah\u00e9 d\u00edt\u011b u\u00a0mo\u0159e, u\u00a0baz\u00e9nu nebo na zahrad\u011b a\u00a0jinde,\u201c \u0159ekla Novink\u00e1m Kate\u0159ina Vokrouhl\u00edkov\u00e1 z\u00a0linky Stop online, kter\u00e1 slou\u017e\u00ed k\u00a0nahla\u0161ov\u00e1n\u00ed obsahu spojen\u00e9ho se zneu\u017e\u00edv\u00e1n\u00edm d\u011bt\u00ed na internetu.  <\/p>\n<p class=\"c_bB\">Ve spolupr\u00e1ci s\u00a0Polici\u00ed \u010cR ji provozuje sdru\u017een\u00ed CZ.NIC. Linka je sou\u010d\u00e1st\u00ed mezin\u00e1rodn\u00ed s\u00edt\u011b INHOPE, kter\u00e1 sdru\u017euje linky pro hl\u00e1\u0161en\u00ed obsahu se sexu\u00e1ln\u011b zneu\u017e\u00edvan\u00fdmi d\u011btmi po cel\u00e9m sv\u011bt\u011b.<\/p>\n<p class=\"c_bB\">Pro fenom\u00e9n sd\u00edlen\u00ed informac\u00ed o\u00a0d\u011btech na soci\u00e1ln\u00edch s\u00edt\u00edch se v\u017eil term\u00edn sharenting (z anglick\u00fdch slov share a\u00a0parenting &#8211; pozn. red.). Program prevence kriminality ministerstva vnitra jej popisuje jako \u201esituace, kdy rodi\u010de \u010di prarodi\u010de sd\u00edlej\u00ed na internetu fotografie, videa a\u00a0dal\u0161\u00ed osobn\u00ed informace o\u00a0sv\u00fdch d\u011btech\u201c.<\/p>\n<p><a data-dot=\"atm-link\" target=\"_self\" href=\"https:\/\/www.novinky.cz\/clanek\/internet-a-pc-kriminalita-na-internetu-roste-detem-na-problemy-casto-zadelavaji-rodice-40564987\" class=\"c_N\" rel=\"nofollow noopener\"><img fetchpriority=\"high\" height=\"945\" width=\"1680\" src=\"https:\/\/www.europesays.com\/cz\/wp-content\/uploads\/2026\/08\/pocitac-unava-oci-kontaktni-cocky.jpeg\" loading=\"eager\" decoding=\"sync\" class=\"c_t c_r\"\/><\/a><\/p>\n<p class=\"c_bB\">\u201eJak \u010dasto se to st\u00e1v\u00e1? T\u00e9m\u011b\u0159 stoprocentn\u011b. Ta \u0161ance je 99,9\u00a0procenta,\u201c odpov\u011bd\u011bla Vokrouhl\u00edkov\u00e1 na ot\u00e1zku, jak\u00e1 je pravd\u011bpodobnost, \u017ee bude fotka z\u00a0dovolen\u00e9 zneu\u017eita. Dodala, \u017ee v\u00a0\u010cesku jsou popul\u00e1rn\u00ed i\u00a0weby na tvorbu fotografick\u00fdch alb, kter\u00e1 pak rodi\u010de pos\u00edlaj\u00ed dal\u0161\u00edm rodinn\u00fdm p\u0159\u00edslu\u0161n\u00edk\u016fm. Ve v\u011bt\u0161in\u011b p\u0159\u00edpad\u016f vznikaj\u00ed bez hesla a\u00a0m\u016f\u017ee do nich nahl\u00e9dnout kdokoliv.<\/p>\n<p class=\"c_bB\">\u201eFotky z\u00a0t\u011bchto web\u016f b\u00fdvaj\u00ed zneu\u017eity a\u00a0znovu zve\u0159ejn\u011bny v\u00a0\u0159\u00e1du n\u011bkolika vte\u0159in,\u201c zd\u016fraznila Vokrouhl\u00edkov\u00e1. <\/p>\n<p class=\"c_bB\">O\u00a0n\u011bco bezpe\u010dn\u011bji funguj\u00ed podle n\u00ed soci\u00e1ln\u00ed s\u00edt\u011b. Nap\u0159\u00edklad spole\u010dnost Meta, tedy Instagram nebo Facebook, nahr\u00e1n\u00ed fotky nah\u00e9ho d\u00edt\u011bte neumo\u017e\u0148uje. Pokud n\u00e1hodou takov\u00e1 fotka proklouzne a\u00a0povede se ji nahr\u00e1t, syst\u00e9m u\u017eivatele upozorn\u00ed, \u017ee se jedn\u00e1 o\u00a0z\u00e1vadnou fotku, a\u00a0vyzve ho k\u00a0odstran\u011bn\u00ed.<\/p>\n<p class=\"c_bB\">Podle <a data-dot=\"atm-link\" target=\"_blank\" rel=\"noopener nofollow\" href=\"https:\/\/www.pdf.upol.cz\/zprava\/clanek\/sharenting-u-ceskych-rodicu\/\" class=\"c_N\">v\u00fdzkumu<\/a> Univerzity Palack\u00e9ho v\u00a0Olomouci se v\u00a0roce 2022\u00a0sharentingu dopou\u0161t\u011blo a\u017e 69\u00a0procent \u010desk\u00fdch rodi\u010d\u016f, \u010dasto ani\u017e by si uv\u011bdomili, \u017ee to pro d\u00edt\u011b m\u016f\u017ee b\u00fdt nebezpe\u010dn\u00e9. Evropsk\u00fd pr\u016fm\u011br tehdy \u010dinil 70\u00a0a\u017e 80\u00a0procent. <\/p>\n<p><a data-dot=\"atm-link\" target=\"_self\" href=\"https:\/\/www.novinky.cz\/clanek\/domaci-hry-casto-slouzi-k-prvnimu-kontaktu-mezi-ditetem-a-predatorem-varuje-policie-40586870\" class=\"c_N\" rel=\"nofollow noopener\"><img height=\"2304\" width=\"4096\" src=\"https:\/\/www.europesays.com\/cz\/wp-content\/uploads\/2026\/08\/deti-mobil.jpeg\" loading=\"eager\" decoding=\"sync\" class=\"c_t c_r\"\/><\/a><\/p>\n<p class=\"c_bB\">Mezi vysoce rizikov\u00e9 fotky se po\u010d\u00edtaj\u00ed p\u0159edev\u0161\u00edm ty, na kter\u00fdch je \u010d\u00e1ste\u010dn\u011b \u010di \u00fapln\u011b odhalen\u00e9 d\u00edt\u011b snadno identifikovateln\u00e9. \u201eFotky d\u011bt\u00ed je s\u00a0rodinou mo\u017en\u00e9 sd\u00edlet i\u00a0soukrom\u011b, alba se daj\u00ed vytvo\u0159it s\u00a0heslem. T\u00edm p\u00e1dem k\u00a0nim bude m\u00edt p\u0159\u00edstup jen ten, kdo jej m\u00e1 m\u00edt, a\u00a0nebudou nikde ve\u0159ejn\u011b,\u201c uvedla Vokrouhl\u00edkov\u00e1, kter\u00e1 varovala i\u00a0p\u0159ed skupinov\u00fdmi sn\u00edmky z\u00a0d\u011btsk\u00fdch oslav, na kter\u00fdch b\u00fdvaj\u00ed i\u00a0spolu\u017e\u00e1ci a\u00a0kamar\u00e1di d\u011bt\u00ed. Mnohdy bez v\u011bdom\u00ed jejich rodi\u010d\u016f.   <\/p>\n<p class=\"c_bB\">Podle Vokrouhl\u00edkov\u00e9 jsou probl\u00e9mem tak\u00e9 rodn\u00e9 listy nebo vysv\u011bd\u010den\u00ed, ze kter\u00fdch je mo\u017en\u00e9 z\u00edskat osobn\u00ed informace.<\/p>\n<p class=\"c_bB\">P\u0159\u00edpad\u016f, kdy se pred\u00e1tor pokou\u0161\u00ed d\u00edt\u011b fyzicky kontaktovat, podle policejn\u00edch dat v\u00a0posledn\u00edch letech ub\u00fdv\u00e1. Naopak p\u0159ib\u00fdv\u00e1 takov\u00fdch, kte\u0159\u00ed z\u016fst\u00e1vaj\u00ed v\u00a0digit\u00e1ln\u00edm prost\u0159ed\u00ed, kde mohou vyu\u017e\u00edt \u0159adu n\u00e1stroj\u016f k\u00a0zakryt\u00ed sv\u00e9 identity. <\/p>\n<p class=\"c_bB\">Nej\u010dast\u011bj\u0161\u00ed jsou p\u0159\u00edpady, kdy se \u00fato\u010dn\u00edk dostane do kontaktu s\u00a0d\u00edt\u011btem na ve\u0159ejn\u00e9 platform\u011b a\u00a0pokus\u00ed se jej p\u0159et\u00e1hnout na jinou, kter\u00e1 m\u00e1 \u0161ifrovanou komunikaci. Tam se z\u00a0n\u011bj pokou\u0161\u00ed vyl\u00e1kat dal\u0161\u00ed informace nebo citliv\u00e9 fotky a\u00a0videa. <\/p>\n<p><a data-dot=\"atm-link\" target=\"_self\" href=\"https:\/\/www.novinky.cz\/clanek\/domaci-zubar-z-fotek-deti-z-ordinace-vyrabel-porno-po-rozsudku-ordinuje-dal-40592023\" class=\"c_N\" rel=\"nofollow noopener\"><img height=\"2304\" width=\"4096\" src=\"https:\/\/www.europesays.com\/cz\/wp-content\/uploads\/2026\/08\/1786508770_659_zubar-doktor.jpeg\" loading=\"eager\" decoding=\"sync\" class=\"c_t c_r\"\/><\/a><\/p>\n","protected":false},"excerpt":{"rendered":"\u201e\u010casto se na na\u0161\u00ed lince setk\u00e1v\u00e1me s\u00a0obsahem, kter\u00fd naz\u00fdv\u00e1me d\u011btsk\u00e1 nahota. Jsou to fotografie nebo videa po\u0159\u00edzen\u00e1 rodinou,&hellip;\n","protected":false},"author":2,"featured_media":176563,"comment_status":"","ping_status":"","sticky":false,"template":"","format":"standard","meta":{"footnotes":"","_share_on_mastodon":"0"},"categories":[10],"tags":[1295,444,6523,1471,17,21,920,16,18,19,22,20],"class_list":["post-176562","post","type-post","status-publish","format-standard","has-post-thumbnail","category-zpravy","tag-album","tag-deti","tag-detska-pornografie","tag-dovolena","tag-headlines","tag-hlavni-udalosti","tag-kyberneticka-bezpecnost","tag-news","tag-top-news","tag-top-stories","tag-udalosti-dne","tag-zpravy"],"share_on_mastodon":{"url":"https:\/\/pubeurope.com\/@cz\/117080646138805607","error":""},"_links":{"self":[{"href":"https:\/\/www.europesays.com\/cz\/wp-json\/wp\/v2\/posts\/176562","targetHints":{"allow":["GET"]}}],"collection":[{"href":"https:\/\/www.europesays.com\/cz\/wp-json\/wp\/v2\/posts"}],"about":[{"href":"https:\/\/www.europesays.com\/cz\/wp-json\/wp\/v2\/types\/post"}],"author":[{"embeddable":true,"href":"https:\/\/www.europesays.com\/cz\/wp-json\/wp\/v2\/users\/2"}],"replies":[{"embeddable":true,"href":"https:\/\/www.europesays.com\/cz\/wp-json\/wp\/v2\/comments?post=176562"}],"version-history":[{"count":0,"href":"https:\/\/www.europesays.com\/cz\/wp-json\/wp\/v2\/posts\/176562\/revisions"}],"wp:featuredmedia":[{"embeddable":true,"href":"https:\/\/www.europesays.com\/cz\/wp-json\/wp\/v2\/media\/176563"}],"wp:attachment":[{"href":"https:\/\/www.europesays.com\/cz\/wp-json\/wp\/v2\/media?parent=176562"}],"wp:term":[{"taxonomy":"category","embeddable":true,"href":"https:\/\/www.europesays.com\/cz\/wp-json\/wp\/v2\/categories?post=176562"},{"taxonomy":"post_tag","embeddable":true,"href":"https:\/\/www.europesays.com\/cz\/wp-json\/wp\/v2\/tags?post=176562"}],"curies":[{"name":"wp","href":"https:\/\/api.w.org\/{rel}","templated":true}]}}