{"id":176702,"date":"2026-08-12T07:17:18","date_gmt":"2026-08-12T07:17:18","guid":{"rendered":"https:\/\/www.europesays.com\/cz\/176702\/"},"modified":"2026-08-12T07:17:18","modified_gmt":"2026-08-12T07:17:18","slug":"trump-potvrdil-ze-kvuli-iranske-hrozbe-vymenil-cestou-z-ankary-letadlo","status":"publish","type":"post","link":"https:\/\/www.europesays.com\/cz\/176702\/","title":{"rendered":"Trump potvrdil, \u017ee kv\u016fli \u00edr\u00e1nsk\u00e9 hrozb\u011b vym\u011bnil cestou z\u00a0Ankary letadlo"},"content":{"rendered":"<p class=\"e_bX\">Americk\u00fd prezident Donald Trump potvrdil, \u017ee po \u010dervencov\u00e9m summitu NATO v\u00a0tureck\u00e9 Anka\u0159e kv\u016fli mo\u017en\u00e9 bezpe\u010dnostn\u00ed hrozb\u011b tajn\u011b p\u0159esedl z\u00a0prezidentsk\u00e9ho letounu Air Force One do jin\u00e9ho vojensk\u00e9ho stroje. O\u00a0zm\u011bn\u011b tehdy nev\u011bd\u011bli ani novin\u00e1\u0159i a\u00a0\u010d\u00e1st zam\u011bstnanc\u016f B\u00edl\u00e9ho domu, kte\u0159\u00ed z\u016fstali na palub\u011b p\u016fvodn\u00edho letadla, p\u00ed\u0161e <a data-dot=\"atm-link\" target=\"_blank\" rel=\"noopener nofollow\" href=\"https:\/\/www.bbc.com\/news\/articles\/c980r4wpl9lo\" class=\"e_r\">BBC<\/a>.<\/p>\n<p class=\"e_bX\">\u201e\u0158\u00edd\u00edm se t\u00edm, co mi \u0159ekne Tajn\u00e1 slu\u017eba a\u00a0arm\u00e1da. Cht\u011bly, abych let\u011bl jin\u00fdm letadlem. Mus\u00edm prost\u011b d\u011blat, co mi \u0159eknou,\u201c uvedl Trump v\u00a0\u00fater\u00fd p\u0159ed novin\u00e1\u0159i.<\/p>\n<p><a data-dot=\"mol-article-card-media\" aria-hidden=\"true\" tabindex=\"-1\" href=\"https:\/\/www.seznamzpravy.cz\/clanek\/zahranicni-strach-z-atentatu-trump-po-summitu-nato-prchal-v-cateringovem-voze-312843\" class=\"e_r f_l5\" rel=\"nofollow noopener\" target=\"_blank\"><img fetchpriority=\"high\" height=\"1080\"   width=\"1920\" src=\"https:\/\/www.europesays.com\/cz\/wp-content\/uploads\/2026\/08\/1786519037_936_image.jpeg\" loading=\"eager\" decoding=\"sync\" class=\"e_aa e_Z\"\/><\/a><\/p>\n<p class=\"e_bX\">Americk\u00e9 \u00fa\u0159ady podle stanice CBS News zaznamenaly v\u011brohodnou \u00edr\u00e1nskou hrozbu, \u017ee by na prezident\u016fv letoun mohla b\u00fdt vyp\u00e1lena raketa. Den\u00edk The New York Times napsal, \u017ee americk\u00e9 zpravodajsk\u00e9 slu\u017eby m\u011bly informace o\u00a0\u010dlov\u011bku pobl\u00ed\u017e summitu v\u00a0Anka\u0159e, kter\u00fd byl spat\u0159en s\u00a0p\u0159enosnou protiletadlovou st\u0159elou.<\/p>\n<p class=\"e_bX\">Trump 8.\u00a0\u010dervence p\u0159ed televizn\u00edmi kamerami nastoupil do Air Force One. Podle den\u00edku The Washington Post ale n\u00e1sledn\u011b na opa\u010dn\u00e9 stran\u011b letadla tajn\u011b p\u0159e\u0161el do p\u0159istaven\u00e9ho cateringov\u00e9ho vozu, kter\u00fd ho p\u0159epravil k\u00a0men\u0161\u00edmu vojensk\u00e9mu letounu C-32A, upraven\u00e9mu Boeingu 757\u00a0vyu\u017e\u00edvan\u00e9mu mimo jin\u00e9 viceprezidentem.<\/p>\n<p class=\"e_bX\">Novin\u00e1\u0159i a\u00a0n\u011bkte\u0159\u00ed pracovn\u00edci B\u00edl\u00e9ho domu mezit\u00edm z\u016fstali v\u00a0p\u016fvodn\u00edm letadle a\u00a0dostali pokyn zat\u00e1hnout okenn\u00ed clony. O\u00a0tom, \u017ee prezident na palub\u011b nen\u00ed, nev\u011bd\u011bli. P\u016fvodn\u00ed letoun nad\u00e1le pou\u017e\u00edval volac\u00ed znak Air Force One, zat\u00edmco stroj s\u00a0Trumpem let\u011bl pod ozna\u010den\u00edm \u201eReach 18\u201c.<\/p>\n<p class=\"e_bX\">Man\u00e9vr vyvolal ot\u00e1zky, zda lid\u00e9 ponechan\u00ed v\u00a0p\u016fvodn\u00edm letadle nebyli vystaveni nebezpe\u010d\u00ed. Trump to odm\u00edtl s\u00a0t\u00edm, \u017ee podle n\u011bj byl naopak stroj, do kter\u00e9ho p\u0159esedl, vystaven \u201ev\u011bt\u0161\u00edmu riziku\u201c.<\/p>\n<p class=\"e_bX\">Trump u\u017e d\u0159\u00edve uvedl, \u017ee b\u011bhem summitu byl pro \u00cdr\u00e1n \u201ec\u00edlem \u010d\u00edslo jedna\u201c. \u201eAsi tam n\u011bjak\u00e1 hrozba byla. Moc jsem se na to nevypt\u00e1val. V\u00fdhr\u016f\u017eek dost\u00e1v\u00e1m hodn\u011b,\u201c \u0159ekl v\u00a0\u00fater\u00fd.<\/p>\n<p class=\"e_bX\">Podle BBC k\u00a0tajn\u00e9mu p\u0159esunu do\u0161lo den pot\u00e9, co Spojen\u00e9 st\u00e1ty obnovily vojensk\u00e9 \u00fadery proti \u00cdr\u00e1nu po krachu jedn\u00e1n\u00ed Washingtonu a\u00a0Teher\u00e1nu o\u00a0ukon\u010den\u00ed v\u00e1lky.<\/p>\n<p><a data-dot=\"mol-article-card-media\" aria-hidden=\"true\" tabindex=\"-1\" href=\"https:\/\/www.seznamzpravy.cz\/clanek\/zahranicni-soud-opet-zakazal-trumpove-vlade-provest-prikaz-omezujici-korespondencni-volbu-312941\" class=\"e_r f_l5\" rel=\"nofollow noopener\" target=\"_blank\"><img height=\"1385\"   width=\"2463\" src=\"https:\/\/www.europesays.com\/cz\/wp-content\/uploads\/2026\/08\/1786519037_409_trump.jpeg\" loading=\"eager\" decoding=\"sync\" class=\"e_aa e_Z\"\/><\/a><a data-dot=\"mol-article-card-media\" aria-hidden=\"true\" tabindex=\"-1\" href=\"https:\/\/www.seznamzpravy.cz\/clanek\/zahranicni-jsem-vam-k-dispozici-viktor-orban-nabizel-pomoc-vladimiru-putinovi-303435\" class=\"e_r f_l5\" rel=\"nofollow noopener\" target=\"_blank\"><img height=\"1053\"   width=\"1872\" src=\"https:\/\/www.europesays.com\/cz\/wp-content\/uploads\/2026\/08\/madarsko-orban.jpeg\" loading=\"eager\" decoding=\"sync\" class=\"e_aa e_Z\"\/><\/a><\/p>\n","protected":false},"excerpt":{"rendered":"Americk\u00fd prezident Donald Trump potvrdil, \u017ee po \u010dervencov\u00e9m summitu NATO v\u00a0tureck\u00e9 Anka\u0159e kv\u016fli mo\u017en\u00e9 bezpe\u010dnostn\u00ed hrozb\u011b tajn\u011b p\u0159esedl&hellip;\n","protected":false},"author":2,"featured_media":176703,"comment_status":"","ping_status":"","sticky":false,"template":"","format":"standard","meta":{"footnotes":"","_share_on_mastodon":"0"},"categories":[11],"tags":[212,5443,808,3209,54,53,52],"class_list":["post-176702","post","type-post","status-publish","format-standard","has-post-thumbnail","category-svet","tag-donald-trump","tag-hrozby","tag-iran","tag-letouny","tag-svet","tag-world","tag-world-news"],"share_on_mastodon":{"url":"https:\/\/pubeurope.com\/@cz\/117081319269635955","error":""},"_links":{"self":[{"href":"https:\/\/www.europesays.com\/cz\/wp-json\/wp\/v2\/posts\/176702","targetHints":{"allow":["GET"]}}],"collection":[{"href":"https:\/\/www.europesays.com\/cz\/wp-json\/wp\/v2\/posts"}],"about":[{"href":"https:\/\/www.europesays.com\/cz\/wp-json\/wp\/v2\/types\/post"}],"author":[{"embeddable":true,"href":"https:\/\/www.europesays.com\/cz\/wp-json\/wp\/v2\/users\/2"}],"replies":[{"embeddable":true,"href":"https:\/\/www.europesays.com\/cz\/wp-json\/wp\/v2\/comments?post=176702"}],"version-history":[{"count":0,"href":"https:\/\/www.europesays.com\/cz\/wp-json\/wp\/v2\/posts\/176702\/revisions"}],"wp:featuredmedia":[{"embeddable":true,"href":"https:\/\/www.europesays.com\/cz\/wp-json\/wp\/v2\/media\/176703"}],"wp:attachment":[{"href":"https:\/\/www.europesays.com\/cz\/wp-json\/wp\/v2\/media?parent=176702"}],"wp:term":[{"taxonomy":"category","embeddable":true,"href":"https:\/\/www.europesays.com\/cz\/wp-json\/wp\/v2\/categories?post=176702"},{"taxonomy":"post_tag","embeddable":true,"href":"https:\/\/www.europesays.com\/cz\/wp-json\/wp\/v2\/tags?post=176702"}],"curies":[{"name":"wp","href":"https:\/\/api.w.org\/{rel}","templated":true}]}}