{"id":176771,"date":"2026-08-12T08:32:14","date_gmt":"2026-08-12T08:32:14","guid":{"rendered":"https:\/\/www.europesays.com\/cz\/176771\/"},"modified":"2026-08-12T08:32:14","modified_gmt":"2026-08-12T08:32:14","slug":"dalsi-necekany-nalez-v-byte-po-zemrelem-muzi-z-plzenska-lezely-tisice-cennych-nalepek","status":"publish","type":"post","link":"https:\/\/www.europesays.com\/cz\/176771\/","title":{"rendered":"Dal\u0161\u00ed ne\u010dekan\u00fd n\u00e1lez. V\u00a0byt\u011b po zem\u0159el\u00e9m mu\u017ei z\u00a0Plze\u0148ska le\u017eely tis\u00edce cenn\u00fdch n\u00e1lepek"},"content":{"rendered":"<p class=\"c_bB\">Pr\u00e1v\u011b tam se \u010dty\u0159icet alb a\u00a0\u0161anon\u016f nakonec dostalo, informoval \u00da\u0159ad na sv\u00fdch webov\u00fdch str\u00e1nk\u00e1ch. P\u0159edb\u011b\u017enou cenu kolekce zat\u00edm odhadl na 300\u00a0tis\u00edc korun. Jej\u00ed hodnota m\u016f\u017ee je\u0161t\u011b vzr\u016fst, a\u017e ji odborn\u00edci detailn\u011b projdou. \u201eKompletn\u011bj\u0161\u00ed sb\u00edrku jsem dosud nevid\u011bl. Edice jsou dochovan\u00e9 ve velmi vysok\u00e9 kvalit\u011b,\u201c zhodnotil Novotn\u00fd.<\/p>\n<p class=\"c_bB\">\u00da\u0159edn\u00edci \u201epoklad\u201c na\u0161li v\u00a0Nepomuku na ji\u017en\u00edm Plze\u0148sku. Podle Novotn\u00e9ho obsahuje v\u00edce ne\u017e 10\u00a0tis\u00edc n\u00e1lepek a\u00a0rozlo\u017een\u00fdch krabi\u010dek na z\u00e1palky. \u201eKrom\u011b dom\u00e1c\u00ed v\u00fdroby jsou tam exportn\u00ed a\u00a0zahrani\u010dn\u00ed kousky, nap\u0159\u00edklad z\u00a0Polska nebo N\u011bmecka,\u201c nast\u00ednil kur\u00e1tor.<\/p>\n<p class=\"c_bB\">M\u011bsto Su\u0161ice bylo celosv\u011btov\u011b zn\u00e1m\u00e9 pr\u00e1v\u011b v\u00fdrobou sirek, tam\u011bj\u0161\u00ed pobo\u010dka Muzea \u0160umavy se pr\u00e1v\u011b i\u00a0na toto t\u00e9ma zam\u011b\u0159uje. Nov\u011b p\u0159ijat\u00e1 sb\u00edrka tak z\u00e1sadn\u011b roz\u0161\u00ed\u0159\u00ed tu st\u00e1vaj\u00edc\u00ed. \u201eNejstar\u0161\u00ed kousky poch\u00e1zej\u00ed z\u00a0obdob\u00ed prvn\u00ed republiky. Cenn\u00e9 jsou i\u00a0ty z\u00a0protektor\u00e1tu,\u201c uvedl Novotn\u00fd.<\/p>\n<p class=\"c_bB\">D\u00e1le \u0159ekl, \u017ee n\u00e1lepky jsou velmi citliv\u00e9 na sv\u011btlo, a\u00a0tak je muzeum pl\u00e1nuje vystavit jen kr\u00e1tkodob\u011b nebo p\u0159i zvl\u00e1\u0161tn\u00edch komentovan\u00fdch prohl\u00eddk\u00e1ch. \u201eI kdy\u017e je ned\u00e1me hned do vitr\u00edn, n\u00e1v\u0161t\u011bvn\u00edci se s\u00a0nimi p\u0159ece setkaj\u00ed. Ka\u017edoro\u010dn\u011b p\u0159ipravujeme hru N\u00e1lepkom\u00e1nie, kdy z\u00e1jemci dostanou zdarma ke vstupence album a\u00a0pokou\u0161ej\u00ed se naj\u00edt n\u00e1lepky schovan\u00e9 po cel\u00e9 budov\u011b,\u201c popsal.<\/p>\n<p class=\"c_bB\">Letos v\u00a0\u0159\u00edjnu p\u016fjde o\u00a0soubor mot\u00fdl\u016f, p\u0159\u00ed\u0161t\u00ed rok dojde \u0159ada pr\u00e1v\u011b na sirky. Tou dobou cht\u011bj\u00ed m\u00edt u\u017e kolekci kompletn\u011b prostudovanou a\u00a0evidovanou.<\/p>\n<p class=\"c_bB\">Ned\u00e1vno \u00da\u0159ad zve\u0159ejnil podobnou zpr\u00e1vu, kdy odborn\u00edci na\u0161li v\u00a0byt\u011b po zem\u0159el\u00e9m Plze\u0148anovi des\u00edtky cenn\u00fdch kru\u0161nohorsk\u00fdch figurek. D\u0159ev\u011bn\u00e9 postavy skon\u010dily v\u00a0N\u00e1rodn\u00edm muzeu.<\/p>\n<p><img fetchpriority=\"high\" height=\"1365\"   width=\"2048\" src=\"https:\/\/www.europesays.com\/cz\/wp-content\/uploads\/2026\/08\/pozustalost-plzen-nalepky-zapalky.jpeg\" loading=\"eager\" decoding=\"sync\" class=\"c_t c_r\"\/>Foto: \u00da\u0159ad pro zastupov\u00e1n\u00ed st\u00e1tu ve v\u011bcech majetkov\u00fdch<a data-dot=\"atm-link\" target=\"_self\" href=\"https:\/\/www.novinky.cz\/clanek\/koktejl-necekany-nalez-urednici-objevili-v-byte-zemreleho-plzenana-cenne-figurky-40585451\" class=\"c_N\" rel=\"nofollow noopener\"><img height=\"450\" width=\"800\" src=\"https:\/\/www.europesays.com\/cz\/wp-content\/uploads\/2026\/08\/1786523534_206_pozustalost-objev-plzen-figurky-krusne-hory.jpeg\" loading=\"eager\" decoding=\"sync\" class=\"c_t c_r\"\/><\/a><\/p>\n","protected":false},"excerpt":{"rendered":"Pr\u00e1v\u011b tam se \u010dty\u0159icet alb a\u00a0\u0161anon\u016f nakonec dostalo, informoval \u00da\u0159ad na sv\u00fdch webov\u00fdch str\u00e1nk\u00e1ch. P\u0159edb\u011b\u017enou cenu kolekce zat\u00edm&hellip;\n","protected":false},"author":2,"featured_media":176772,"comment_status":"","ping_status":"","sticky":false,"template":"","format":"standard","meta":{"footnotes":"","_share_on_mastodon":"0"},"categories":[7],"tags":[43,42,41,40,1863,10096,42619,41539,13124],"class_list":["post-176771","post","type-post","status-publish","format-standard","has-post-thumbnail","category-cesko","tag-ceska-republika","tag-cesko","tag-czech-republic","tag-czechia","tag-plzen","tag-sbirky","tag-sirky","tag-susice","tag-urad-pro-zastupovani-statu-ve-vecech-majetkovych"],"share_on_mastodon":{"url":"https:\/\/pubeurope.com\/@cz\/117081613896174538","error":""},"_links":{"self":[{"href":"https:\/\/www.europesays.com\/cz\/wp-json\/wp\/v2\/posts\/176771","targetHints":{"allow":["GET"]}}],"collection":[{"href":"https:\/\/www.europesays.com\/cz\/wp-json\/wp\/v2\/posts"}],"about":[{"href":"https:\/\/www.europesays.com\/cz\/wp-json\/wp\/v2\/types\/post"}],"author":[{"embeddable":true,"href":"https:\/\/www.europesays.com\/cz\/wp-json\/wp\/v2\/users\/2"}],"replies":[{"embeddable":true,"href":"https:\/\/www.europesays.com\/cz\/wp-json\/wp\/v2\/comments?post=176771"}],"version-history":[{"count":0,"href":"https:\/\/www.europesays.com\/cz\/wp-json\/wp\/v2\/posts\/176771\/revisions"}],"wp:featuredmedia":[{"embeddable":true,"href":"https:\/\/www.europesays.com\/cz\/wp-json\/wp\/v2\/media\/176772"}],"wp:attachment":[{"href":"https:\/\/www.europesays.com\/cz\/wp-json\/wp\/v2\/media?parent=176771"}],"wp:term":[{"taxonomy":"category","embeddable":true,"href":"https:\/\/www.europesays.com\/cz\/wp-json\/wp\/v2\/categories?post=176771"},{"taxonomy":"post_tag","embeddable":true,"href":"https:\/\/www.europesays.com\/cz\/wp-json\/wp\/v2\/tags?post=176771"}],"curies":[{"name":"wp","href":"https:\/\/api.w.org\/{rel}","templated":true}]}}