{"id":176857,"date":"2026-08-12T09:55:09","date_gmt":"2026-08-12T09:55:09","guid":{"rendered":"https:\/\/www.europesays.com\/cz\/176857\/"},"modified":"2026-08-12T09:55:09","modified_gmt":"2026-08-12T09:55:09","slug":"ropy-bude-vyrazne-mene-nez-se-cekalo","status":"publish","type":"post","link":"https:\/\/www.europesays.com\/cz\/176857\/","title":{"rendered":"Ropy bude v\u00fdrazn\u011b m\u00e9n\u011b, ne\u017e se \u010dekalo"},"content":{"rendered":"<p class=\"c_bB\">Glob\u00e1ln\u00ed popt\u00e1vka po rop\u011b pak letos klesne o\u00a01,6\u00a0milionu barel\u016f denn\u011b. Proti minul\u00e9 zpr\u00e1v\u011b to je zhor\u0161en\u00ed odhadu o\u00a0510\u00a0tis\u00edc barel\u016f denn\u011b, a\u00a0to kv\u016fli pokra\u010duj\u00edc\u00edmu omezen\u00ed lodn\u00ed dopravy p\u0159es Hormuzsk\u00fd pr\u016fliv a\u00a0kv\u016fli vysok\u00fdm cen\u00e1m pohonn\u00fdch hmot. V\u00fdvoz ropy z\u00a0Persk\u00e9ho z\u00e1livu, v\u010detn\u011b tras obch\u00e1zej\u00edc\u00edch zm\u00edn\u011bnou \u00fa\u017einu, klesl o\u00a02,1\u00a0milionu barel\u016f na 15\u00a0milion\u016f barel\u016f denn\u011b.<\/p>\n<p class=\"c_bB\">Stalo se tak pot\u00e9, co byl pr\u016fliv za\u010d\u00e1tkem \u010dervence fakticky znovu uzav\u0159en a\u00a0ropn\u00e1 infrastruktura a\u00a0tankery se staly ter\u010dem \u00fatok\u016f. Objem nakl\u00e1dky na za\u010d\u00e1tku \u010dervence vrcholil na 20\u00a0milionech barel\u016f denn\u011b, pozd\u011bji v\u00a0m\u011bs\u00edci ale klesl p\u0159ibli\u017en\u011b na 12\u00a0milion\u016f barel\u016f denn\u011b.<\/p>\n<p class=\"c_bB\">Podle IEA z\u016fst\u00e1v\u00e1 v\u00a0Persk\u00e9m z\u00e1livu mimo provoz t\u011b\u017eba odpov\u00eddaj\u00edc\u00ed p\u0159ibli\u017en\u011b 8,3\u00a0milionu barel\u016f denn\u011b. Celosv\u011btov\u00e1 nab\u00eddka ropy v\u00a0\u010dervenci sice vzrostla o\u00a02,4\u00a0milionu barel\u016f denn\u011b na 101,5\u00a0milionu barel\u016f denn\u011b, byla ale st\u00e1le o\u00a06,3\u00a0milionu barel\u016f denn\u011b ni\u017e\u0161\u00ed ne\u017e p\u0159ed rokem.<\/p>\n<p><a data-dot=\"atm-link\" target=\"_self\" href=\"https:\/\/www.novinky.cz\/clanek\/ekonomika-ropa-je-zpet-na-maximech-z-konce-cervence-40592205\" class=\"c_N\" rel=\"nofollow noopener\"><img fetchpriority=\"high\" height=\"2304\" width=\"4096\" src=\"https:\/\/www.europesays.com\/cz\/wp-content\/uploads\/2026\/08\/1786528509_145_f5e9.jpeg\" loading=\"eager\" decoding=\"sync\" class=\"c_t c_r\"\/><\/a><\/p>\n<p class=\"c_bB\">Celosv\u011btov\u00e9 pozorovateln\u00e9 z\u00e1soby ropy v\u00a0\u010dervenci klesly o\u00a069\u00a0milion\u016f barel\u016f, zejm\u00e9na kv\u016fli v\u00fdrazn\u00e9mu \u00fabytku objemu ropy na mo\u0159i. Z\u00e1soby na pevnin\u011b se sn\u00ed\u017eily jen m\u00edrn\u011b, a\u00a0to o\u00a0\u0161est milion\u016f barel\u016f. Celkov\u00e9 z\u00e1soby tak poprv\u00e9 od lo\u0148sk\u00e9ho dubna klesly pod 7,9\u00a0miliardy barel\u016f. Od za\u010d\u00e1tku v\u00e1lky s\u00a0\u00cdr\u00e1nem se sn\u00ed\u017eily o\u00a0410\u00a0milion\u016f barel\u016f, co\u017e odpov\u00edd\u00e1 poklesu o\u00a02,7\u00a0milionu barel\u016f denn\u011b.<\/p>\n<p class=\"c_bB\">Mezin\u00e1rodn\u00ed agentura pro energii sdru\u017euje 32\u00a0\u010dlensk\u00fdch zem\u00ed. Podle srpnov\u00e9 zpr\u00e1vy se tempo mimo\u0159\u00e1dn\u00fdch uvol\u0148ov\u00e1n\u00ed z\u00e1sob z\u00a0nouzov\u00fdch rezerv agentury v\u00a0\u010dervenci zpomalilo. V\u00a0b\u0159eznu p\u0159itom agentura dohodla dosud nejv\u011bt\u0161\u00ed koordinovan\u00e9 uvoln\u011bn\u00ed rezerv ropy v\u00a0historii, a\u00a0to v\u00a0objemu 400\u00a0milion\u016f barel\u016f.<\/p>\n<p class=\"c_bB\">Konflikt na Bl\u00edzk\u00e9m v\u00fdchod\u011b se vyhrotil, kdy\u017e Spojen\u00e9 st\u00e1ty a\u00a0Izrael na konci \u00fanora spole\u010dn\u011b ze vzduchu za\u00fato\u010dily na \u00cdr\u00e1n. Teher\u00e1n od t\u00e9 doby s\u00a0kr\u00e1tk\u00fdmi p\u0159est\u00e1vkami v\u00edcem\u00e9n\u011b blokuje lodn\u00ed dopravu p\u0159es Hormuzsk\u00fd pr\u016fliv, j\u00edm\u017e p\u0159ed zah\u00e1jen\u00edm konfliktu proudila p\u0159ibli\u017en\u011b p\u011btina sv\u011btov\u00fdch dod\u00e1vek ropy.<\/p>\n<p><a data-dot=\"atm-link\" target=\"_self\" href=\"https:\/\/www.novinky.cz\/clanek\/ekonomika-napeti-na-blizkem-vychode-muze-zhatit-ocekavany-prebytek-ropy-40587500\" class=\"c_N\" rel=\"nofollow noopener\"><img fetchpriority=\"high\" height=\"2304\" width=\"4096\" src=\"https:\/\/www.europesays.com\/cz\/wp-content\/uploads\/2026\/08\/1786528509_145_f5e9.jpeg\" loading=\"eager\" decoding=\"sync\" class=\"c_t c_r\"\/><\/a><\/p>\n","protected":false},"excerpt":{"rendered":"Glob\u00e1ln\u00ed popt\u00e1vka po rop\u011b pak letos klesne o\u00a01,6\u00a0milionu barel\u016f denn\u011b. Proti minul\u00e9 zpr\u00e1v\u011b to je zhor\u0161en\u00ed odhadu o\u00a0510\u00a0tis\u00edc&hellip;\n","protected":false},"author":2,"featured_media":176858,"comment_status":"","ping_status":"","sticky":false,"template":"","format":"standard","meta":{"footnotes":"","_share_on_mastodon":"0"},"categories":[12],"tags":[64,67,68,808,13251,205,54,62,5264],"class_list":["post-176857","post","type-post","status-publish","format-standard","has-post-thumbnail","category-byznys","tag-boje","tag-business","tag-byznys","tag-iran","tag-mezinarodni-agentura-pro-energii-iea","tag-ropa","tag-svet","tag-trh","tag-vyhled"],"share_on_mastodon":{"url":"https:\/\/pubeurope.com\/@cz\/117081940201206537","error":""},"_links":{"self":[{"href":"https:\/\/www.europesays.com\/cz\/wp-json\/wp\/v2\/posts\/176857","targetHints":{"allow":["GET"]}}],"collection":[{"href":"https:\/\/www.europesays.com\/cz\/wp-json\/wp\/v2\/posts"}],"about":[{"href":"https:\/\/www.europesays.com\/cz\/wp-json\/wp\/v2\/types\/post"}],"author":[{"embeddable":true,"href":"https:\/\/www.europesays.com\/cz\/wp-json\/wp\/v2\/users\/2"}],"replies":[{"embeddable":true,"href":"https:\/\/www.europesays.com\/cz\/wp-json\/wp\/v2\/comments?post=176857"}],"version-history":[{"count":0,"href":"https:\/\/www.europesays.com\/cz\/wp-json\/wp\/v2\/posts\/176857\/revisions"}],"wp:featuredmedia":[{"embeddable":true,"href":"https:\/\/www.europesays.com\/cz\/wp-json\/wp\/v2\/media\/176858"}],"wp:attachment":[{"href":"https:\/\/www.europesays.com\/cz\/wp-json\/wp\/v2\/media?parent=176857"}],"wp:term":[{"taxonomy":"category","embeddable":true,"href":"https:\/\/www.europesays.com\/cz\/wp-json\/wp\/v2\/categories?post=176857"},{"taxonomy":"post_tag","embeddable":true,"href":"https:\/\/www.europesays.com\/cz\/wp-json\/wp\/v2\/tags?post=176857"}],"curies":[{"name":"wp","href":"https:\/\/api.w.org\/{rel}","templated":true}]}}