{"id":177433,"date":"2026-08-12T20:08:16","date_gmt":"2026-08-12T20:08:16","guid":{"rendered":"https:\/\/www.europesays.com\/cz\/177433\/"},"modified":"2026-08-12T20:08:16","modified_gmt":"2026-08-12T20:08:16","slug":"v-indonesii-horel-trajekt-novinky","status":"publish","type":"post","link":"https:\/\/www.europesays.com\/cz\/177433\/","title":{"rendered":"V Indon\u00e9sii ho\u0159el trajekt &#8211; Novinky"},"content":{"rendered":"<p class=\"c_bB\">Trajekt KM Putri Yasmin pluj\u00edc\u00ed z\u00a0p\u0159\u00edstavu Padangbai na Bali do Lembaru na ostrov\u011b Lombok po\u017e\u00e1r zachv\u00e1til ve 4:39\u00a0m\u00edstn\u00edho \u010dasu (v \u00fater\u00fd ve 23:39\u00a0SEL\u010c), uv\u00e1d\u00ed agentura <a data-dot=\"atm-link\" target=\"_blank\" rel=\"noopener nofollow\" href=\"https:\/\/www.reuters.com\/world\/asia-pacific\/indonesian-ferry-bali-catches-fire-waters-off-lombok-evacuations-underway-2026-08-12\/\" class=\"c_N\">Reuters<\/a>. <\/p>\n<p class=\"c_bB\">P\u0159\u00ed\u010dina po\u017e\u00e1ru je zat\u00edm nejasn\u00e1. Potvrzen\u00e9 nen\u00ed ani, zda b\u011bhem n\u011bj sehr\u00e1la roli p\u0159epln\u011bnost plavidla.<\/p>\n<p class=\"c_bB\">Je u\u017e ov\u0161em zn\u00e1mo, \u017ee na lodi bylo v\u00edce lid\u00ed, ne\u017e bylo uvedeno v\u00a0seznamu cestuj\u00edc\u00edch. Podle toho m\u011blo b\u00fdt na palub\u011b 114\u00a0cestuj\u00edc\u00edch a\u00a017\u00a0\u010dlen\u016f pos\u00e1dky. Z\u00e1chran\u00e1\u0159i ale p\u0159ed po\u017e\u00e1rem zachr\u00e1nili 172\u00a0lid\u00ed a\u00a0nejm\u00e9n\u011b jeden \u010dlov\u011bk p\u0159i\u0161el o\u00a0\u017eivot. Mezi p\u0159e\u017eiv\u0161\u00edmi byl jeden Australan, ostatn\u00ed jsou Indon\u00e9san\u00e9.<\/p>\n<p class=\"c_bB\">Zpr\u00e1vy o\u00a0po\u017e\u00e1ru trajektu KM Putri Yasmin p\u0159ich\u00e1zej\u00ed m\u00e9n\u011b ne\u017e m\u011bs\u00edc po po\u017e\u00e1ru trajektu KM Mutiara Sentosa 2\u00a0u\u00a0ostrova Madura. P\u0159i tom p\u0159i\u0161lo o\u00a0\u017eivot p\u011bt lid\u00ed, a\u00a0i v\u00a0tomto p\u0159\u00edpad\u011b bylo na palub\u011b plavidla v\u00edce lid\u00ed, ne\u017e uv\u00e1d\u011bl seznam cestuj\u00edc\u00edch.<\/p>\n<p class=\"c_bB\">V Indon\u00e9sii, zemi sest\u00e1vaj\u00edc\u00ed ze 17\u00a0tis\u00edc ostrov\u016f, jsou trajekty kl\u00ed\u010dov\u00fdm dopravn\u00edm prost\u0159edkem, kter\u00fd je pro m\u00edstn\u00ed mnohem dostupn\u011bj\u0161\u00ed ne\u017e leteck\u00e1 doprava. Trajekty ale z\u00e1rove\u0148 maj\u00ed pom\u011brn\u011b vysokou m\u00edru nehod, co\u017e souvis\u00ed s\u00a0nedodr\u017eov\u00e1n\u00edm bezpe\u010dnostn\u00edch standard\u016f.<\/p>\n<p><a data-dot=\"atm-link\" target=\"_self\" href=\"https:\/\/www.novinky.cz\/clanek\/zahranicni-svet-z-trajektu-u-indoneskeho-ostrova-se-valil-dym-pri-pozaru-zahynulo-nejmene-pet-lidi-40590946\" class=\"c_N\" rel=\"nofollow noopener\"><img fetchpriority=\"high\" height=\"1080\" width=\"1920\" src=\"https:\/\/www.europesays.com\/cz\/wp-content\/uploads\/2026\/08\/1786565296_88_indonesie-lod-pozar.jpeg\" loading=\"eager\" decoding=\"sync\" class=\"c_t c_r\"\/><\/a><\/p>\n","protected":false},"excerpt":{"rendered":"Trajekt KM Putri Yasmin pluj\u00edc\u00ed z\u00a0p\u0159\u00edstavu Padangbai na Bali do Lembaru na ostrov\u011b Lombok po\u017e\u00e1r zachv\u00e1til ve 4:39\u00a0m\u00edstn\u00edho&hellip;\n","protected":false},"author":2,"featured_media":177434,"comment_status":"","ping_status":"","sticky":false,"template":"","format":"standard","meta":{"footnotes":"","_share_on_mastodon":"0"},"categories":[11],"tags":[1591,1242,42681,735,54,8426,53,52],"class_list":["post-177433","post","type-post","status-publish","format-standard","has-post-thumbnail","category-svet","tag-bali","tag-indonesie","tag-lombok","tag-pozar","tag-svet","tag-trajekt","tag-world","tag-world-news"],"share_on_mastodon":{"url":"https:\/\/pubeurope.com\/@cz\/117084350596930045","error":""},"_links":{"self":[{"href":"https:\/\/www.europesays.com\/cz\/wp-json\/wp\/v2\/posts\/177433","targetHints":{"allow":["GET"]}}],"collection":[{"href":"https:\/\/www.europesays.com\/cz\/wp-json\/wp\/v2\/posts"}],"about":[{"href":"https:\/\/www.europesays.com\/cz\/wp-json\/wp\/v2\/types\/post"}],"author":[{"embeddable":true,"href":"https:\/\/www.europesays.com\/cz\/wp-json\/wp\/v2\/users\/2"}],"replies":[{"embeddable":true,"href":"https:\/\/www.europesays.com\/cz\/wp-json\/wp\/v2\/comments?post=177433"}],"version-history":[{"count":0,"href":"https:\/\/www.europesays.com\/cz\/wp-json\/wp\/v2\/posts\/177433\/revisions"}],"wp:featuredmedia":[{"embeddable":true,"href":"https:\/\/www.europesays.com\/cz\/wp-json\/wp\/v2\/media\/177434"}],"wp:attachment":[{"href":"https:\/\/www.europesays.com\/cz\/wp-json\/wp\/v2\/media?parent=177433"}],"wp:term":[{"taxonomy":"category","embeddable":true,"href":"https:\/\/www.europesays.com\/cz\/wp-json\/wp\/v2\/categories?post=177433"},{"taxonomy":"post_tag","embeddable":true,"href":"https:\/\/www.europesays.com\/cz\/wp-json\/wp\/v2\/tags?post=177433"}],"curies":[{"name":"wp","href":"https:\/\/api.w.org\/{rel}","templated":true}]}}