{"id":177827,"date":"2026-08-13T08:18:10","date_gmt":"2026-08-13T08:18:10","guid":{"rendered":"https:\/\/www.europesays.com\/cz\/177827\/"},"modified":"2026-08-13T08:18:10","modified_gmt":"2026-08-13T08:18:10","slug":"vonnova-si-dava-do-tela-spontanni-vylet-ji-nabizi-i-relax-v-bikinach","status":"publish","type":"post","link":"https:\/\/www.europesays.com\/cz\/177827\/","title":{"rendered":"Vonnov\u00e1 si d\u00e1v\u00e1 do t\u011bla. Spont\u00e1nn\u00ed v\u00fdlet j\u00ed nab\u00edz\u00ed i\u00a0relax v\u00a0bikin\u00e1ch"},"content":{"rendered":"<p class=\"b_bF\">D\u0159e doma, ale i\u00a0v\u0161ude tam, kam p\u0159ijede. V\u016fbec to nevypad\u00e1, \u017ee by cht\u011bla kon\u010dit, ostatn\u011b u\u017e d\u0159\u00edve jasn\u011b \u0159ekla, \u017ee v\u0161e je otev\u0159en\u00e9. <\/p>\n<p class=\"b_bF\">Ve \u017ehav\u00e9m l\u00e9t\u011b fanou\u0161k\u016fm z\u0159eteln\u011b p\u0159ipom\u00edn\u00e1, jak jej\u00ed rekonvalescence po karambolu na \u00fanorov\u00e9 olympi\u00e1d\u011b pokra\u010duje.<\/p>\n<p class=\"b_bF\">I v\u00a0t\u011bchto dnech. Jak odhalila na s\u00edt\u00edch, sbalila si kufry a\u00a0odcestovala do \u0158ecka. U\u017e\u00edv\u00e1 si tam slunce, ale tak\u00e9 si d\u00e1v\u00e1 do t\u011bla v\u00a0posilovn\u011b.<\/p>\n<p class=\"b_bF\">\u201eSpont\u00e1nn\u00ed rozhodnut\u00ed\u201c, p\u00ed\u0161e Vonnov\u00e1 k\u00a0rozhodnut\u00ed vyrazit do \u0158ecka. Tak\u00e9 zve\u0159ejnila fotografii se spole\u010dn\u00edkem, americk\u00fdm\u00a0novin\u00e1\u0159em Samem Lanskym. <\/p>\n<p class=\"b_bF\">Zda se na Mykonosu n\u00e1hodn\u011b setkali, nebo cestovali spole\u010dn\u011b, nen\u00ed zcela z\u0159ejm\u00e9.<\/p>\n<p><img fetchpriority=\"high\" height=\"1800\"   width=\"1439\" src=\"https:\/\/www.europesays.com\/cz\/wp-content\/uploads\/2026\/08\/vonnova-paddleboard.jpeg\" loading=\"eager\" decoding=\"sync\" class=\"b_B b_z\"\/>Foto: PLANET PHOTOS \/ Planet , Profimedia.cz<\/p>\n<p class=\"b_bF\">Lindsey Vonnov\u00e1 v\u00a0akci na vod\u011b.  <\/p>\n<p class=\"b_bF\">Spont\u00e1nn\u00ed v\u00fdlety, jako je tento, podle n\u00ed pat\u0159\u00ed k\u00a0nejlep\u0161\u00edm. \u201eNikdy nev\u00edte, kam v\u00e1s \u017eivot zavede,\u201c p\u00ed\u0161e d\u00e1le Ameri\u010danka.<\/p>\n<p class=\"b_bF\">P\u0159id\u00e1v\u00e1 s\u00e9rii fotografi\u00ed nejen v\u00a0bikin\u00e1ch od vody a\u00a0slovn\u011b z\u016fst\u00e1v\u00e1 jen u\u00a0p\u0159i\u017eivov\u00e1n\u00ed n\u00e1znak\u016f a\u00a0nejasnost\u00ed. \u201eKdy\u017e se jedny dve\u0159e zav\u0159ou, otev\u0159ou se jin\u00e9\u2026 M\u011bjte o\u010di a\u00a0srdce otev\u0159en\u00e9\u2026,\u201c dodala. <\/p>\n<p><a data-dot=\"atm-link\" target=\"_self\" href=\"https:\/\/www.sport.cz\/clanek\/zimni-sporty-lyzovani-poprve-v-satech-odhalene-jizvy-byla-jsem-nesva-priznala-vonnova-po-tezkem-rozhodovani-5480907\" class=\"b_V g_ia\" rel=\"nofollow noopener\"><img height=\"2191\" width=\"2922\" src=\"https:\/\/www.europesays.com\/cz\/wp-content\/uploads\/2026\/08\/3433.jpeg\" loading=\"eager\" decoding=\"sync\" class=\"b_B b_z\"\/><\/a><\/p>\n","protected":false},"excerpt":{"rendered":"D\u0159e doma, ale i\u00a0v\u0161ude tam, kam p\u0159ijede. V\u016fbec to nevypad\u00e1, \u017ee by cht\u011bla kon\u010dit, ostatn\u011b u\u017e d\u0159\u00edve jasn\u011b&hellip;\n","protected":false},"author":2,"featured_media":177828,"comment_status":"","ping_status":"","sticky":false,"template":"","format":"standard","meta":{"footnotes":"","_share_on_mastodon":"0"},"categories":[15],"tags":[1471,1805,364,94,93],"class_list":["post-177827","post","type-post","status-publish","format-standard","has-post-thumbnail","category-sport","tag-dovolena","tag-lindsey-vonn","tag-lyzovani","tag-sport","tag-sports"],"share_on_mastodon":{"url":"https:\/\/pubeurope.com\/@cz\/117087221315321456","error":""},"_links":{"self":[{"href":"https:\/\/www.europesays.com\/cz\/wp-json\/wp\/v2\/posts\/177827","targetHints":{"allow":["GET"]}}],"collection":[{"href":"https:\/\/www.europesays.com\/cz\/wp-json\/wp\/v2\/posts"}],"about":[{"href":"https:\/\/www.europesays.com\/cz\/wp-json\/wp\/v2\/types\/post"}],"author":[{"embeddable":true,"href":"https:\/\/www.europesays.com\/cz\/wp-json\/wp\/v2\/users\/2"}],"replies":[{"embeddable":true,"href":"https:\/\/www.europesays.com\/cz\/wp-json\/wp\/v2\/comments?post=177827"}],"version-history":[{"count":0,"href":"https:\/\/www.europesays.com\/cz\/wp-json\/wp\/v2\/posts\/177827\/revisions"}],"wp:featuredmedia":[{"embeddable":true,"href":"https:\/\/www.europesays.com\/cz\/wp-json\/wp\/v2\/media\/177828"}],"wp:attachment":[{"href":"https:\/\/www.europesays.com\/cz\/wp-json\/wp\/v2\/media?parent=177827"}],"wp:term":[{"taxonomy":"category","embeddable":true,"href":"https:\/\/www.europesays.com\/cz\/wp-json\/wp\/v2\/categories?post=177827"},{"taxonomy":"post_tag","embeddable":true,"href":"https:\/\/www.europesays.com\/cz\/wp-json\/wp\/v2\/tags?post=177827"}],"curies":[{"name":"wp","href":"https:\/\/api.w.org\/{rel}","templated":true}]}}