{"id":17816,"date":"2026-03-08T09:45:09","date_gmt":"2026-03-08T09:45:09","guid":{"rendered":"https:\/\/www.europesays.com\/cz\/17816\/"},"modified":"2026-03-08T09:45:09","modified_gmt":"2026-03-08T09:45:09","slug":"likvidacni-macinka-skrtne-penize-pro-zahranicni-vysilani-ceskeho-rozhlasu","status":"publish","type":"post","link":"https:\/\/www.europesays.com\/cz\/17816\/","title":{"rendered":"\u201eLikvida\u010dn\u00ed.\u201c Macinka \u0161krtne pen\u00edze pro zahrani\u010dn\u00ed vys\u00edl\u00e1n\u00ed \u010cesk\u00e9ho rozhlasu"},"content":{"rendered":"<p class=\"e_bK\">\u010cesk\u00fd rozhlas (\u010cRo) do zahrani\u010d\u00ed vys\u00edl\u00e1 v\u00a0sedmi sv\u011btov\u00fdch jazyc\u00edch, p\u0159i\u010dem\u017e mu tuto povinnost ukl\u00e1d\u00e1 z\u00e1kon. \u201eC\u00edlem je poskytovat kvalifikovan\u00e9 a\u00a0objektivn\u00ed informace o\u00a0politick\u00e9m, ekonomick\u00e9m, kulturn\u00edm a\u00a0celospole\u010densk\u00e9m v\u00fdvoji v\u00a0\u010cR v\u00a0souladu s\u00a0koncepc\u00ed zahrani\u010dn\u00ed politiky,\u201c <a data-dot=\"atm-link\" target=\"_blank\" rel=\"noopener nofollow\" href=\"https:\/\/mzv.gov.cz\/jnp\/cz\/zahranicni_vztahy\/krajane\/radio_praha_rozhlasove_vysilani_do\/index.html\" class=\"e_m\">p\u00ed\u0161e<\/a> se na str\u00e1nk\u00e1ch ministerstva zahrani\u010d\u00ed, kter\u00e9 vys\u00edl\u00e1n\u00ed financuje jako sou\u010d\u00e1st sv\u00fdch st\u00e1tn\u011b-propaga\u010dn\u00edch a\u00a0informa\u010dn\u00edch aktivit.<\/p>\n<p class=\"e_bK\">Ministr Petr Macinka (Motorist\u00e9) ale v\u00a0\u00fanoru v\u00a0r\u00e1mci projedn\u00e1v\u00e1n\u00ed st\u00e1tn\u00edho rozpo\u010dtu na leto\u0161n\u00ed rok uvedl, \u017ee chce financov\u00e1n\u00ed \u010cRo v\u00a0zahrani\u010d\u00ed o\u00a0necelou \u010dtvrtinu se\u0161krtat a\u00a0v p\u0159\u00ed\u0161t\u00edm roce stopnout \u00fapln\u011b.<\/p>\n<p class=\"e_bK\">Podle medi\u00e1ln\u00edch odborn\u00edk\u016f by to mohlo tuto ve\u0159ejnou slu\u017ebu polo\u017eit. \u201ePro Radio Prague International v\u00a0sou\u010dasn\u00e9 podob\u011b by to bylo likvida\u010dn\u00ed. Rozhlas by prakticky musel vymyslet jinou formu, jak plnit povinnost podle z\u00e1kona, dokud mu ji st\u00e1t nezaplat\u00ed,\u201c vysv\u011btluje medi\u00e1ln\u00ed analytik Filip Ro\u017e\u00e1nek.<\/p>\n<p><a data-dot=\"mol-article-card-media\" aria-hidden=\"true\" tabindex=\"-1\" href=\"https:\/\/www.seznamzpravy.cz\/clanek\/domaci-politika-penize-pro-ct-a-rozhlas-poplatky-nebudou-lide-ale-stejne-zaplati-297519\" class=\"e_m h_mi\" rel=\"nofollow noopener\" target=\"_blank\"><img fetchpriority=\"high\" height=\"1800\"   width=\"3200\" src=\"https:\/\/d39-a.sdn.cz\/d_39\/c_img_og_A\/kOzkBkwYBTxrzzGT8FOMuJT\/ac04.jpeg?fl=cro,0,76,3200,1800%7Cres,320,,1%7Cjpg,80,,1\" loading=\"eager\" decoding=\"sync\" class=\"e_U e_S\"\/><\/a><\/p>\n<p class=\"e_bK\">Mluv\u010d\u00ed \u010cesk\u00e9ho rozhlasu Seznam Zpr\u00e1v\u00e1m \u0159ekla, \u017ee se resort zahrani\u010d\u00ed k\u00a0pl\u00e1novan\u00e9mu financov\u00e1n\u00ed podrobn\u011bji nevyj\u00e1d\u0159il. \u201e\u010cesk\u00fd rozhlas dosud od Ministerstva zahrani\u010dn\u00edch v\u011bc\u00ed ani od jin\u00e9ho org\u00e1nu st\u00e1tu neobdr\u017eel \u017e\u00e1dn\u00e9 ofici\u00e1ln\u00ed rozhodnut\u00ed o\u00a0sn\u00ed\u017een\u00ed rozpo\u010dtu na leto\u0161n\u00ed rok ani o\u00a0jeho \u00fapln\u00e9m zru\u0161en\u00ed od roku 2027.\u00a0Informaci jsme zaznamenali pouze z\u00a0vystoupen\u00ed ministra Petra Macinky v\u00a0Poslaneck\u00e9 sn\u011bmovn\u011b P\u010cR,\u201c \u0159\u00edk\u00e1 Lidija Erlebachov\u00e1.<\/p>\n<p class=\"e_bK\">V Rozhlase tak zat\u00edm pracuj\u00ed pouze s\u00a0t\u00edm, co \u0161\u00e9f \u010desk\u00e9 diplomacie \u0159ekl ve Sn\u011bmovn\u011b. \u201eRozhodl jsem o\u00a0vypov\u011bzen\u00ed smlouvy s\u00a0\u010cesk\u00fdm rozhlasem na zahrani\u010dn\u00edm vys\u00edl\u00e1n\u00ed rozhlasu, co\u017e v\u00a0leto\u0161n\u00edm roce bude znamenat sn\u00ed\u017een\u00ed o\u00a08,75\u00a0milionu na kone\u010dn\u00fdch 26,25\u00a0milionu a\u00a0od roku 2027\u00a0na nula korun,\u201c sd\u011blil v\u00a0\u00fanoru Macinka.<\/p>\n<p class=\"e_bK\">Redakce se na chystan\u00e9 zm\u011bny ve financov\u00e1n\u00ed zahrani\u010dn\u00edho vys\u00edl\u00e1n\u00ed ptala ministerstva zahrani\u010d\u00ed, resort do vyd\u00e1n\u00ed \u010dl\u00e1nku neodpov\u011bd\u011bl.<\/p>\n<p>Rozhlas se chyst\u00e1 na \u0161krty<\/p>\n<p class=\"e_bK\">Radio Prague International vys\u00edl\u00e1 v\u00a0cizin\u011b prost\u0159ednictv\u00edm partnersk\u00fdch rozhlasov\u00fdch stanic u\u017e od roku 1936.\u00a0Pokud ke \u0161krt\u016fm dojde, Rozhlas po\u010d\u00edt\u00e1 s\u00a0omezen\u00edm slu\u017eeb.<\/p>\n<p class=\"e_bK\">\u201eKonkr\u00e9tn\u00ed rozsah vys\u00edl\u00e1n\u00ed jsou \u010cesk\u00fd rozhlas a\u00a0Ministerstvo zahrani\u010dn\u00edch v\u011bc\u00ed povinny stanovovat ve smlouv\u011b. Pokud obdr\u017e\u00edme ofici\u00e1ln\u00ed stanovisko, budeme situaci analyzovat a\u00a0p\u0159\u00edpadn\u011b budeme nuceni p\u0159ijmout odpov\u00eddaj\u00edc\u00ed restriktivn\u00ed opat\u0159en\u00ed v\u00a0podob\u011b v\u00fdrazn\u00e9ho omezen\u00ed slu\u017eby,\u201c dopl\u0148uje Erlebachov\u00e1.<\/p>\n<p class=\"e_bK\">Podle expert\u016f by \u010cesk\u00e9mu rozhlasu v\u00a0p\u0159\u00edpad\u011b zastaven\u00ed financov\u00e1n\u00ed zb\u00fdvaly dv\u011b mo\u017enosti, jak situaci vy\u0159e\u0161it: omezit vys\u00edl\u00e1n\u00ed ur\u010dit\u00fdch stanic, nebo n\u00e1klady hradit z\u00a0rozhlasov\u00fdch poplatk\u016f.<\/p>\n<p class=\"e_bK\">\u201e\u010cesk\u00fd rozhlas m\u00e1 n\u011bkolik des\u00edtek stanic. Krom\u011b t\u011bch celoplo\u0161n\u00fdch vys\u00edl\u00e1 tak\u00e9 p\u0159es internet. To znamen\u00e1, \u017ee je tam v\u00edce adept\u016f na to, kde by se \u0161et\u0159ilo. Z\u00e1rove\u0148 se ob\u00e1v\u00e1m, \u017ee by to mohlo zaj\u00edt a\u017e do situace, kdy by se n\u00e1klady platily z\u00a0pen\u011bz lid\u00ed,\u201c \u0159\u00edk\u00e1 Karol Lova\u0161 z\u00a0Institutu komunika\u010dn\u00edch studi\u00ed a\u00a0\u017eurnalistiky Univerzity Karlovy.<\/p>\n<p><a data-dot=\"mol-article-card-media\" aria-hidden=\"true\" tabindex=\"-1\" href=\"https:\/\/www.seznamzpravy.cz\/clanek\/domaci-politika-spd-tlaci-na-klempire-kvuli-poplatkum-reseni-jim-ponese-v-pondeli-298785\" class=\"e_m h_mi\" rel=\"nofollow noopener\" target=\"_blank\"><img fetchpriority=\"high\" height=\"1800\"   width=\"3200\" src=\"https:\/\/d39-a.sdn.cz\/d_39\/c_img_og_A\/kOzkBkwYBTxrzzGT8FOMuJT\/ac04.jpeg?fl=cro,0,76,3200,1800%7Cres,320,,1%7Cjpg,80,,1\" loading=\"eager\" decoding=\"sync\" class=\"e_U e_S\"\/><\/a><\/p>\n<p class=\"e_bK\">Petr Macinka sv\u00e1 slova ze Sn\u011bmovny potvrdil i\u00a0minul\u00fd v\u00edkend, kdy \u0159ekl, \u017ee mu financov\u00e1n\u00ed \u010cRo v\u00a0dob\u011b internetu p\u0159ijde nesmysln\u00e9. \u201eMysl\u00edm si, \u017ee 8,75\u00a0milionu nejsou \u017e\u00e1dn\u00e9 existen\u010dn\u00ed pen\u00edze. Chceme to p\u0159estat financovat, proto\u017ee od ledna 2027\u00a0bude komplexn\u00ed zm\u011bna financov\u00e1n\u00ed ve\u0159ejnopr\u00e1vn\u00edch m\u00e9di\u00ed. Vylu\u010duji, \u017ee bychom to likvidovali a\u00a0\u017ee by to pro Rozhlas m\u011bla b\u00fdt existen\u010dn\u00ed hrozba,\u201c uvedl v\u00a0Ot\u00e1zk\u00e1ch V\u00e1clava Moravce.<\/p>\n<p class=\"e_bK\">Pokud poslanci schv\u00e1l\u00ed st\u00e1tn\u00ed rozpo\u010det, a\u00a0t\u00edm p\u00e1dem i\u00a0\u010d\u00e1stku 26,25\u00a0milionu na zahrani\u010dn\u00ed rozhlasov\u00e9 vys\u00edl\u00e1n\u00ed, bude se jednat o\u00a0nejni\u017e\u0161\u00ed p\u0159\u00edsp\u011bvek pro stanici za posledn\u00edch deset let. Do roku 2020\u00a0vynakl\u00e1dal st\u00e1t na Radio Prague International 27,7\u00a0milionu korun. V\u00a0letech 2021\u00a0a\u00a02022\u00a0\u010d\u00e1stku nav\u00fd\u0161il na 28,5\u00a0milionu, pot\u00e9 na 33, respektive 35\u00a0milion\u016f.<\/p>\n<p>M\u00e9dia p\u0159edm\u011btem politiky<\/p>\n<p class=\"e_bK\">Podle Ro\u017e\u00e1nka m\u016f\u017ee doj\u00edt k\u00a0situaci, kdy Rozhlas ze z\u00e1kona bude muset vys\u00edlat do zahrani\u010d\u00ed, pen\u00edze na to ale nedostane. <\/p>\n<p class=\"e_bK\">\u201eRe\u00e1ln\u011b by tedy asi produkce servisu pro zahrani\u010d\u00ed pokra\u010dovala v\u00a0n\u011bjak\u00e9 omezen\u00e9 form\u011b, aby byla napln\u011bna litera z\u00e1kona, ale Rozhlas by provoz musel vykr\u00fdt z\u00a0jin\u00fdch zdroj\u016f. St\u00e1tu by z\u00e1rove\u0148 v\u00a0podstat\u011b nar\u016fstal dluh v\u016f\u010di \u010cesk\u00e9mu rozhlasu za objednanou, ale nezaplacenou slu\u017ebu. Je to dobr\u00e1 uk\u00e1zka rizika financov\u00e1n\u00ed m\u00e9di\u00ed ve\u0159ejn\u00e9 slu\u017eby z\u00a0rozpo\u010dtu,\u201c uvedl.<\/p>\n<p class=\"e_bK\">Lova\u0161 zase upozor\u0148uje, \u017ee se m\u00e9dia st\u00e1vaj\u00ed p\u0159edm\u011btem politiky. \u201eP\u0159i takto v\u00e1\u017en\u00fdch rozhodnut\u00edch, jako je aktu\u00e1ln\u011b financov\u00e1n\u00ed \u010cRo, by m\u011bla p\u0159edch\u00e1zet odborn\u00e1 debata, kter\u00e1 m\u016f\u017ee b\u00fdt podkladem pro kone\u010dn\u00e9 rozhodnut\u00ed politik\u016f. Pokud n\u011bco omez\u00edme nebo zru\u0161\u00edme, jen t\u011b\u017eko se to pak obnovuje,\u201c varuje Lova\u0161.<\/p>\n<p class=\"e_bK\">Z\u00e1rove\u0148 dod\u00e1v\u00e1, \u017ee kdysi byl v\u00fdznam r\u00e1dia ohromn\u00fd, ale dnes u\u017e takov\u00fd dosah m\u00edt nemus\u00ed: \u201eMlad\u00e1 generace z\u016fst\u00e1v\u00e1 absolutn\u011b imunn\u00ed v\u016f\u010di televizi nebo r\u00e1diu. Dnes, abychom ovlivnili lidi v\u00a0zahrani\u010d\u00ed \u010di cizince v\u00a0\u010cesku, m\u016f\u017eeme vyu\u017e\u00edt efektivn\u011bj\u0161\u00edch n\u00e1stroj\u016f.\u201c<\/p>\n<p>R\u00e1dio jako strategick\u00e1 informa\u010dn\u00ed politika<\/p>\n<p class=\"e_bK\">Medi\u00e1ln\u00ed odborn\u00edci poukazuj\u00ed na to, \u017ee v\u00a0r\u00e1mci \u0161krt\u016f ve vl\u00e1dn\u00edch v\u00fddaj\u00edch se k\u00a0podobn\u00e9mu kroku uch\u00fdlil i\u00a0americk\u00fd prezident Donald Trump, kter\u00fd loni v\u00a0b\u0159eznu p\u0159eru\u0161il financov\u00e1n\u00ed R\u00e1dia Svobodn\u00e1 Evropa a\u00a0Hlasu Ameriky. Na to reagovalo nap\u0159\u00edklad Polsko.<\/p>\n<p class=\"e_bK\"> \u201ePol\u00e1ci necht\u011bj\u00ed, aby vznikl\u00fd prostor po americk\u00e9m vys\u00edl\u00e1n\u00ed obsadila informa\u010dn\u011b \u010c\u00edna a\u00a0Rusko. Vys\u00edlaj\u00ed tedy nejen do zem\u00ed, kde \u017eije velk\u00e1 polsk\u00e1 komunita, ale i\u00a0do st\u00e1t\u016f, kter\u00e9 m\u016f\u017eou b\u00fdt strategicky d\u016fle\u017eit\u00e9 pro spolupr\u00e1ci s\u00a0evropsk\u00fdm kontinentem,\u201c \u0159\u00edk\u00e1 Ro\u017e\u00e1nek a\u00a0poukazuje na to, \u017ee\u00a0u\u00a0\u010cesk\u00e9ho rozhlasu tak nemus\u00ed j\u00edt jen o\u00a0\u0161\u00ed\u0159en\u00ed dobr\u00e9ho jm\u00e9na.<\/p>\n<p><a data-dot=\"mol-article-card-media\" aria-hidden=\"true\" tabindex=\"-1\" href=\"https:\/\/www.seznamzpravy.cz\/clanek\/volby-do-poslanecke-snemovny-komentar-nula-nejoblibenejsi-vydaj-na-hodnotovou-zahranicni-politiku-287188\" class=\"e_m h_mi\" rel=\"nofollow noopener\" target=\"_blank\"><img height=\"1687\"   width=\"3000\" src=\"https:\/\/d39-a.sdn.cz\/d_39\/c_img_oX_A\/nPw2pRkMOeBJ1AuasCpTDqm\/8483.jpeg?fl=cro,0,156,3000,1687%7Cres,320,,1%7Cjpg,80,,1\" loading=\"eager\" decoding=\"sync\" class=\"e_U e_S\"\/><\/a><\/p>\n<p class=\"e_bK\">S t\u00edm souhlas\u00ed tak\u00e9 b\u00fdval\u00fd ministr pro evropsk\u00e9 z\u00e1le\u017eitosti Martin Dvo\u0159\u00e1k (STAN), kter\u00fd pova\u017euje vys\u00edl\u00e1n\u00ed \u010cRo v\u00a0zahrani\u010d\u00ed v\u00a0dob\u011b geopolitick\u00e9ho nap\u011bt\u00ed za d\u016fle\u017eit\u00e9. \u201eVys\u00edl\u00e1me a\u00a0pos\u00edl\u00e1me vzkazy do \u0159ady zem\u00ed, kter\u00e9 &#8211; pokud nebudou ope\u010dov\u00e1v\u00e1ny zem\u011bmi demokratick\u00fdmi &#8211; chop\u00ed se tam moci a\u00a0vlivu zem\u011b demokratick\u00e9 m\u00e9n\u011b, typu \u010c\u00edny a\u00a0Ruska,\u201c \u0159ekl Dvo\u0159\u00e1k minul\u00fd t\u00fdden v\u00a0Ot\u00e1zk\u00e1ch V\u00e1clava Moravce.<\/p>\n<p class=\"e_bK\">Na rizika <a data-dot=\"atm-link\" target=\"_blank\" rel=\"noopener nofollow\" href=\"https:\/\/x.com\/Jan_Jakob\/status\/2026965635629015320?s=20\" class=\"e_m\">upozornil<\/a> rovn\u011b\u017e p\u0159edseda poslaneck\u00e9ho klubu TOP 09\u00a0Jan Jakob. Sn\u011bmovn\u011b u\u017e opozi\u010dn\u00ed poslanci p\u0159edlo\u017eili pozm\u011b\u0148ovac\u00ed n\u00e1vrh ke st\u00e1tn\u00edmu rozpo\u010dtu, ve kter\u00e9m navrhuj\u00ed pen\u00edze na zahrani\u010dn\u00ed vys\u00edl\u00e1n\u00ed zachovat. \u010c\u00e1stku 8,75\u00a0milionu korun cht\u011bj\u00ed vz\u00edt z\u00a0vl\u00e1dn\u00ed rozpo\u010dtov\u00e9 rezervy. \u201eV dob\u011b zv\u00fd\u0161en\u00e9ho geopolitick\u00e9ho nap\u011bt\u00ed a\u00a0informa\u010dn\u00edch kampan\u00ed nam\u00ed\u0159en\u00fdch proti demokratick\u00fdm st\u00e1t\u016fm je zachov\u00e1n\u00ed stabiln\u00edho zahrani\u010dn\u00edho vys\u00edl\u00e1n\u00ed nezbytn\u00e9,\u201c p\u00ed\u0161\u00ed poslanci v\u00a0zaslan\u00e9m n\u00e1vrhu.<\/p>\n","protected":false},"excerpt":{"rendered":"\u010cesk\u00fd rozhlas (\u010cRo) do zahrani\u010d\u00ed vys\u00edl\u00e1 v\u00a0sedmi sv\u011btov\u00fdch jazyc\u00edch, p\u0159i\u010dem\u017e mu tuto povinnost ukl\u00e1d\u00e1 z\u00e1kon. \u201eC\u00edlem je poskytovat&hellip;\n","protected":false},"author":2,"featured_media":17817,"comment_status":"","ping_status":"","sticky":false,"template":"","format":"standard","meta":{"footnotes":"","_share_on_mastodon":"0"},"categories":[11],"tags":[144,4389,549,1864,418,9134,54,1773,3683,53,52,204],"class_list":["post-17816","post","type-post","status-publish","format-standard","has-post-thumbnail","category-svet","tag-cesky-rozhlas","tag-financovani","tag-koncesionarske-poplatky","tag-ministerstvo-zahranicnich-veci-mzv","tag-petr-macinka","tag-skrty","tag-svet","tag-verejnopravni-media","tag-vysilani","tag-world","tag-world-news","tag-zahranici"],"share_on_mastodon":{"url":"https:\/\/pubeurope.com\/@cz\/116192917831796016","error":""},"_links":{"self":[{"href":"https:\/\/www.europesays.com\/cz\/wp-json\/wp\/v2\/posts\/17816","targetHints":{"allow":["GET"]}}],"collection":[{"href":"https:\/\/www.europesays.com\/cz\/wp-json\/wp\/v2\/posts"}],"about":[{"href":"https:\/\/www.europesays.com\/cz\/wp-json\/wp\/v2\/types\/post"}],"author":[{"embeddable":true,"href":"https:\/\/www.europesays.com\/cz\/wp-json\/wp\/v2\/users\/2"}],"replies":[{"embeddable":true,"href":"https:\/\/www.europesays.com\/cz\/wp-json\/wp\/v2\/comments?post=17816"}],"version-history":[{"count":0,"href":"https:\/\/www.europesays.com\/cz\/wp-json\/wp\/v2\/posts\/17816\/revisions"}],"wp:featuredmedia":[{"embeddable":true,"href":"https:\/\/www.europesays.com\/cz\/wp-json\/wp\/v2\/media\/17817"}],"wp:attachment":[{"href":"https:\/\/www.europesays.com\/cz\/wp-json\/wp\/v2\/media?parent=17816"}],"wp:term":[{"taxonomy":"category","embeddable":true,"href":"https:\/\/www.europesays.com\/cz\/wp-json\/wp\/v2\/categories?post=17816"},{"taxonomy":"post_tag","embeddable":true,"href":"https:\/\/www.europesays.com\/cz\/wp-json\/wp\/v2\/tags?post=17816"}],"curies":[{"name":"wp","href":"https:\/\/api.w.org\/{rel}","templated":true}]}}