{"id":179077,"date":"2026-08-14T08:20:11","date_gmt":"2026-08-14T08:20:11","guid":{"rendered":"https:\/\/www.europesays.com\/cz\/179077\/"},"modified":"2026-08-14T08:20:11","modified_gmt":"2026-08-14T08:20:11","slug":"exkluzivni-pruzkum-nejsou-videt-a-nerozumime-jim-cesi-popsali-opozici-ve-snemovne","status":"publish","type":"post","link":"https:\/\/www.europesays.com\/cz\/179077\/","title":{"rendered":"Exkluzivn\u00ed pr\u016fzkum: Nejsou vid\u011bt a\u00a0nerozum\u00edme jim. \u010ce\u0161i popsali opozici ve Sn\u011bmovn\u011b"},"content":{"rendered":"<p class=\"c_bB\">\u201eVypr\u00e1zdn\u011bnost opozice vn\u00edmaj\u00ed voli\u010di nap\u0159\u00ed\u010d politick\u00fdm spektrem. Nejde jen o\u00a0chyb\u011bj\u00edc\u00edho siln\u00e9ho l\u00eddra, chyb\u00ed i\u00a0re\u00e1ln\u00e1 schopnost d\u011blat politiku, nab\u00eddnout d\u016fv\u011bryhodnou person\u00e1ln\u00ed alternativu a\u00a0kvalitn\u011b informovat ve\u0159ejnost o\u00a0tom, co se d\u011bje,\u201c popsala Tereza Friedrichov\u00e1, politick\u00e1 analyti\u010dka NMS.<\/p>\n<p class=\"c_bB\">Pr\u016fzkum zkoumal souhlas s\u00a0jednotliv\u00fdmi v\u00fdroky, 49\u00a0procent \u010cech\u016f souhlasilo s\u00a0t\u00edm, \u017ee jim chyb\u00ed siln\u00e1 a\u00a0jednotn\u00e1 opozice. V\u00a0p\u0159\u00edpad\u011b voli\u010d\u016f koalice Spolu, tedy p\u0159edvolebn\u00edho spojenectv\u00ed ODS, TOP 09\u00a0a\u00a0lidovc\u016f, souhlasily s\u00a0v\u00fdrokem dokonce dv\u011b t\u0159etiny z\u00a0nich, u\u00a0p\u0159\u00edznivc\u016f STAN to bylo podobn\u00fdch 63\u00a0procent.<\/p>\n<p class=\"c_bB\">\u201ePro vl\u00e1dn\u00ed voli\u010de, ale ani pro velkou \u010d\u00e1st t\u011bch opozi\u010dn\u00edch, nen\u00ed sou\u010dasn\u00e1 opozice re\u00e1lnou alternativou k\u00a0vl\u00e1dnut\u00ed Andreje Babi\u0161e. Kdyby sou\u010dasn\u00e1 vl\u00e1da z\u00a0n\u011bjak\u00e9ho d\u016fvodu neusp\u011bla, vl\u00e1dn\u00ed voli\u010di by nem\u011bli motivaci j\u00edt k\u00a0opozici a\u00a0museli by s\u00e1hnout po extr\u00e9mn\u011bj\u0161\u00edch variant\u00e1ch,\u201c doplnila Friedrichov\u00e1.<\/p>\n<p><a data-dot=\"atm-link\" target=\"_self\" href=\"https:\/\/www.novinky.cz\/clanek\/domaci-exkluzivni-pruzkum-pavel-by-babise-ve-druhem-kole-opet-porazil-volicum-motoristu-se-do-babise-moc-nechce-40591373\" class=\"c_N\" rel=\"nofollow noopener\"><img fetchpriority=\"high\" height=\"720\" width=\"1280\" src=\"https:\/\/www.europesays.com\/cz\/wp-content\/uploads\/2026\/08\/1786695610_421_petr-pavel-andrej-babis-graf.jpeg\" loading=\"eager\" decoding=\"sync\" class=\"c_t c_r\"\/><\/a>Anketa<\/p>\n<p>Jak vn\u00edm\u00e1te sou\u010dasnou opozici?<\/p>\n<p>Celkem<br \/>\n\t\t\t\thlasovalo<br \/>\n\t\t\t\t3082<br \/>\n\t\t\t\t\u010dten\u00e1\u0159\u016f.<\/p>\n<p class=\"c_bB\">Dvacet procent ob\u010dan\u016f uvedlo, \u017ee pro n\u011b opozice nen\u00ed v\u011brohodnou alternativou k\u00a0vl\u00e1d\u011b, v\u00a0p\u0159\u00edpad\u011b voli\u010d\u016f Spolu to bylo 52\u00a0procent, u\u00a0stoupenc\u016f STAN 48\u00a0procent, u\u00a0Pir\u00e1t\u016f 42\u00a0procent.<\/p>\n<p class=\"c_bB\">\u017de je opozice srozumiteln\u00e1 a\u00a0je vid\u011bt, si mysl\u00ed pouze 14\u00a0procent \u010cech\u016f, i\u00a0v p\u0159\u00edpad\u011b p\u0159\u00edznivc\u016f Spolu pova\u017euje opozici za viditelnou a\u00a0srozumitelnou jen t\u0159etina z\u00a0nich, u\u00a0stoupenc\u016f STAN a\u00a0Pir\u00e1t\u016f je to je\u0161t\u011b m\u00e9n\u011b, shodn\u011b 29\u00a0procent.<\/p>\n<p class=\"c_bB\">Od siln\u00e9 parlamentn\u00ed opozice \u010ce\u0161i \u010dekaj\u00ed dv\u011b v\u011bci z\u00e1rove\u0148 &#8211; spolupr\u00e1ci a\u00a0kontrolu. Osm z\u00a0deseti \u010cech\u016f chce, aby opozice podporovala vl\u00e1dn\u00ed n\u00e1vrhy, kter\u00e9 jsou pro zemi prosp\u011b\u0161n\u00e9, a\u00a0stejn\u00fd pod\u00edl \u017e\u00e1d\u00e1 odhalov\u00e1n\u00ed korupce a\u00a0zneu\u017e\u00edv\u00e1n\u00ed moci. Kontrolu vl\u00e1dy a\u00a0upozor\u0148ov\u00e1n\u00ed na jej\u00ed pochyben\u00ed pak po\u017eaduje 77\u00a0procent respondent\u016f.<\/p>\n<p class=\"c_bB\">Sporn\u00e9 je pak blokov\u00e1n\u00ed z\u00e1kon\u016f, kter\u00e9 celkov\u011b schvaluje zhruba t\u0159etina \u010cech\u016f, u\u00a0voli\u010d\u016f opozi\u010dn\u00edch stran je to p\u0159itom nadpolovi\u010dn\u00ed v\u011bt\u0161ina, u\u00a0p\u0159\u00edznivc\u016f ANO v\u0161ak jen 14\u00a0procent.<\/p>\n<p><a data-dot=\"atm-link\" target=\"_self\" href=\"https:\/\/www.novinky.cz\/clanek\/domaci-exkluzivni-pruzkum-nejvyraznejsim-opozicnim-politikem-je-prezident-pavel-druhy-je-paradoxne-premier-babis-40591509\" class=\"c_N\" rel=\"nofollow noopener\"><img height=\"720\" width=\"1280\" src=\"https:\/\/www.europesays.com\/cz\/wp-content\/uploads\/2026\/08\/1786695611_264_politik-graf.jpeg\" loading=\"eager\" decoding=\"sync\" class=\"c_t c_r\"\/><\/a><\/p>\n","protected":false},"excerpt":{"rendered":"\u201eVypr\u00e1zdn\u011bnost opozice vn\u00edmaj\u00ed voli\u010di nap\u0159\u00ed\u010d politick\u00fdm spektrem. Nejde jen o\u00a0chyb\u011bj\u00edc\u00edho siln\u00e9ho l\u00eddra, chyb\u00ed i\u00a0re\u00e1ln\u00e1 schopnost d\u011blat politiku, nab\u00eddnout&hellip;\n","protected":false},"author":2,"featured_media":179078,"comment_status":"","ping_status":"","sticky":false,"template":"","format":"standard","meta":{"footnotes":"","_share_on_mastodon":"0"},"categories":[7],"tags":[43,42,41,40,963,2973,1193,174,2974,3259],"class_list":["post-179077","post","type-post","status-publish","format-standard","has-post-thumbnail","category-cesko","tag-ceska-republika","tag-cesko","tag-czech-republic","tag-czechia","tag-kdu-csl","tag-obcanska-demokraticka-strana-ods","tag-opozice","tag-politika","tag-spolu-koalice","tag-starostove-a-nezavisli-stan"],"share_on_mastodon":{"url":"https:\/\/pubeurope.com\/@cz\/117092891102768692","error":""},"_links":{"self":[{"href":"https:\/\/www.europesays.com\/cz\/wp-json\/wp\/v2\/posts\/179077","targetHints":{"allow":["GET"]}}],"collection":[{"href":"https:\/\/www.europesays.com\/cz\/wp-json\/wp\/v2\/posts"}],"about":[{"href":"https:\/\/www.europesays.com\/cz\/wp-json\/wp\/v2\/types\/post"}],"author":[{"embeddable":true,"href":"https:\/\/www.europesays.com\/cz\/wp-json\/wp\/v2\/users\/2"}],"replies":[{"embeddable":true,"href":"https:\/\/www.europesays.com\/cz\/wp-json\/wp\/v2\/comments?post=179077"}],"version-history":[{"count":0,"href":"https:\/\/www.europesays.com\/cz\/wp-json\/wp\/v2\/posts\/179077\/revisions"}],"wp:featuredmedia":[{"embeddable":true,"href":"https:\/\/www.europesays.com\/cz\/wp-json\/wp\/v2\/media\/179078"}],"wp:attachment":[{"href":"https:\/\/www.europesays.com\/cz\/wp-json\/wp\/v2\/media?parent=179077"}],"wp:term":[{"taxonomy":"category","embeddable":true,"href":"https:\/\/www.europesays.com\/cz\/wp-json\/wp\/v2\/categories?post=179077"},{"taxonomy":"post_tag","embeddable":true,"href":"https:\/\/www.europesays.com\/cz\/wp-json\/wp\/v2\/tags?post=179077"}],"curies":[{"name":"wp","href":"https:\/\/api.w.org\/{rel}","templated":true}]}}