{"id":179436,"date":"2026-08-14T13:13:11","date_gmt":"2026-08-14T13:13:11","guid":{"rendered":"https:\/\/www.europesays.com\/cz\/179436\/"},"modified":"2026-08-14T13:13:11","modified_gmt":"2026-08-14T13:13:11","slug":"matce-vadilo-ze-se-dcera-mesice-nemyla-za-pobodani-dostala-zena-z-jicinska-podminku","status":"publish","type":"post","link":"https:\/\/www.europesays.com\/cz\/179436\/","title":{"rendered":"Matce vadilo, \u017ee se dcera m\u011bs\u00edce nemyla. Za pobod\u00e1n\u00ed dostala \u017eena z\u00a0Ji\u010d\u00ednska podm\u00ednku"},"content":{"rendered":"<p class=\"c_bB\">Ob\u017ealovan\u00e1 se ani nedostavila k\u00a0zah\u00e1jen\u00ed hlavn\u00edho l\u00ed\u010den\u00ed. Navzdory tomu, \u017ee matce sl\u00edbila, \u017ee s\u00a0n\u00ed p\u0159ijede a\u00a0u soudu uzn\u00e1 vinu. \u201eS klientkou jsem hovo\u0159ila. Moc se omlouv\u00e1m, \u017ee nen\u00ed schopna se osobn\u011b \u00fa\u010dastnit. \u017d\u00e1d\u00e1, aby se hlavn\u00ed l\u00ed\u010den\u00ed konalo bez jej\u00ed p\u0159\u00edtomnosti,\u201c uvedla obh\u00e1jkyn\u011b Hana Desensk\u00e1.<\/p>\n<p class=\"c_bB\">Ob\u017ealovan\u00e1 \u017eila v\u00a0byt\u011b spole\u010dn\u011b s\u00a0matkou a\u00a0nevlastn\u00edm otcem. Mezi ob\u011bma \u017eenami doch\u00e1zelo dlouhodob\u011b k\u00a0neshod\u00e1m, zejm\u00e9na kdy\u017e mlad\u0161\u00ed p\u0159estala db\u00e1t na osobn\u00ed hygienu. \u201eByla st\u00e1le doma, nevych\u00e1zela. N\u011bkdy na podzim 2024\u00a0se p\u0159estala m\u00fdt, postupn\u011b se z\u00a0jej\u00edho pokoje za\u010dal linout z\u00e1pach,\u201c uvedl ot\u010d\u00edm v\u00a0p\u0159\u00edpravn\u00e9m \u0159\u00edzen\u00ed. <\/p>\n<p class=\"c_bB\">Situaci se sna\u017eili \u0159e\u0161it, ale marn\u011b. Vloni o\u00a0pr\u00e1zdnin\u00e1ch pak jeho man\u017eelka \u0159ekla dce\u0159i, \u017ee se mus\u00ed na t\u0159i dny odst\u011bhovat, aby zjistili zdroj z\u00e1pachu. To u\u00a0ob\u017ealovan\u00e9 vyvolalo stres, kter\u00fd vy\u0159e\u0161ila napaden\u00edm matky kuchy\u0148sk\u00fdm no\u017eem.<\/p>\n<p><a data-dot=\"atm-link\" target=\"_self\" href=\"https:\/\/www.novinky.cz\/clanek\/krimi-zenu-v-brne-srazila-tramvaj-v-nemocnici-podlehla-zranenim-40592346\" class=\"c_N\" rel=\"nofollow noopener\"><img fetchpriority=\"high\" height=\"787\" width=\"1400\" src=\"https:\/\/www.europesays.com\/cz\/wp-content\/uploads\/2026\/08\/1786713191_654_tramvaj-brno-nehoda.jpeg\" loading=\"eager\" decoding=\"sync\" class=\"c_t c_r\"\/><\/a><\/p>\n<p class=\"c_bB\">\u201eBodla ji minim\u00e1ln\u011b t\u0159ikr\u00e1t. Prvn\u00ed byla bodn\u00e1 r\u00e1na v\u00a0prav\u00e9m podb\u0159i\u0161ku. Po\u0161kozen\u00e1 se za\u010dala br\u00e1nit, respektive spadla do vany. Dal\u0161\u00ed r\u00e1ny sm\u011b\u0159ovaly do prav\u00e9ho b\u00e9rce a\u00a0pod koleno,\u201c uvedla st\u00e1tn\u00ed z\u00e1stupkyn\u011b Lenka Faltusov\u00e1.<\/p>\n<p class=\"c_bB\">\u00dato\u010dnici se poda\u0159ilo rodi\u010d\u016fm na\u0161t\u011bst\u00ed odzbrojit, po\u0161kozenou n\u00e1sledn\u011b o\u0161et\u0159ila z\u00e1chranka, kter\u00e1 ji p\u0159evezla na chirurgii ji\u010d\u00ednsk\u00e9 nemocnice.<\/p>\n<p class=\"c_bB\">\u201e\u00datok byl opakovan\u00fd, nebyla to jedna bodn\u00e1 r\u00e1na, ale t\u0159i. Proto toto jedn\u00e1n\u00ed jednozna\u010dn\u011b napl\u0148uje znaky trestn\u00e9ho \u010dinu vra\u017edy, ukon\u010den\u00e9ho ve stadiu pokusu,\u201c dodala Faltusov\u00e1.<\/p>\n<p>Nejhor\u0161\u00ed zp\u016fsob \u0159e\u0161en\u00ed<\/p>\n<p class=\"c_bB\">Podle soudce Ji\u0159\u00edho Vacka si ob\u017ealovan\u00e1 neuv\u011bdomila, \u017ee zvolen\u00fd zp\u016fsob \u0159e\u0161en\u00ed je t\u00edm nejhor\u0161\u00edm, kter\u00fd mohla zvolit. P\u0159ipomn\u011bl ale, \u017ee matka dce\u0159i odpustila a\u00a0sna\u017e\u00ed se, aby se jejich vztah zlep\u0161il. Ve v\u00fdkonu trestu by z\u0159ejm\u011b tak\u00e9 do\u0161lo ke zhor\u0161en\u00ed psychick\u00e9ho stavu ob\u017ealovan\u00e9. \u201eNepodm\u00edn\u011bn\u00fd trest by spole\u010dnosti nic dobr\u00e9ho nep\u0159inesl,\u201c m\u00edn\u00ed soudce.<\/p>\n<p class=\"c_bB\">Podle z\u00e1v\u011br\u016f soudn\u00edch znalc\u016f je ob\u017ealovan\u00e1 vztahova\u010dn\u00e1, neempatick\u00e1, samot\u00e1\u0159sk\u00e1 a\u00a0osobnostn\u011b zam\u011b\u0159en\u00e1 na sebe. Jedn\u00e1 v\u00a0n\u00e1hl\u00e9m impulsu bez ohledu na n\u00e1sledky.<\/p>\n<p class=\"c_bB\">\u201eS ohledem na jej\u00ed psychick\u00fd stav jsem navrhovala ochrannou l\u00e9\u010dbu,\u201c \u0159ekla obh\u00e1jkyn\u011b Hana Desensk\u00e1 s\u00a0t\u00edm, \u017ee jej\u00ed klientka z\u0159ejm\u011b trp\u00ed dosud nediagnostikovanou poruchou osobnosti.<\/p>\n<p class=\"c_bB\">S t\u00edm souhlas\u00ed i\u00a0matka ob\u017ealovan\u00e9. \u201eP\u0159\u00e1la bych si, aby se l\u00e9\u010dila. Aby ne\u017eivo\u0159ila. Dcera by ale musela s\u00a0l\u00e9\u010dbou souhlasit. Proto bych r\u00e1da, aby j\u00ed soud l\u00e9\u010den\u00ed na\u0159\u00eddil,\u201c uvedla \u017eena u\u00a0soudu.<\/p>\n<p class=\"c_bB\">To ale podle soudce Vacka nen\u00ed mo\u017en\u00e9, nebo\u0165 znaleck\u00fd posudek vylou\u010dil, \u017ee by ob\u017ealovan\u00e1 psychickou nemoc\u00ed \u010di poruchou trp\u011bla.<\/p>\n<p class=\"c_bB\">Verdikt nen\u00ed pravomocn\u00fd. Zat\u00edmco obh\u00e1jkyn\u011b ob\u017ealovan\u00e9 si ponechala lh\u016ftu k\u00a0p\u0159\u00edpadn\u00e9mu pod\u00e1n\u00ed odvol\u00e1n\u00ed, st\u00e1tn\u00ed z\u00e1stupkyn\u011b, kter\u00e1 po\u017eadovala trest ve v\u00fd\u0161i 7\u00a0let nepodm\u00edn\u011bn\u011b, se proti rozhodnut\u00ed odvolala hned v\u00a0soudn\u00ed s\u00edni. <\/p>\n<p class=\"c_bB\">Trestn\u00ed sazba \u010dinila deset a\u017e osmn\u00e1ct let v\u011bzen\u00ed. Ob\u017ealovan\u00e1, kter\u00e1 byla po incidentu vyk\u00e1z\u00e1na z\u00a0bytu, nyn\u00ed bydl\u00ed na chat\u011b prarodi\u010d\u016f.<\/p>\n<p><a data-dot=\"atm-link\" target=\"_self\" href=\"https:\/\/www.novinky.cz\/clanek\/zahranicni-american-zastrelil-sousedku-a-jeji-dospivajici-dceru-protoze-se-pry-chovaly-hlucne-40591776\" class=\"c_N\" rel=\"nofollow noopener\"><img height=\"165\" width=\"293\" src=\"https:\/\/www.europesays.com\/cz\/wp-content\/uploads\/2026\/08\/1786713191_555_robert-winkelman.jpeg\" loading=\"eager\" decoding=\"sync\" class=\"c_t c_r\"\/><\/a><\/p>\n","protected":false},"excerpt":{"rendered":"Ob\u017ealovan\u00e1 se ani nedostavila k\u00a0zah\u00e1jen\u00ed hlavn\u00edho l\u00ed\u010den\u00ed. Navzdory tomu, \u017ee matce sl\u00edbila, \u017ee s\u00a0n\u00ed p\u0159ijede a\u00a0u soudu uzn\u00e1&hellip;\n","protected":false},"author":2,"featured_media":179437,"comment_status":"","ping_status":"","sticky":false,"template":"","format":"standard","meta":{"footnotes":"","_share_on_mastodon":"0"},"categories":[7],"tags":[43,42,41,40,1268,9836,206,1644],"class_list":["post-179436","post","type-post","status-publish","format-standard","has-post-thumbnail","category-cesko","tag-ceska-republika","tag-cesko","tag-czech-republic","tag-czechia","tag-hygiena","tag-krajsky-soud-v-hradci-kralove","tag-pokus-o-vrazdu","tag-vrazda"],"share_on_mastodon":{"url":"https:\/\/pubeurope.com\/@cz\/117094043264159553","error":""},"_links":{"self":[{"href":"https:\/\/www.europesays.com\/cz\/wp-json\/wp\/v2\/posts\/179436","targetHints":{"allow":["GET"]}}],"collection":[{"href":"https:\/\/www.europesays.com\/cz\/wp-json\/wp\/v2\/posts"}],"about":[{"href":"https:\/\/www.europesays.com\/cz\/wp-json\/wp\/v2\/types\/post"}],"author":[{"embeddable":true,"href":"https:\/\/www.europesays.com\/cz\/wp-json\/wp\/v2\/users\/2"}],"replies":[{"embeddable":true,"href":"https:\/\/www.europesays.com\/cz\/wp-json\/wp\/v2\/comments?post=179436"}],"version-history":[{"count":0,"href":"https:\/\/www.europesays.com\/cz\/wp-json\/wp\/v2\/posts\/179436\/revisions"}],"wp:featuredmedia":[{"embeddable":true,"href":"https:\/\/www.europesays.com\/cz\/wp-json\/wp\/v2\/media\/179437"}],"wp:attachment":[{"href":"https:\/\/www.europesays.com\/cz\/wp-json\/wp\/v2\/media?parent=179436"}],"wp:term":[{"taxonomy":"category","embeddable":true,"href":"https:\/\/www.europesays.com\/cz\/wp-json\/wp\/v2\/categories?post=179436"},{"taxonomy":"post_tag","embeddable":true,"href":"https:\/\/www.europesays.com\/cz\/wp-json\/wp\/v2\/tags?post=179436"}],"curies":[{"name":"wp","href":"https:\/\/api.w.org\/{rel}","templated":true}]}}