{"id":179520,"date":"2026-08-14T14:33:14","date_gmt":"2026-08-14T14:33:14","guid":{"rendered":"https:\/\/www.europesays.com\/cz\/179520\/"},"modified":"2026-08-14T14:33:14","modified_gmt":"2026-08-14T14:33:14","slug":"soukalova-otevrene-o-druhem-miminku-priznala-obavy-ktere-ji-provazeji","status":"publish","type":"post","link":"https:\/\/www.europesays.com\/cz\/179520\/","title":{"rendered":"Soukalov\u00e1 otev\u0159en\u011b o\u00a0druh\u00e9m miminku. P\u0159iznala obavy, kter\u00e9 ji prov\u00e1zej\u00ed"},"content":{"rendered":"<p class=\"b_bF\">Soukalov\u00e1 u\u017e s\u00a0partnerem Milo\u0161em Kade\u0159\u00e1bkem vychov\u00e1v\u00e1 dceru Izabelu Gabrielu, kter\u00e1 se narodila v\u00a0z\u00e1\u0159\u00ed 2021.\u00a0Nyn\u00ed spolu o\u010dek\u00e1vaj\u00ed druh\u00e9ho potomka.<\/p>\n<p class=\"b_bF\">K zamy\u0161len\u00ed na soci\u00e1ln\u00ed s\u00edti p\u0159ipojila Soukalov\u00e1 tak\u00e9 spole\u010dnou t\u011bhotenskou fotografii s\u00a0partnerem.<\/p>\n<p class=\"b_bF\">\u201eInstagram je sice pln\u00fd kr\u00e1sn\u00fdch t\u011bhotensk\u00fdch fotek, rostouc\u00edch b\u0159\u00ed\u0161ek, t\u011b\u0161en\u00ed a\u00a0radosti. Ale mysl\u00edm, \u017ee vedle t\u00e9 radosti se \u00fapln\u011b p\u0159irozen\u011b m\u016f\u017eou vyskytnout i\u00a0obavy. Jak\u00e9 to bude? Zvl\u00e1dnu b\u00fdt dobr\u00fdm rodi\u010dem? Jak moc se n\u00e1\u0161 \u017eivot zm\u011bn\u00ed?\u201c napsala Soukalov\u00e1 na sv\u00e9m Instagramu.<\/p>\n<p class=\"b_bF\">Sama p\u0159ipustila, \u017ee podobn\u00e9 pochybnosti ji prov\u00e1zej\u00ed i\u00a0p\u0159i o\u010dek\u00e1v\u00e1n\u00ed druh\u00e9ho potomka.<\/p>\n<p class=\"b_bF\">\u201eA mo\u017en\u00e1 tyhle ot\u00e1zky p\u0159ijdou znovu i\u00a0s druh\u00fdm miminkem, jen trochu jin\u00e9. Taky si je u\u017e n\u011bjakou dobu pokl\u00e1d\u00e1m. Zvl\u00e1dneme dv\u011b d\u011bti? Jak mezi n\u011b rozd\u011bl\u00edm sv\u016fj \u010das, pozornost a\u00a0l\u00e1sku? Jak\u00e9 to cel\u00e9 bude?\u201c pokra\u010dovala.<\/p>\n<p class=\"b_bF\">Ve sv\u00e9m p\u0159\u00edsp\u011bvku se pot\u00e9 obr\u00e1tila na dal\u0161\u00ed nast\u00e1vaj\u00edc\u00ed rodi\u010de.<\/p>\n<p class=\"b_bF\">\u201eTak\u017ee jestli se na svoje miminko t\u011b\u0161\u00edte a\u00a0z\u00e1rove\u0148 se z\u00a0toho v\u0161eho ob\u010das c\u00edt\u00edte trochu nejist\u011b, mysl\u00edm, \u017ee v\u00a0tom rozhodn\u011b nejste sami. A\u00a0podle m\u011b je takov\u00fdch budouc\u00edch rodi\u010d\u016f mnohem v\u00edc, ne\u017e je z\u00a0t\u011bch vesel\u00fdch fotek na Instagramu vid\u011bt,\u201c uvedla.<\/p>\n<p><a data-dot=\"atm-link\" target=\"_self\" href=\"https:\/\/www.sport.cz\/clanek\/zimni-sporty-biatlon-tehotna-soukalova-odsvedcila-svatbu-partacce-s-niz-sbirala-biatlonove-medaile-5504844\" class=\"b_V g_ia\" rel=\"nofollow noopener\"><img fetchpriority=\"high\" height=\"513\" width=\"684\" src=\"https:\/\/www.europesays.com\/cz\/wp-content\/uploads\/2026\/08\/sport-biatlon-soukalova-landova.jpeg\" loading=\"eager\" decoding=\"sync\" class=\"b_B b_z\"\/><\/a><\/p>\n<p class=\"b_bF\">\u201eV\u011b\u0159\u00edm, \u017ee n\u00e1m pr\u00e1v\u011b tyhle obavy ukazuj\u00ed, jak moc n\u00e1m z\u00e1le\u017e\u00ed na tom, abychom byli dobr\u00fdmi rodi\u010di. A\u00a0pr\u00e1v\u011b tahle l\u00e1ska a\u00a0snaha n\u00e1s m\u016f\u017ee ka\u017ed\u00fd den v\u00e9st k\u00a0tomu, abychom rostli spolu s\u00a0na\u0161imi d\u011btmi,\u201c dodala.<\/p>\n<p class=\"b_bF\">Soukalov\u00e1, kter\u00e1 mezi lety 2016\u00a0a\u017e 2021\u00a0nesla p\u0159\u00edjmen\u00ed Koukalov\u00e1, ukon\u010dila z\u00e1vodn\u00ed kari\u00e9ru na ja\u0159e 2019\u00a0a\u00a0pat\u0159\u00ed mezi nej\u00fasp\u011b\u0161n\u011bj\u0161\u00ed \u010desk\u00e9 biatlonistky historie. Ze zimn\u00edch olympijsk\u00fdch her v\u00a0So\u010di 2014\u00a0si odvezla dv\u011b st\u0159\u00edbrn\u00e9 a\u00a0jednu bronzovou medaili, dvakr\u00e1t se stala mistryn\u00ed sv\u011bta a\u00a0v sezon\u011b 2015\/16\u00a0ovl\u00e1dla celkov\u00e9 hodnocen\u00ed Sv\u011btov\u00e9ho poh\u00e1ru. Na jeho sc\u00e9n\u011b b\u011bhem kari\u00e9ry vyhr\u00e1la 19\u00a0z\u00e1vod\u016f.<\/p>\n<p><a data-dot=\"atm-link\" target=\"_self\" href=\"https:\/\/www.sport.cz\/clanek\/zimni-sporty-biatlon-na-olympiade-sokoval-priznanim-k-nevere-biatlonista-laegreid-ted-informoval-o-zasadnim-zivotnim-kroku-5513083\" class=\"b_V g_ia\" rel=\"nofollow noopener\"><img height=\"2730\" width=\"3640\" src=\"https:\/\/www.europesays.com\/cz\/wp-content\/uploads\/2026\/08\/1786717993_755_laegreid.jpeg\" loading=\"eager\" decoding=\"sync\" class=\"b_B b_z\"\/><\/a><\/p>\n","protected":false},"excerpt":{"rendered":"Soukalov\u00e1 u\u017e s\u00a0partnerem Milo\u0161em Kade\u0159\u00e1bkem vychov\u00e1v\u00e1 dceru Izabelu Gabrielu, kter\u00e1 se narodila v\u00a0z\u00e1\u0159\u00ed 2021.\u00a0Nyn\u00ed spolu o\u010dek\u00e1vaj\u00ed druh\u00e9ho potomka.&hellip;\n","protected":false},"author":2,"featured_media":179521,"comment_status":"","ping_status":"","sticky":false,"template":"","format":"standard","meta":{"footnotes":"","_share_on_mastodon":"0"},"categories":[15],"tags":[1109,3893,94,93],"class_list":["post-179520","post","type-post","status-publish","format-standard","has-post-thumbnail","category-sport","tag-biatlon","tag-gabriela-soukalova","tag-sport","tag-sports"],"share_on_mastodon":{"url":"https:\/\/pubeurope.com\/@cz\/117094357982336189","error":""},"_links":{"self":[{"href":"https:\/\/www.europesays.com\/cz\/wp-json\/wp\/v2\/posts\/179520","targetHints":{"allow":["GET"]}}],"collection":[{"href":"https:\/\/www.europesays.com\/cz\/wp-json\/wp\/v2\/posts"}],"about":[{"href":"https:\/\/www.europesays.com\/cz\/wp-json\/wp\/v2\/types\/post"}],"author":[{"embeddable":true,"href":"https:\/\/www.europesays.com\/cz\/wp-json\/wp\/v2\/users\/2"}],"replies":[{"embeddable":true,"href":"https:\/\/www.europesays.com\/cz\/wp-json\/wp\/v2\/comments?post=179520"}],"version-history":[{"count":0,"href":"https:\/\/www.europesays.com\/cz\/wp-json\/wp\/v2\/posts\/179520\/revisions"}],"wp:featuredmedia":[{"embeddable":true,"href":"https:\/\/www.europesays.com\/cz\/wp-json\/wp\/v2\/media\/179521"}],"wp:attachment":[{"href":"https:\/\/www.europesays.com\/cz\/wp-json\/wp\/v2\/media?parent=179520"}],"wp:term":[{"taxonomy":"category","embeddable":true,"href":"https:\/\/www.europesays.com\/cz\/wp-json\/wp\/v2\/categories?post=179520"},{"taxonomy":"post_tag","embeddable":true,"href":"https:\/\/www.europesays.com\/cz\/wp-json\/wp\/v2\/tags?post=179520"}],"curies":[{"name":"wp","href":"https:\/\/api.w.org\/{rel}","templated":true}]}}