{"id":180159,"date":"2026-08-15T06:36:08","date_gmt":"2026-08-15T06:36:08","guid":{"rendered":"https:\/\/www.europesays.com\/cz\/180159\/"},"modified":"2026-08-15T06:36:08","modified_gmt":"2026-08-15T06:36:08","slug":"nova-radiala-propoji-prazsky-okruh-s-hostivari-rsd-kvaltuje-aby-se-stavba-spojky-stihla-vcas","status":"publish","type":"post","link":"https:\/\/www.europesays.com\/cz\/180159\/","title":{"rendered":"Nov\u00e1 radi\u00e1la propoj\u00ed Pra\u017esk\u00fd okruh s Hostiva\u0159\u00ed. \u0158SD kvaltuje, aby se stavba spojky stihla v\u010das"},"content":{"rendered":"<p>\n                                        Propojen\u00ed je nutn\u00e9 pro kolaudaci \u00faseku okruhu 511 na v\u00fdchod\u011b metropole.                                    <\/p>\n<p>Pra\u017e\u0161t\u00ed radn\u00ed schv\u00e1lili smlouvu o spolupr\u00e1ci s \u0158editelstv\u00edm silnic a d\u00e1lnic (\u0158SD) o p\u0159\u00edprav\u011b, realizaci a zprovozn\u011bn\u00ed nov\u00e9 silnice propojuj\u00edc\u00ed budovan\u00fd Pra\u017esk\u00fd okruh s m\u011bstem. Takzvan\u00e1 \u201epropojovac\u00ed komunikace Kutnohorsk\u00e1 \u2013 SOKP\u201c se stane sou\u010d\u00e1st\u00ed Hostiva\u0159sk\u00e9 radi\u00e1ly (ozna\u010dovan\u00e9 tak\u00e9 jako Hostiva\u0159sk\u00e1 spojka), na okruh se napoj\u00ed u osady Netluky v pra\u017esk\u00e9 Uh\u0159\u00edn\u011bvsi.<\/p>\n<p>Jde o v\u00fdchodn\u00ed \u010d\u00e1st D0 mezi B\u011bchovicemi a D1, kter\u00e1 by m\u011bla b\u00fdt zprovozn\u011bna v roce 2028. Cel\u00e1 spojka vedouc\u00ed od Pr\u016fmyslov\u00e9 ulice m\u00e1 na v\u00fdchod\u011b metropole tvo\u0159it dal\u0161\u00ed radi\u00e1lu propojuj\u00edc\u00ed Pra\u017esk\u00fd okruh s vnit\u0159n\u00edm okruhem.<\/p>\n<p>\u0158editelstv\u00ed silnic a d\u00e1lnic p\u0159evzalo od Prahy p\u0159\u00edpravu propojen\u00ed v \u010d\u00e1sti od Kutnohorsk\u00e9 ulice k okruhu p\u0159edloni v srpnu po rozhodnut\u00ed vl\u00e1dy. Hrozilo toti\u017e, \u017ee m\u011bsto nestihne spojku vybudovat v\u010das. St\u00e1tn\u00ed organizace se nyn\u00ed mus\u00ed sna\u017eit o dokon\u010den\u00ed \u010d\u00e1sti spojky sou\u010dasn\u011b se zm\u00edn\u011bn\u00fdm budovan\u00fdm \u00fasekem okruhu 511. Je toti\u017e podm\u00ednkou jeho povolen\u00ed EIA a bez n\u00ed by nemohl b\u00fdt zkolaudov\u00e1n.<\/p>\n<p>V sou\u010dasnosti m\u00e1 \u0158SD odevzdan\u00fd \u010distopis dokumentace pro povolen\u00ed z\u00e1m\u011bru a pokra\u010duje souvisej\u00edc\u00ed in\u017een\u00fdrsk\u00e1 \u010dinnost. \u201ePod\u00e1n\u00ed \u017e\u00e1dosti o povolen\u00ed z\u00e1m\u011bru p\u0159edpokl\u00e1d\u00e1me v horizontu p\u0159ibli\u017en\u011b dvou m\u011bs\u00edc\u016f. Sou\u010dasn\u011b se zpracov\u00e1v\u00e1 i dokumentace pro prov\u00e1d\u011bn\u00ed stavby a byla zah\u00e1jena majetkopr\u00e1vn\u00ed p\u0159\u00edprava, aktu\u00e1ln\u011b zejm\u00e9na zpracov\u00e1n\u00edm znaleck\u00fdch posudk\u016f,\u201c popsal aktu\u00e1ln\u00ed stav p\u0159\u00edpravy pro Zdopravy.cz Lud\u011bk Hub\u00e1\u010dek z odd\u011blen\u00ed komunikace \u0158SD.<\/p>\n<p>P\u0159esto\u017ee se \u0158SD podle Hub\u00e1\u010dka sna\u017e\u00ed p\u0159\u00edpravu urychlit, sou\u010dasn\u00e9 zprovozn\u011bn\u00ed obou staveb podle n\u011bj v tuto chv\u00edli nelze garantovat. \u201eTerm\u00edn je z\u00e1visl\u00fd zejm\u00e9na na dal\u0161\u00edm pr\u016fb\u011bhu povolovac\u00edho procesu a majetkopr\u00e1vn\u00ed p\u0159\u00edpravy. Na\u0161\u00edm c\u00edlem je p\u0159\u00edpadn\u00fd \u010dasov\u00fd odstup mezi ob\u011bma stavbami co nejv\u00edce minimalizovat,\u201c dodal. Pot\u00e9, co bude stavba dokon\u010dena, \u0158SD ji p\u0159ed\u00e1 m\u011bstu i s pozemky.<\/p>\n<p>Spojka je navr\u017eena jako m\u00edstn\u00ed komunikace I. t\u0159\u00eddy kategorie S 11,5. V r\u00e1mci stavby jsou na komunikaci navr\u017eeny dv\u011b okru\u017en\u00ed k\u0159i\u017eovatky s m\u00edstn\u00edmi komunikacemi Kutnohorsk\u00e1 a Be\u010dovsk\u00e1. Silnice p\u0159ekon\u00e1v\u00e1 \u00fadol\u00ed \u0158\u00ed\u010dansk\u00e9ho a Netluck\u00e9ho potoka mostn\u00ed estak\u00e1dou. Spojka nahrad\u00ed sou\u010dasnou propojovac\u00ed ulici P\u0159\u00e1telstv\u00ed, kter\u00e1 vede obydlen\u00fdm \u00fazem\u00edm Uh\u0159\u00edn\u011bvsi.<\/p>\n<p>Po dokon\u010den\u00ed zm\u00edn\u011bn\u00e9 \u010d\u00e1sti Pra\u017esk\u00e9ho okruhu se toti\u017e podle \u0158SD o\u010dek\u00e1v\u00e1 zna\u010dn\u00fd n\u00e1r\u016fst intenzit t\u011b\u017ek\u00e9 n\u00e1kladn\u00ed dopravy na ulici P\u0159\u00e1telstv\u00ed a ulici Kutnohorsk\u00e1 sm\u011b\u0159uj\u00edc\u00ed k M\u00daK \u0158\u00ed\u010dany a d\u00e1le na okruh. Hostiva\u0159sk\u00e1 spojka tak m\u00e1 tvo\u0159it de facto obchvat.<\/p>\n<p>Od Pr\u016fmyslov\u00e9 kolem M\u011bcholup<\/p>\n<p>Cel\u00e1 Hostiva\u0159sk\u00e1 radi\u00e1la je rozd\u011blena na t\u0159i \u010d\u00e1sti, zbyl\u00e9 dv\u011b m\u00e1 d\u00e1l na starosti m\u011bsto. Prvn\u00ed \u010d\u00e1st od Pr\u016fmyslov\u00e9 ulice m\u00e1 nyn\u00ed podle informac\u00ed z magistr\u00e1tu p\u0159ed vyd\u00e1n\u00edm \u00fazemn\u00ed rozhodnut\u00ed. \u201eProb\u00edh\u00e1 p\u0159\u00edprava na v\u00fdkupy pozemk\u016f a jsou zah\u00e1jeny pr\u00e1ce na dokumentaci pro stavebn\u00ed povolen\u00ed v podrobnosti dokumentace pro v\u00fdb\u011br zhotovitele,\u201c uvedl Mat\u011bj Ludv\u00edk z tiskov\u00e9ho odd\u011blen\u00ed.<\/p>\n<p>Prost\u0159edn\u00ed, druhou \u010d\u00e1st\u00ed je pak obchvat Doln\u00edch M\u011bcholup, u kter\u00e9ho se nyn\u00ed \u010dek\u00e1 u\u017e na vyd\u00e1n\u00ed stavebn\u00edho povolen\u00ed. Z\u00e1rove\u0148 prob\u00edhaj\u00ed pr\u00e1ce na v\u00fdkupech pozemk\u016f a na dokumentaci pro v\u00fdb\u011br zhotovitele. \u201eProb\u00edh\u00e1 p\u0159\u00edprava podklad\u016f pro ve\u0159ejnou zak\u00e1zku na realizaci,\u201c uzav\u0159el Ludv\u00edk.<\/p>\n<p>                                                        Tagy<\/p>\n<p>                                                                                                                                                                                                                            <a href=\"https:\/\/zdopravy.cz\/tag\/d0-511-bechovice-d1\/\" type=\"button\" class=\"btn btn-secondary mb-1 btn-sm\" rel=\"nofollow noopener\" target=\"_blank\"><br \/>\n                                                                D0 511 B\u011bchovice &#8211; D1                                                            <\/a><br \/>\n                                                                                                                                                                                                                                <a href=\"https:\/\/zdopravy.cz\/tag\/hostivarska-spojka\/\" type=\"button\" class=\"btn btn-secondary mb-1 btn-sm\" rel=\"nofollow noopener\" target=\"_blank\"><br \/>\n                                                                Hostiva\u0159sk\u00e1 spojka                                                            <\/a><br \/>\n                                                                                                                                                                                                                                <a href=\"https:\/\/zdopravy.cz\/tag\/magistrat-hlavniho-mesta-prahy\/\" type=\"button\" class=\"btn btn-secondary mb-1 btn-sm\" rel=\"nofollow noopener\" target=\"_blank\"><br \/>\n                                                                Magistr\u00e1t hlavn\u00edho m\u011bsta Prahy                                                            <\/a><br \/>\n                                                                                                                                                                                                                                <a href=\"https:\/\/zdopravy.cz\/tag\/rsd-cr\/\" type=\"button\" class=\"btn btn-secondary mb-1 btn-sm\" rel=\"nofollow noopener\" target=\"_blank\"><br \/>\n                                                                \u0158SD \u010cR                                                            <\/a><\/p>\n<p>                                                <a href=\"https:\/\/zdopravy.cz\/nova-prazska-radiala-propoji-prazsky-okruh-s-prumyslovou-rsd-kvaltuje-aby-se-stavba-spojky-stihla-vcas-294071\/?comments=1#comments\" class=\"ml-3 text-body mb-3 mt-4 d-inline-block\" rel=\"nofollow noopener\" target=\"_blank\"><\/p>\n<p>                                                    1 koment\u00e1\u0159                                                <\/a><\/p>\n","protected":false},"excerpt":{"rendered":"Propojen\u00ed je nutn\u00e9 pro kolaudaci \u00faseku okruhu 511 na v\u00fdchod\u011b metropole. Pra\u017e\u0161t\u00ed radn\u00ed schv\u00e1lili smlouvu o spolupr\u00e1ci s&hellip;\n","protected":false},"author":2,"featured_media":180160,"comment_status":"","ping_status":"","sticky":false,"template":"","format":"standard","meta":{"footnotes":"","_share_on_mastodon":"0"},"categories":[30],"tags":[25411,43054,2408,98,99,1328,119],"class_list":["post-180159","post","type-post","status-publish","format-standard","has-post-thumbnail","category-praha","tag-d0-511-bechovice-d1","tag-hostivarska-spojka","tag-magistrat-hlavniho-mesta-prahy","tag-prague","tag-praha","tag-rsd-cr","tag-seznam"],"share_on_mastodon":{"url":"https:\/\/pubeurope.com\/@cz\/117098144452639270","error":""},"_links":{"self":[{"href":"https:\/\/www.europesays.com\/cz\/wp-json\/wp\/v2\/posts\/180159","targetHints":{"allow":["GET"]}}],"collection":[{"href":"https:\/\/www.europesays.com\/cz\/wp-json\/wp\/v2\/posts"}],"about":[{"href":"https:\/\/www.europesays.com\/cz\/wp-json\/wp\/v2\/types\/post"}],"author":[{"embeddable":true,"href":"https:\/\/www.europesays.com\/cz\/wp-json\/wp\/v2\/users\/2"}],"replies":[{"embeddable":true,"href":"https:\/\/www.europesays.com\/cz\/wp-json\/wp\/v2\/comments?post=180159"}],"version-history":[{"count":0,"href":"https:\/\/www.europesays.com\/cz\/wp-json\/wp\/v2\/posts\/180159\/revisions"}],"wp:featuredmedia":[{"embeddable":true,"href":"https:\/\/www.europesays.com\/cz\/wp-json\/wp\/v2\/media\/180160"}],"wp:attachment":[{"href":"https:\/\/www.europesays.com\/cz\/wp-json\/wp\/v2\/media?parent=180159"}],"wp:term":[{"taxonomy":"category","embeddable":true,"href":"https:\/\/www.europesays.com\/cz\/wp-json\/wp\/v2\/categories?post=180159"},{"taxonomy":"post_tag","embeddable":true,"href":"https:\/\/www.europesays.com\/cz\/wp-json\/wp\/v2\/tags?post=180159"}],"curies":[{"name":"wp","href":"https:\/\/api.w.org\/{rel}","templated":true}]}}