{"id":180283,"date":"2026-08-15T09:19:17","date_gmt":"2026-08-15T09:19:17","guid":{"rendered":"https:\/\/www.europesays.com\/cz\/180283\/"},"modified":"2026-08-15T09:19:17","modified_gmt":"2026-08-15T09:19:17","slug":"obrat-klicovy-svedek-se-rozhodl-vypovidat-v-kauze-obriho-uplatku","status":"publish","type":"post","link":"https:\/\/www.europesays.com\/cz\/180283\/","title":{"rendered":"Obrat. Kl\u00ed\u010dov\u00fd sv\u011bdek se rozhodl vypov\u00eddat v\u00a0kauze ob\u0159\u00edho \u00faplatku"},"content":{"rendered":"<p class=\"e_bX\">Dva roky soukrom\u00fd detektiv Robert Pleva\u010d u\u00a0soudu ml\u010del. Jako ob\u017ealovan\u00fd necht\u011bl mluvit o\u00a0sv\u00e9 roli v\u00a0kauze b\u00fdval\u00e9ho soudce Zde\u0148ka Sov\u00e1ka, kter\u00fd je s\u00a0n\u00edm souzen v\u00a0korup\u010dn\u00ed kauze.<\/p>\n<p class=\"e_bX\">Podle ob\u017ealoby cht\u011bl zku\u0161en\u00fd trestn\u00ed soudce Sov\u00e1k z\u00e1kulisn\u011b vyjedn\u00e1vat o\u00a0\u00faplatku a\u017e 150\u00a0milion\u016f. A\u00a0detektiv Pleva\u010d m\u011bl fungovat jako korup\u010dn\u00ed prost\u0159edn\u00edk.<\/p>\n<p class=\"e_bX\">Pleva\u010d se rozhodl v\u00a0p\u00e1tek p\u0159ed soudem vypov\u00eddat\u00a0\u2013 p\u0159ipravil si a\u017e t\u0159\u00edhodinovou \u0159e\u010d. Sou\u010dasn\u011b ale po\u017e\u00e1dal, aby mohl mluvit za zav\u0159en\u00fdmi dve\u0159mi. Co\u017e je mo\u017en\u00e9 jen v\u00a0mimo\u0159\u00e1dn\u00fdch p\u0159\u00edpadech, proto\u017ee soudn\u00ed jedn\u00e1n\u00ed jsou ze z\u00e1kona ve\u0159ejn\u00e1. \u201eKv\u016fli ochran\u011b zdroj\u016f,\u201c vysv\u011btlil detektiv.<\/p>\n<p class=\"e_bX\">Soudce Libor Hol\u00fd si nejd\u0159\u00edve nechal p\u0159edlo\u017eit p\u00edsemn\u00e9 zd\u016fvodn\u011bn\u00ed, o\u00a0kom a\u00a0co chce Pleva\u010d \u0159\u00edkat. A\u00a0co by podle detektiva hrozilo, kdyby to pronesl ve\u0159ejn\u011b. A\u00a0pak jeho \u017e\u00e1dosti vyhov\u011bl. <\/p>\n<p class=\"e_bX\">Fakticky \u0161lo Pleva\u010dovi o\u00a0to, aby jeho v\u00fdpov\u011b\u010f nesly\u0161eli pr\u00e1vn\u00edci stavebn\u00ed spole\u010dnosti Metrostav, kte\u0159\u00ed sed\u011bli v\u00a0publiku. Po soudcov\u011b rozhodnut\u00ed museli tak\u00e9 za dve\u0159e. <\/p>\n<p>Pro ka\u017ed\u00e9ho 50\u00a0milion\u016f<\/p>\n<p class=\"e_bX\">\u0160estasedmdes\u00e1tilet\u00fd Sov\u00e1k je ob\u017ealovan\u00fd, \u017ee cht\u011bl ze stavebn\u00ed spole\u010dnosti Metrostav vyt\u00e1hnout a\u017e 150\u00a0milion\u016f na \u00faplatc\u00edch. Nikdy k\u00a0tomu nedo\u0161lo, ale trestn\u00fd je u\u017e jen takov\u00fd pl\u00e1n. Metrostav dostal v\u00a0roce 2020\u00a0nepravomocn\u00fd trest za korupci v\u00a0kauze st\u0159edo\u010desk\u00e9ho hejtmana Davida Ratha\u00a0\u2013 p\u0159i\u0161el o\u00a0mo\u017enost z\u00edsk\u00e1vat ve\u0159ejn\u00e9 zak\u00e1zky, kter\u00e9 tvo\u0159ily p\u00e1te\u0159 jeho mnohamiliardov\u00e9ho byznysu.<\/p>\n<p>Ob\u017ealovan\u00ed v\u00a0kauze soudce Sov\u00e1kaZden\u011bk Sov\u00e1k \u2013 dnes u\u017e b\u00fdval\u00fd soudce Vrchn\u00edho soudu v\u00a0Praze, p\u0159edt\u00edm nap\u0159\u00edklad soudce Nejvy\u0161\u0161\u00edho soudu v\u00a0Brn\u011b. Podle ob\u017ealoby se sna\u017eil z\u00edskat \u00faplatkem a\u017e 150\u00a0milion\u016f za ovlivn\u011bn\u00ed trestn\u00ed kauzy spole\u010dnosti Metrostav.Milan B\u00edba \u2013 mnohokr\u00e1t potrestan\u00fd podvodn\u00edk, kamar\u00e1d soudce Sov\u00e1ka. Pr\u00e1v\u011b on byl podle ob\u017ealoby hlavn\u00edm vyjednava\u010dem \u00faplatk\u016f.Robert Pleva\u010d \u2013 soukrom\u00fd detektiv. P\u0159i\u0161el s\u00a0nab\u00eddkou, \u017ee dok\u00e1\u017ee z\u00edskat od Metrostavu 150\u00a0milion\u016f za m\u00edrn\u011bj\u0161\u00ed trest.Charlotte Mul\u00e9nov\u00e1 \u2013 B\u00edbova p\u0159\u00edtelkyn\u011b. Podle policist\u016f \u201evyprala\u201c p\u0159es bankovn\u00ed \u00fa\u010det z\u00e1lohu 900\u00a0tis\u00edc za ovlivn\u011bn\u00ed rozsudku (\u0161lo o\u00a0pen\u00edze, kter\u00e9 skupin\u011b podstr\u010dila policie).Gagik Tonyan \u2013 podnikatel arm\u00e9nsk\u00e9ho p\u016fvodu. Sov\u00e1kovi dal podle ob\u017ealoby obraz v\u00a0hodnot\u011b 15\u00a0tis\u00edc za to, \u017ee ho soudce osvobodil ve vyd\u011bra\u010dsk\u00e9 kauze.<img fetchpriority=\"high\" height=\"2731\"   width=\"4096\" src=\"https:\/\/www.europesays.com\/cz\/wp-content\/uploads\/2026\/08\/soud-korupce-zdenek-sovak-mestsky-soud-praha.jpeg\" loading=\"eager\" decoding=\"sync\" class=\"e_aa e_Z\"\/>Foto: Renata Mat\u011bjkov\u00e1, Seznam Zpr\u00e1vy<\/p>\n<p class=\"e_bX\">Vzniklo zvl\u00e1\u0161tn\u00ed p\u0159\u00e1telstv\u00ed: recidivista Milan B\u00edba (na sn\u00edmku) a\u00a0vrchn\u00ed soudce Zden\u011bk Sov\u00e1k.<\/p>\n<p class=\"e_bX\">O odvol\u00e1n\u00ed rozhodoval Vrchn\u00ed soud v\u00a0Praze, kde tehdy Sov\u00e1k p\u016fsobil. Podle ob\u017ealoby cht\u011bl Sov\u00e1k bu\u010f p\u0159ihr\u00e1t kauzu sv\u00e9mu sen\u00e1tu, nebo za\u0159\u00eddit, aby ji dostal n\u011bjak\u00fd sp\u0159\u00e1telen\u00fd soudce. A\u00a0n\u00e1sledn\u011b Metrostavu zru\u0161it nep\u0159\u00edjemn\u00fd z\u00e1kaz zak\u00e1zek a\u00a0nahradit ho pouze vysokou pokutou.<\/p>\n<p class=\"e_bX\">\u201eOni maj\u00ed kde br\u00e1t. A\u00a0kdy\u017e jim zachr\u00e1n\u00edme pr*el, tak a\u0165 pod\u011bkujou. V\u017edy\u0165 je to jednoduch\u00e9,\u201c \u0159\u00edkal soudc\u016fv neform\u00e1ln\u00ed pobo\u010dn\u00edk a\u00a0kamar\u00e1d Milan B\u00edba v\u00a0kv\u011btnu 2020\u00a0v\u00a0rozhovoru se Sov\u00e1kem, kter\u00fd odposlouch\u00e1vali kriminalist\u00e9. B\u00edba je recidivista, kter\u00fd d\u0159\u00edve opakovan\u011b sed\u011bl ve v\u011bzen\u00ed za podvody.<\/p>\n<p><img height=\"2732\"   width=\"4096\" src=\"https:\/\/www.europesays.com\/cz\/wp-content\/uploads\/2026\/08\/76f5.jpeg\" loading=\"eager\" decoding=\"sync\" class=\"e_aa e_Z\"\/>Foto: Renata Mat\u011bjkov\u00e1, Seznam Zpr\u00e1vy<\/p>\n<p class=\"e_bX\">Zden\u011bk Sov\u00e1k byl deset let soudcem Nejvy\u0161\u0161\u00edho soudu, naposledy p\u016fsobil na Vrchn\u00edm soudu v\u00a0Praze. V\u00a0prosinci 2020, nedlouho p\u0159edt\u00edm, ne\u017e by musel kv\u016fli v\u011bku z\u00a0justice odej\u00edt, ho policie zatkla a\u00a0obvinila z\u00a0korupce.<\/p>\n<p class=\"e_bX\">Pr\u00e1v\u011b soukrom\u00fd detektiv Pleva\u010d, jak zazn\u011blo u\u00a0soudu, kontaktoval nejprve pr\u00e1vni\u010dku Metrostavu, jestli firma p\u0159istoup\u00ed na nab\u00eddku 50\u00a0milion\u016f pro Sov\u00e1ka, 50\u00a0milion\u016f\u00a0pro Pleva\u010de a\u00a050\u00a0milion\u016f\u00a0pro advok\u00e1tku. Za to, \u017ee Sov\u00e1k za\u0159\u00edd\u00ed m\u00edrn\u011bj\u0161\u00ed trest. Advok\u00e1tka to obratem ozn\u00e1mila veden\u00ed Metrostavu. <\/p>\n<p class=\"e_bX\">Sou\u010dasn\u011b se ale u\u00a0soudu uk\u00e1zalo, \u017ee nap\u0159\u00edklad jeden b\u00fdval\u00fd mana\u017eer Metrostavu se tak\u00e9 sna\u017eil zprost\u0159edkovat kontakt na soudce Sov\u00e1ka. S\u00a0t\u00edm, \u017ee soudce by mohl firm\u011b pomoci. <\/p>\n<p><a data-dot=\"mol-article-card-media\" aria-hidden=\"true\" tabindex=\"-1\" href=\"https:\/\/www.seznamzpravy.cz\/clanek\/mildi-dedo-korupcni-pratelstvi-soudce-sovaka-sledovala-policie-zblizka-134053\" class=\"e_n f_l8\" rel=\"nofollow noopener\" target=\"_blank\"><img height=\"315\"   width=\"560\" src=\"https:\/\/www.europesays.com\/cz\/wp-content\/uploads\/2026\/08\/5fHJj.jpeg\" loading=\"eager\" decoding=\"sync\" class=\"e_aa e_Z\"\/><\/a><\/p>\n<p class=\"e_bX\">Metrostav tedy n\u011bkolik m\u011bs\u00edc\u016f v\u011bd\u011bl, \u017ee se kolem jeho odsouzen\u00ed n\u011bco d\u011bje. Ale trestn\u00ed ozn\u00e1men\u00ed podal a\u017e v\u00a0listopadu roku 2020\u00a0\u2013 m\u011bs\u00edc p\u0159edt\u00edm, ne\u017e policie Sov\u00e1ka a\u00a0dal\u0161\u00ed akt\u00e9ry pozat\u00fdkala. Firma v\u017edy vysv\u011btlovala, \u017ee dlouho pova\u017eovala neup\u0159esn\u011bn\u00e9 nab\u00eddky na ovlivn\u011bn\u00ed rozsudku jen za provokace nebo drby bez re\u00e1ln\u00e9ho z\u00e1kladu. Ale kdy\u017e pr\u00fd na podzim roku 2020\u00a0nab\u00fdvaly na intenzit\u011b, rozhodla se obr\u00e1tit na policii.<\/p>\n<p>K p\u0159ed\u00e1n\u00ed pen\u011bz nedo\u0161lo<\/p>\n<p class=\"e_bX\">Ani Sov\u00e1k\u00a0\u2013 podobn\u011b jako detektiv Pleva\u010d\u00a0\u2013 se b\u011bhem dvoulet\u00e9ho soudn\u00edho procesu k\u00a0obvin\u011bn\u00ed z\u00a0\u00faplatku nevyjad\u0159oval. To m\u00e1 dokonce dv\u011b \u010d\u00e1sti: P\u0159es jin\u00e9ho b\u00fdval\u00e9ho policistu, \u0159\u00edk\u00e1 ob\u017ealoba, zkou\u0161eli Sov\u00e1k s\u00a0B\u00edbou vyt\u00e1hnout soub\u011b\u017en\u011b z\u00a0Metrostavu je\u0161t\u011b dal\u0161\u00edch 50\u00a0milion\u016f.<\/p>\n<p><a data-dot=\"mol-article-card-media\" aria-hidden=\"true\" tabindex=\"-1\" href=\"https:\/\/www.seznamzpravy.cz\/clanek\/domaci-kauzy-v-justici-obcas-musite-dat-uplatek-rekl-u-soudu-advokat-263504\" class=\"e_n f_l8\" rel=\"nofollow noopener\" target=\"_blank\"><img height=\"1687\"   width=\"3000\" src=\"https:\/\/www.europesays.com\/cz\/wp-content\/uploads\/2026\/08\/Ut0CK.jpeg\" loading=\"eager\" decoding=\"sync\" class=\"e_aa e_Z\"\/><\/a><\/p>\n<p class=\"e_bX\">Sov\u00e1k u\u017e p\u0159ed t\u0159emi lety <a data-dot=\"atm-link\" target=\"_blank\" href=\"https:\/\/www.seznamzpravy.cz\/clanek\/pil-jsem-a-nic-si-nepamatuju-rika-soudce-stihany-pro-uplatek-100-milionu-171858\" class=\"e_n\" rel=\"nofollow noopener\">v\u00a0rozhovoru pro Seznam Zpr\u00e1vy<\/a> vysv\u011btloval, \u017ee v\u00a0dob\u011b, kdy ho policie odposlouch\u00e1vala a\u00a0sledovala, hodn\u011b pil. Nedok\u00e1zal se toti\u017e vyrovnat se smrt\u00ed man\u017eelky. \u201eI\u00a0p\u0159es podporu rodiny jsem se c\u00edtil extr\u00e9mn\u011b opu\u0161t\u011bn\u00fd,\u201c \u0159\u00edkal tehdy Sov\u00e1k, kter\u00fd trp\u00ed t\u011b\u017ekou cukrovkou, mus\u00ed pravideln\u011b chodit na dial\u00fdzy a\u00a0mnohokr\u00e1t se jedn\u00e1n\u00ed soudu kv\u016fli jeho zdrav\u00ed odkl\u00e1dala.<\/p>\n<p class=\"e_bX\">Soudce tak\u00e9 tvrdil, \u017ee z\u00a0t\u00e9hle doby m\u00e1 v\u00fdpadky\u00a0\u2013 a\u010dkoli sou\u010dasn\u011b dok\u00e1zal rozhodovat z\u00e1va\u017en\u00e9 kauzy na Vrchn\u00edm soudu v\u00a0Praze. Tvrd\u00ed, \u017ee si nepamatuje, co d\u016fv\u011brn\u00edkovi a\u00a0spoluob\u017ealovan\u00e9mu B\u00edbovi navykl\u00e1dal v\u00a0odposlouch\u00e1van\u00e9m byt\u011b, v\u00a0aut\u011b nebo obl\u00edben\u00e9 restauraci na pra\u017esk\u00e9 Letn\u00e9. Detektivov\u00e9 nahr\u00e1li hodiny z\u00e1znam\u016f, kter\u00e9 jsou podle ob\u017ealoby d\u016fle\u017eit\u00fdmi d\u016fkazy.<\/p>\n<p class=\"e_bX\">Rozsudek v\u00a0Sov\u00e1kov\u011b kauze byl mohl padnout je\u0161t\u011b do konce roku. B\u00fdval\u00fd soudce je ohro\u017een a\u017e dvan\u00e1ctilet\u00fdm v\u011bzen\u00edm.<\/p>\n","protected":false},"excerpt":{"rendered":"Dva roky soukrom\u00fd detektiv Robert Pleva\u010d u\u00a0soudu ml\u010del. Jako ob\u017ealovan\u00fd necht\u011bl mluvit o\u00a0sv\u00e9 roli v\u00a0kauze b\u00fdval\u00e9ho soudce Zde\u0148ka&hellip;\n","protected":false},"author":2,"featured_media":180284,"comment_status":"","ping_status":"","sticky":false,"template":"","format":"standard","meta":{"footnotes":"","_share_on_mastodon":"0"},"categories":[10],"tags":[27736,17,21,1733,13717,43065,16,43066,258,18,19,22,2826,43064,20],"class_list":["post-180283","post","type-post","status-publish","format-standard","has-post-thumbnail","category-zpravy","tag-david-rath","tag-headlines","tag-hlavni-udalosti","tag-korupce","tag-metrostav","tag-milan-biba","tag-news","tag-robert-plevac","tag-soud","tag-top-news","tag-top-stories","tag-udalosti-dne","tag-uplatek","tag-zdenek-sovak","tag-zpravy"],"share_on_mastodon":{"url":"https:\/\/pubeurope.com\/@cz\/117098785348460136","error":""},"_links":{"self":[{"href":"https:\/\/www.europesays.com\/cz\/wp-json\/wp\/v2\/posts\/180283","targetHints":{"allow":["GET"]}}],"collection":[{"href":"https:\/\/www.europesays.com\/cz\/wp-json\/wp\/v2\/posts"}],"about":[{"href":"https:\/\/www.europesays.com\/cz\/wp-json\/wp\/v2\/types\/post"}],"author":[{"embeddable":true,"href":"https:\/\/www.europesays.com\/cz\/wp-json\/wp\/v2\/users\/2"}],"replies":[{"embeddable":true,"href":"https:\/\/www.europesays.com\/cz\/wp-json\/wp\/v2\/comments?post=180283"}],"version-history":[{"count":0,"href":"https:\/\/www.europesays.com\/cz\/wp-json\/wp\/v2\/posts\/180283\/revisions"}],"wp:featuredmedia":[{"embeddable":true,"href":"https:\/\/www.europesays.com\/cz\/wp-json\/wp\/v2\/media\/180284"}],"wp:attachment":[{"href":"https:\/\/www.europesays.com\/cz\/wp-json\/wp\/v2\/media?parent=180283"}],"wp:term":[{"taxonomy":"category","embeddable":true,"href":"https:\/\/www.europesays.com\/cz\/wp-json\/wp\/v2\/categories?post=180283"},{"taxonomy":"post_tag","embeddable":true,"href":"https:\/\/www.europesays.com\/cz\/wp-json\/wp\/v2\/tags?post=180283"}],"curies":[{"name":"wp","href":"https:\/\/api.w.org\/{rel}","templated":true}]}}