{"id":180405,"date":"2026-08-15T11:37:16","date_gmt":"2026-08-15T11:37:16","guid":{"rendered":"https:\/\/www.europesays.com\/cz\/180405\/"},"modified":"2026-08-15T11:37:16","modified_gmt":"2026-08-15T11:37:16","slug":"nejkrasnejsi-vylety-v-jizerskych-horach-priroda-i-pamatky","status":"publish","type":"post","link":"https:\/\/www.europesays.com\/cz\/180405\/","title":{"rendered":"Nejkr\u00e1sn\u011bj\u0161\u00ed v\u00fdlety v Jizersk\u00fdch hor\u00e1ch: P\u0159\u00edroda i pam\u00e1tky"},"content":{"rendered":"<p class=\"e_bX\">V\u011bt\u0161ina n\u00e1v\u0161t\u011bvn\u00edk\u016f si Jizersk\u00e9 hory spojuje s\u00a0Bed\u0159ichovem, kde startuje Jizersk\u00e1 pades\u00e1tka, nebo s\u00a0horskou osadou Jizerka. Oboj\u00ed stoj\u00ed za n\u00e1v\u0161t\u011bvu, ale byla by \u0161koda nevydat se objevovat dal\u0161\u00ed kr\u00e1sn\u00e9 kouty z\u00e1padn\u00edho souseda Krkono\u0161. <\/p>\n<p>Kam r\u00e1di chod\u00ed m\u00edstn\u00ed<\/p>\n<p class=\"e_bX\">Zaru\u010den\u00e9 tipy na to, co v\u00a0Jizerk\u00e1ch neminout, n\u00e1m u\u017e v\u00a0minulosti sepsala spolupracovnice Seznam Zpr\u00e1v Petra \u0160vecov\u00e1, kter\u00e1 zde na\u0161la druh\u00fd domov. Zmi\u0148uje nap\u0159\u00edklad b\u00fdvalou skl\u00e1\u0159skou osadu Kristi\u00e1nov, kde lze v\u00a0Li\u0161\u010d\u00ed boud\u011b nav\u0161t\u00edvit mal\u00e9 p\u016fvabn\u00e9 muzeum, ve kter\u00e9m je k\u00a0vid\u011bn\u00ed model cel\u00e9 osady a\u00a0jednotliv\u00fdch dom\u016f, ale i\u00a0r\u016fzn\u00e9 v\u00fdrobky a\u00a0komponenty. <\/p>\n<p><img fetchpriority=\"high\" height=\"1617\"   width=\"2200\" src=\"https:\/\/www.europesays.com\/cz\/wp-content\/uploads\/2026\/08\/jizerske-hory-protrzena-prehrada-bila-desna.jpeg\" loading=\"eager\" decoding=\"sync\" class=\"e_aa e_Z\"\/>Foto: V\u00edt Franc, Mapy.com<\/p>\n<p class=\"e_bX\">Protr\u017een\u00e1 p\u0159ehrada na B\u00edl\u00e9 Desn\u00e9.<\/p>\n<p class=\"e_bX\">Historickou trag\u00e9dii si m\u016f\u017eete p\u0159ipomenout v\u00fdletem k\u00a0protr\u017een\u00e9 p\u0159ehrad\u011b na B\u00edl\u00e9 Desn\u00e9. Ta byla kousek od Mari\u00e1nsk\u00e9 hory vybudov\u00e1na roku 1915.\u00a0Jen o\u00a0rok pozd\u011bji za\u010dala voda prosakovat hr\u00e1z\u00ed p\u0159ehrady, kter\u00e1 se nakonec protrhla a\u00a0zp\u016fsobila katastrof\u00e1ln\u00ed povod\u0148ovou vlnu. P\u0159ehrada u\u017e nikdy nebyla obnovena, na m\u00edst\u011b z\u016fstala zachov\u00e1na \u0161oup\u00e1tkov\u00e1 v\u011b\u017e spolu s\u00a0dal\u0161\u00edmi zbytky konstrukce. <\/p>\n<p class=\"e_bX\">A pokud je\u0161t\u011b sh\u00e1n\u00edte m\u00edsto ke koup\u00e1n\u00ed, podle autorky m\u016f\u017eete vyzkou\u0161et \u010cernou Nisu nad Bed\u0159ichovem\u00a0\u2013 nejv\u00fd\u0161e polo\u017eenou p\u0159ehradu v\u00a0Jizersk\u00fdch hor\u00e1ch. \u0158\u00edk\u00e1 se j\u00ed tak\u00e9 vodn\u00ed n\u00e1dr\u017e Bed\u0159ichov. Unik\u00e1tn\u00ed je p\u0159edev\u0161\u00edm svou vodou\u00a0\u2013 temn\u011b hn\u011bdou d\u00edky ra\u0161elin\u011b. Barvy se ale nezalekn\u011bte, voda je opravdu \u010dist\u00e1.<\/p>\n<p>V\u0161echna m\u00edsta, po kter\u00fdch se r\u00e1di toulaj\u00ed m\u00edstn\u00ed:<a data-dot=\"mol-article-card-media\" aria-hidden=\"true\" tabindex=\"-1\" href=\"https:\/\/www.seznamzpravy.cz\/clanek\/magazin-cestovani-jizerska-sedmicka-objevte-s-nami-mista-po-kterych-se-radi-toulaji-mistni-259139\" class=\"e_n f_l8\" rel=\"nofollow noopener\" target=\"_blank\"><img height=\"1012\"   width=\"1800\" src=\"https:\/\/www.europesays.com\/cz\/wp-content\/uploads\/2026\/08\/1786793830_382_jizeske-hory-palicnik.jpeg\" loading=\"eager\" decoding=\"sync\" class=\"e_aa e_Z\"\/><\/a>Vzh\u016fru na historick\u00e9 chaty<\/p>\n<p class=\"e_bX\">Obl\u00edben\u00fdm v\u00fdletn\u00edm c\u00edlem jsou tak\u00e9 historick\u00e9 horsk\u00e9 chaty. Ty v\u00a0Jizersk\u00fdch hor\u00e1ch budou jist\u011b velmi dob\u0159e zn\u00e1t b\u011b\u017eka\u0159i. V\u011bt\u0161ina toti\u017e le\u017e\u00ed na Jizersk\u00e9 magistr\u00e1le, kter\u00e1 je vyhled\u00e1vanou a\u00a0dob\u0159e upravovanou s\u00edt\u00ed tras pro b\u011b\u017eeck\u00e9 ly\u017eov\u00e1n\u00ed. Za n\u00e1v\u0161t\u011bvu stoj\u00ed i\u00a0v l\u00e9t\u011b nebo na podzim.<\/p>\n<p class=\"e_bX\">Mezi nejzn\u00e1m\u011bj\u0161\u00ed pat\u0159\u00ed \u0160\u00e1malova chata a\u00a0Prezidentsk\u00e1 chata, kter\u00e9 spojuje minulost odkazuj\u00edc\u00ed na Pra\u017esk\u00fd hrad. Na \u0160\u00e1malku se vyd\u00e1vali za prvn\u00ed republiky za rekreac\u00ed \u00fa\u0159edn\u00edci \u010deskoslovensk\u00e9 vl\u00e1dy. M\u00edsto uprost\u0159ed hlubok\u00fdch les\u016f nedaleko Blatn\u00e9ho rybn\u00edka si obl\u00edbil kancl\u00e9\u0159 prezidenta republiky P\u0159emysl \u0160\u00e1mal. Prezidentsk\u00e1 chata zase po druh\u00e9 sv\u011btov\u00e9 v\u00e1lce prezidentsk\u00e9 kancel\u00e1\u0159i p\u0159\u00edmo pat\u0159ila. Ov\u0161em ze v\u0161ech p\u0159edlistopadov\u00fdch prezident\u016f tam jezdil nab\u00edrat s\u00edly pouze jeden\u00a0\u2013 <a data-dot=\"atm-link\" target=\"_blank\" href=\"https:\/\/www.seznamzpravy.cz\/tag\/ludvik-svoboda-61519\" class=\"e_n\" rel=\"nofollow noopener\">Ludv\u00edk Svoboda<\/a>.<\/p>\n<p>O slavn\u00fdch horsk\u00fdch chat\u00e1ch v\u00a0Jizersk\u00fdch hor\u00e1ch<a data-dot=\"mol-article-card-media\" aria-hidden=\"true\" tabindex=\"-1\" href=\"https:\/\/www.seznamzpravy.cz\/clanek\/magazin-cestovani-salavne-chaty-jizerske-hory-265217\" class=\"e_n f_l8\" rel=\"nofollow noopener\" target=\"_blank\"><img height=\"471\"   width=\"839\" src=\"https:\/\/www.europesays.com\/cz\/wp-content\/uploads\/2026\/08\/1786793831_703_jizerske-hory-samalova-chata.jpeg\" loading=\"eager\" decoding=\"sync\" class=\"e_aa e_Z\"\/><\/a>Jedin\u00e1 \u010desk\u00e1 p\u0159\u00edrodn\u00ed pam\u00e1tka UNESCO<\/p>\n<p class=\"e_bX\">Ke kr\u00e1sn\u00e9mu v\u00fdletu l\u00e1k\u00e1 tak\u00e9 prvn\u00ed \u010desk\u00e1 p\u0159\u00edrodn\u00ed pam\u00e1tka na Seznamu sv\u011btov\u00e9ho d\u011bdictv\u00ed UNESCO, kterou jsou Jizerskohorsk\u00e9 bu\u010diny. \u0160pal\u00edry turist\u016f, jako u\u00a0kulturn\u00edch pam\u00e1tek tohoto seznamu, tu ne\u010dekejte. Krajina je tady na mnoha m\u00edstech t\u011b\u017eko sch\u016fdn\u00e1, nespoutan\u00e1 a\u00a0nebezpe\u010dn\u00e1. P\u0159\u00edrodu a\u00a0kr\u00e1sn\u00e9 v\u00fdhledy stoj\u00ed za to vid\u011bt, ale vy\u017eaduje to sportovn\u00edho ducha. Mezi obl\u00edben\u00e1 m\u00edsta pat\u0159\u00ed O\u0159e\u0161n\u00edk, Pali\u010dn\u00edk, Fr\u00fddlantsk\u00e9 cimbu\u0159\u00ed a\u00a0Kr\u00e1sn\u00e1 M\u00e1\u0159\u00ed.<\/p>\n<p><img height=\"2701\"   width=\"4096\" src=\"https:\/\/www.europesays.com\/cz\/wp-content\/uploads\/2026\/08\/jizerske-hory-jizeskohorske-buciny-unesco.jpeg\" loading=\"eager\" decoding=\"sync\" class=\"e_aa e_Z\"\/>Foto: Czechia Digital Media Library, Libor Sv\u00e1\u010dek, vydavatelstv\u00ed MCU<\/p>\n<p class=\"e_bX\">Pohled na Jizerskohorsk\u00e9 bu\u010diny.<\/p>\n<p class=\"e_bX\">A minout byste nem\u011bli ani m\u00edstn\u00ed vodop\u00e1dy. T\u00edm nejv\u011bt\u0161\u00edm je Velk\u00fd \u0160tolpich, slo\u017een\u00fd z\u00a0kask\u00e1dy n\u011bkolika men\u0161\u00edch. V\u0161echny proud\u00ed dol\u016f po t\u0159icetimetrov\u00e9 st\u011bn\u011b a\u00a0nejvy\u0161\u0161\u00ed z\u00a0nich m\u011b\u0159\u00ed \u010dty\u0159i a\u00a0p\u016fl metru. V\u00fdprava sem se nejv\u00edc vyplat\u00ed p\u0159i jarn\u00edm t\u00e1n\u00ed sn\u011bhu nebo po v\u011bt\u0161\u00edch de\u0161t\u00edch.<\/p>\n<p class=\"e_bX\">Jizerskohorsk\u00e9 bu\u010diny ozvl\u00e1\u0161t\u0148uj\u00ed rovn\u011b\u017e lidsk\u00e9 p\u0159\u00edb\u011bhy, by\u0165 mnoho z\u00a0nich je kv\u016fli sv\u00e9 tragi\u010dnosti spojeno s\u00a0k\u0159\u00ed\u017ei a\u00a0pomn\u00ed\u010dky. Ale pr\u00e1v\u011b surovost zdej\u0161\u00ed sudetsk\u00e9 krajiny, neobvykle m\u00e1lo zasa\u017een\u00e9 \u010dlov\u011bkem, ji vynesla mezi sv\u011btov\u00e9 p\u0159\u00edrodn\u00ed poklady.<\/p>\n<p>Co vid\u011bt v\u00a0Jizerkohorsk\u00fdch bu\u010din\u00e1ch<a data-dot=\"mol-article-card-media\" aria-hidden=\"true\" tabindex=\"-1\" href=\"https:\/\/www.seznamzpravy.cz\/clanek\/magazin-cestovani-jizerskohorske-buciny-trasy-zajimavosti-unesco-288641\" class=\"e_n f_l8\" rel=\"nofollow noopener\" target=\"_blank\"><img height=\"765\"   width=\"1361\" src=\"https:\/\/www.europesays.com\/cz\/wp-content\/uploads\/2026\/08\/1786793832_991_jizerskohorske-buciny-gorila.jpeg\" loading=\"eager\" decoding=\"sync\" class=\"e_aa e_Z\"\/><\/a>Zachr\u00e1n\u011bn\u00fd kl\u00e1\u0161ter<\/p>\n<p class=\"e_bX\">V\u00a0oblasti Jizersk\u00fdch hor se tak\u00e9 nach\u00e1z\u00ed v\u00fdznamn\u00e9 poutn\u00ed m\u00edsto. V\u00a0Hejnic\u00edch se ve st\u0159edov\u011bku podle legendy ud\u00e1l mari\u00e1nsk\u00fd z\u00e1zrak, kdy\u017e se tu chud\u00e9mu \u0159emesln\u00edkovi \u00fadajn\u011b zjevili and\u011bl\u00e9. Zv\u011bstovali mu, \u017ee pokud m\u00edsto ozna\u010d\u00ed obr\u00e1zkem Matky Bo\u017e\u00ed, uzdrav\u00ed se jeho nemocn\u00e1 \u017eena i\u00a0d\u00edt\u011b. Sv\u011bdectv\u00ed o\u00a0z\u00e1zra\u010dn\u00fdch uzdraven\u00edch pak v\u011b\u0159\u00edc\u00ed v\u00a0m\u00edstech zaznamen\u00e1vali po stalet\u00ed. I\u00a0proto tu stoj\u00ed poutn\u00ed are\u00e1l s\u00a0barokn\u00edm kl\u00e1\u0161terem.<\/p>\n<p><img height=\"2728\"   width=\"4096\" src=\"https:\/\/www.europesays.com\/cz\/wp-content\/uploads\/2026\/08\/hejnice-poutni-misto.jpeg\" loading=\"eager\" decoding=\"sync\" class=\"e_aa e_Z\"\/>Foto: Archiv Jana Heinzla a Kl\u00e1\u0161tera Hejnice<\/p>\n<p class=\"e_bX\">Kostel a\u00a0kl\u00e1\u0161ter v\u00a0Hejnic\u00edch.<\/p>\n<p class=\"e_bX\">Cenn\u00e1 pam\u00e1tka ve Fr\u00fddlantsk\u00e9m v\u00fdb\u011b\u017eku p\u0159itom m\u00e1lem nep\u0159e\u017eila socialistickou devastaci. Zachr\u00e1nil ji navr\u00e1til\u00fd emigrant, p\u00e1ter Milo\u0161 Raban, a\u00a0to i\u00a0za pomoci pen\u011bz od rodin odsunut\u00fdch N\u011bmc\u016f. M\u00edsto se tak stalo symbolem sm\u00ed\u0159en\u00ed \u010cech\u016f a\u00a0odsunut\u00fdch N\u011bmc\u016f.<\/p>\n<p>P\u0159\u00edb\u011bh poutn\u00edho m\u00edsta v\u00a0Hejnic\u00edch<a data-dot=\"mol-article-card-media\" aria-hidden=\"true\" tabindex=\"-1\" href=\"https:\/\/www.seznamzpravy.cz\/clanek\/magazin-architektura-poutni-misto-hejnice-300-let-277164\" class=\"e_n f_l8\" rel=\"nofollow noopener\" target=\"_blank\"><img height=\"2304\"   width=\"4096\" src=\"https:\/\/www.europesays.com\/cz\/wp-content\/uploads\/2026\/08\/1786793834_876_hejnice-poutni-misto.jpeg\" loading=\"eager\" decoding=\"sync\" class=\"e_aa e_Z\"\/><\/a>V\u00fdlet z\u00a0Hejnic za t\u016fn\u011bmi<\/p>\n<p class=\"e_bX\">A pr\u00e1v\u011b z\u00a0Hejnic m\u016f\u017eete vyrazit na nen\u00e1ro\u010dn\u00fd v\u00fdlet do Jizerskohorsk\u00fdch bu\u010din. Doporu\u010dujeme p\u0159\u00edmo v\u00fdstup k\u00a0vodop\u00e1d\u016fm na \u0159\u00ed\u010dce B\u00edl\u00fd \u0160tolpich, kolem nich\u017e lze pokra\u010dovat k\u00a0bufetu H\u0159eb\u00ednek, kde si m\u016f\u017eete dop\u0159\u00e1t nap\u0159\u00edklad \u201ev\u00ed\u00ed\u00ed\u00edtr z\u00a0Libverdy\u201c (grog ze zelen\u00e9 s\u00a0citr\u00f3nem) a \u201etet\u0159ev\u00ed trus\u201c (rozinky v\u00a0rumu, \u010dokol\u00e1da, \u0161leha\u010dka).<\/p>\n<p class=\"e_bX\">Odtud se vyd\u00e1te bukov\u00fdmi lesy ke korytu \u010cern\u00e9ho \u0160tolpichu, kde se podle m\u00edstn\u00edch znalc\u016f skr\u00fdvaj\u00ed t\u016fn\u011b, kter\u00e9 vyb\u00edzej\u00ed k\u00a0ochlazen\u00ed. Kdo by se ale necht\u011bl no\u0159it do ledov\u00e9 vody v\u00a0bu\u010din\u00e1ch, m\u016f\u017ee rad\u011bji vyu\u017e\u00edt koupali\u0161t\u011b p\u0159\u00edmo v\u00a0Hejnic\u00edch.<\/p>\n<p>Celou trasu v\u00fdletu najdete zde:<a data-dot=\"mol-article-card-media\" aria-hidden=\"true\" tabindex=\"-1\" href=\"https:\/\/www.seznamzpravy.cz\/clanek\/magazin-cestovani-prirodou-z-kavarny-do-kavarny-vylet-z-hejnic-za-vodopady-a-koupeli-v-horske-tuni-306781\" class=\"e_n f_l8\" rel=\"nofollow noopener\" target=\"_blank\"><img height=\"2268\"   width=\"4032\" src=\"https:\/\/www.europesays.com\/cz\/wp-content\/uploads\/2026\/08\/hejnice-jizerskohorske-buciny.jpeg\" loading=\"eager\" decoding=\"sync\" class=\"e_aa e_Z\"\/><\/a>\u010cern\u00fd ryt\u00ed\u0159 Jizersk\u00fdch hor<\/p>\n<p class=\"e_bX\">Z Jizersk\u00fdch hor, Krkono\u0161 i\u00a0z jin\u00fdch \u010d\u00e1st\u00ed \u010ceska miz\u00ed \u010dern\u00ed tet\u0159\u00edvci dechberouc\u00ed rychlost\u00ed. Podle ekolog\u016f se jejich po\u010det sn\u00ed\u017eil za uplynul\u00fdch 40\u00a0let o\u00a0\u010dty\u0159i p\u011btiny, na Morav\u011b u\u017e ne\u017eij\u00ed \u017e\u00e1dn\u00ed. Ohro\u017euj\u00ed je lid\u00e9, ale nap\u0159\u00edklad i\u00a0m\u00fdvalov\u00e9. Jejich vym\u00edr\u00e1n\u00ed cht\u011bj\u00ed odborn\u00edci zabr\u00e1nit d\u00edky nov\u00e9mu z\u00e1chrann\u00e9mu programu. Na m\u00edsta, kde se v\u00a0hor\u00e1ch vyskytuj\u00ed, upozor\u0148uj\u00ed cedule. <\/p>\n<p><a data-dot=\"mol-article-card-media\" aria-hidden=\"true\" tabindex=\"-1\" href=\"https:\/\/www.seznamzpravy.cz\/clanek\/magazin-zivotni-styl-tetrivci-v-cesku-rychle-vymiraji-ohrozuji-je-lide-i-treba-myvalove-306198\" class=\"e_n f_l8\" rel=\"nofollow noopener\" target=\"_blank\"><img height=\"1012\"   width=\"1800\" src=\"https:\/\/www.europesays.com\/cz\/wp-content\/uploads\/2026\/08\/tetrivek-obecny.jpeg\" loading=\"eager\" decoding=\"sync\" class=\"e_aa e_Z\"\/><\/a>Tam, kde ceny ur\u010duje z\u00e1kazn\u00edk<\/p>\n<p class=\"e_bX\">Jizersk\u00e9 hory tak\u00e9 nem\u016f\u017eete opustit bez toho, ani\u017e byste nav\u0161t\u00edvili m\u00edstn\u00ed legend\u00e1rn\u00ed kiosek, kde si ceny ur\u010duj\u00ed sami z\u00e1kazn\u00edci. Stoj\u00ed na \u00fapat\u00ed \u010cern\u00e9ho vrchu a\u00a0je vyhl\u00e1\u0161en\u00fdm c\u00edlem b\u011b\u017eka\u0159\u016f i\u00a0turist\u016f na h\u0159ebeni Jizerek.<\/p>\n<p><img height=\"1652\"   width=\"2200\" src=\"https:\/\/www.europesays.com\/cz\/wp-content\/uploads\/2026\/08\/jizerske-hory.jpeg\" loading=\"eager\" decoding=\"sync\" class=\"e_aa e_Z\"\/>Foto: Martin P., Mapy.com<\/p>\n<p class=\"e_bX\">Kiosek Promen\u00e1da.<\/p>\n<p class=\"e_bX\">Ojedin\u011bl\u00fd podnikatelsk\u00fd projekt vymyslel Zden\u011bk Joukl v\u00a0polovin\u011b devades\u00e1t\u00fdch let. Tehdy um\u00edstil na kiosek s\u00a0n\u00e1zvem Promen\u00e1da \u0161okuj\u00edc\u00ed cedulku s\u00a0n\u00e1pisem: \u201eJedin\u00e9 m\u00edsto na sv\u011bt\u011b, kde ceny ur\u010duje z\u00e1kazn\u00edk.\u201c <\/p>\n<p class=\"e_bX\">Nyn\u00ed je mu 84\u00a0let a\u00a0kiosek u\u017e s\u00e1m nevede, provoz p\u0159enechal sv\u00e9mu zn\u00e1m\u00e9mu Miroslavu Hollmannovi, kter\u00fd v\u00a0syst\u00e9mu pokra\u010duje. \u201eMoje dobr\u00e9 zku\u0161enosti s\u00a0ur\u010dov\u00e1n\u00edm cen z\u00e1kazn\u00edkem uk\u00e1zaly, \u017ee lid\u00e9 nejsou tak zl\u00ed, jak se \u0159\u00edk\u00e1,\u201c sd\u011blil Joukl m\u00e9mu kolegovi Miloslavu Lubasovi, kter\u00fd s\u00a0n\u00edm mluvil letos v\u00a0zim\u011b. <\/p>\n<p>V\u00edce o\u00a0kiosku Promen\u00e1da<a data-dot=\"mol-article-card-media\" aria-hidden=\"true\" tabindex=\"-1\" href=\"https:\/\/www.seznamzpravy.cz\/clanek\/magazin-cestovani-kiosek-kde-urcuje-ceny-zakaznik-slouzi-turistum-v-jizerkach-uz-pres-30-let-299803\" class=\"e_n f_l8\" rel=\"nofollow noopener\" target=\"_blank\"><img height=\"1923\"   width=\"3419\" src=\"https:\/\/www.europesays.com\/cz\/wp-content\/uploads\/2026\/08\/1786793836_205_jizerske-hory.jpeg\" loading=\"eager\" decoding=\"sync\" class=\"e_aa e_Z\"\/><\/a>Nov\u00fd d\u016fm p\u0159\u00edrody<\/p>\n<p class=\"e_bX\">Ned\u00e1vno tak\u00e9 z\u00edskala jedna z\u00a0Mari\u00e1nskohorsk\u00fdch bud, kter\u00e9 stoj\u00ed nedaleko protr\u017een\u00e9 p\u0159ehrady, novou podobu. Vyrostla za 33\u00a0milion\u016f korun na m\u00edst\u011b zch\u00e1tral\u00e9ho d\u0159ev\u011bn\u00e9ho staven\u00ed a\u00a0od \u010dervna 2026\u00a0slou\u017e\u00ed jako n\u00e1v\u0161t\u011bvnick\u00e9 st\u0159edisko, D\u016fm p\u0159\u00edrody. Nen\u00ed to k\u00a0n\u011bmu daleko od Protr\u017een\u00e9 p\u0159ehrady, zm\u00edn\u011bn\u00e9 na za\u010d\u00e1tku \u010dl\u00e1nku.<\/p>\n<p class=\"e_bX\">Jeho z\u00e1kladem je velk\u00e1 v\u00fdstavn\u00ed s\u00ed\u0148 s\u00a0prosklenou st\u0159echou, kde jsou na st\u011bn\u00e1ch um\u00edst\u011bn\u00e9 r\u016fzn\u00e9 hern\u00ed prvky spojen\u00e9 s\u00a0ilustracemi Kl\u00e1ry \u017dabkov\u00e9. N\u00e1v\u0161t\u011bvn\u00edci se zde dozv\u011bd\u00ed krom\u011b jin\u00e9ho i\u00a0o\u00a0ekologick\u00e9 pohrom\u011b ze 70.\u00a0a\u00a080.\u00a0let minul\u00e9ho stolet\u00ed, kdy kv\u016fli jedovat\u00fdm exhalac\u00edm z\u00a0\u010desk\u00fdch, polsk\u00fdch a\u00a0v\u00fdchodon\u011bmeck\u00fdch elektr\u00e1ren zahynuly v\u00a0Jizersk\u00fdch hor\u00e1ch tak\u0159ka v\u0161echny smrkov\u00e9 lesy v\u00a0nadmo\u0159sk\u00e9 v\u00fd\u0161ce nad 800\u00a0metr\u016f. Nebo mohou zhl\u00e9dnout p\u0159\u00edrodov\u011bdn\u00fd dokument.  <\/p>\n<p>Podrobn\u011b o\u00a0Mari\u00e1nskohorsk\u00fdch boud\u00e1ch<a data-dot=\"mol-article-card-media\" aria-hidden=\"true\" tabindex=\"-1\" href=\"https:\/\/www.seznamzpravy.cz\/clanek\/magazin-cestovani-kopie-horske-boudy-misto-barabizny-na-odstrel-jizerky-maji-novy-dum-prirody-312105\" class=\"e_n f_l8\" rel=\"nofollow noopener\" target=\"_blank\"><img height=\"2250\"   width=\"4000\" src=\"https:\/\/www.europesays.com\/cz\/wp-content\/uploads\/2026\/08\/1786793836_329_marianskohorske-boudy-jizerske-hory.jpeg\" loading=\"eager\" decoding=\"sync\" class=\"e_aa e_Z\"\/><\/a><\/p>\n","protected":false},"excerpt":{"rendered":"V\u011bt\u0161ina n\u00e1v\u0161t\u011bvn\u00edk\u016f si Jizersk\u00e9 hory spojuje s\u00a0Bed\u0159ichovem, kde startuje Jizersk\u00e1 pades\u00e1tka, nebo s\u00a0horskou osadou Jizerka. Oboj\u00ed stoj\u00ed za&hellip;\n","protected":false},"author":2,"featured_media":180406,"comment_status":"","ping_status":"","sticky":false,"template":"","format":"standard","meta":{"footnotes":"","_share_on_mastodon":"0"},"categories":[7],"tags":[43,42,41,40,34150,1670,3912],"class_list":["post-180405","post","type-post","status-publish","format-standard","has-post-thumbnail","category-cesko","tag-ceska-republika","tag-cesko","tag-czech-republic","tag-czechia","tag-dovolena-v-cesku","tag-jizerske-hory","tag-vylety-po-cesku"],"share_on_mastodon":{"url":"https:\/\/pubeurope.com\/@cz\/117099328377954461","error":""},"_links":{"self":[{"href":"https:\/\/www.europesays.com\/cz\/wp-json\/wp\/v2\/posts\/180405","targetHints":{"allow":["GET"]}}],"collection":[{"href":"https:\/\/www.europesays.com\/cz\/wp-json\/wp\/v2\/posts"}],"about":[{"href":"https:\/\/www.europesays.com\/cz\/wp-json\/wp\/v2\/types\/post"}],"author":[{"embeddable":true,"href":"https:\/\/www.europesays.com\/cz\/wp-json\/wp\/v2\/users\/2"}],"replies":[{"embeddable":true,"href":"https:\/\/www.europesays.com\/cz\/wp-json\/wp\/v2\/comments?post=180405"}],"version-history":[{"count":0,"href":"https:\/\/www.europesays.com\/cz\/wp-json\/wp\/v2\/posts\/180405\/revisions"}],"wp:featuredmedia":[{"embeddable":true,"href":"https:\/\/www.europesays.com\/cz\/wp-json\/wp\/v2\/media\/180406"}],"wp:attachment":[{"href":"https:\/\/www.europesays.com\/cz\/wp-json\/wp\/v2\/media?parent=180405"}],"wp:term":[{"taxonomy":"category","embeddable":true,"href":"https:\/\/www.europesays.com\/cz\/wp-json\/wp\/v2\/categories?post=180405"},{"taxonomy":"post_tag","embeddable":true,"href":"https:\/\/www.europesays.com\/cz\/wp-json\/wp\/v2\/tags?post=180405"}],"curies":[{"name":"wp","href":"https:\/\/api.w.org\/{rel}","templated":true}]}}