{"id":180431,"date":"2026-08-15T12:06:16","date_gmt":"2026-08-15T12:06:16","guid":{"rendered":"https:\/\/www.europesays.com\/cz\/180431\/"},"modified":"2026-08-15T12:06:16","modified_gmt":"2026-08-15T12:06:16","slug":"otec-pujcil-14letemu-synovi-auto-ten-s-nim-na-kralovehradecku-uhanel-rychlosti-temer-200-km-h","status":"publish","type":"post","link":"https:\/\/www.europesays.com\/cz\/180431\/","title":{"rendered":"Otec p\u016fj\u010dil 14let\u00e9mu synovi auto. Ten s n\u00edm na Kr\u00e1lov\u00e9hradecku uh\u00e1n\u011bl rychlost\u00ed t\u00e9m\u011b\u0159 200 km\/h"},"content":{"rendered":"<p>\n                        Teprve 14let\u00e9ho chlapce p\u0159istihli ve \u010dtvrtek kr\u00e1lov\u00e9hrade\u010dt\u00ed dopravn\u00ed policist\u00e9 za volantem osobn\u00edho vozidla. Mimo obec, kde je nejvy\u0161\u0161\u00ed dovolen\u00e1 rychlost j\u00edzdy 90 km\/h, mu nam\u011b\u0159ili t\u00e9m\u011b\u0159 200 km\/h. Informovala o tom policejn\u00ed mluv\u010d\u00ed Andrea Muzikantov\u00e1 s t\u00edm, \u017ee auto chlapci p\u016fj\u010dil jeho otec pod podm\u00ednkou, \u017ee bude jezdit pouze na soukrom\u00e9m pozemku.\n                    <\/p>\n<p>K incidentu do\u0161lo ve \u010dtvrtek po 19. hodin\u011b. Policist\u00e9 z odd\u011blen\u00ed silni\u010dn\u00edho dohledu zastavili na silnici II\/611 u Ob\u011bdovic vozidlo zna\u010dky Audi, u kter\u00e9ho radar nam\u011b\u0159il rychlost 193 km\/h v m\u00edst\u011b, kde je maxim\u00e1ln\u00ed povolen\u00e1 rychlost 90 km\/h. \u201ePo ode\u010dten\u00ed stanoven\u00e9 tolerance tak \u0159idi\u010d p\u0159ekro\u010dil rychlost j\u00edzdy o 97 km\/h,\u201c <a target=\"_blank\" href=\"https:\/\/policie.gov.cz\/kralovehradecky-kraj\/audi-ridil-14lety-chlapec\" rel=\"nofollow noopener\">uvedla Muzikantov\u00e1<\/a>.<\/p>\n<p>\u010cT\u011aTE TAK\u00c9: <a target=\"_blank\" rel=\"noopener noreferrer nofollow\" href=\"https:\/\/cnn.iprima.cz\/umrti-zeny-v-plzni-budi-emoce-sanitka-prijela-jinam-zachranari-mluvi-o-chybe-rodiny-519142\">Ne\u0161\u0165astn\u00e1 smrt \u017eeny v Plzni bud\u00ed emoce: Sanitka jela jinam, z\u00e1chran\u00e1\u0159i mluv\u00ed o chyb\u011b rodiny<\/a><\/p>\n<p>V\u00fdrazn\u00e9 p\u0159ekro\u010den\u00ed rychlosti v\u0161ak nebylo jedin\u00e9 p\u0159ekvapen\u00ed, kter\u00e9 na policisty \u010dekalo. Za volantem toti\u017e sed\u011bl teprve \u010dtrn\u00e1ctilet\u00fd chlapec, kter\u00fd pochopiteln\u011b nem\u011bl ani \u0159idi\u010dsk\u00fd pr\u016fkaz, ani \u0159idi\u010dsk\u00e9 opr\u00e1vn\u011bn\u00ed.<\/p>\n<p>Dechov\u00e1 zkou\u0161ka u nezletil\u00e9ho \u0159idi\u010de byla negativn\u00ed, stejn\u011b jako test na p\u0159\u00edtomnost drog. Policist\u016fm n\u00e1sledn\u011b uvedl, \u017ee Audi pat\u0159\u00ed jeho otci.<\/p>\n<p>Auto pat\u0159ilo otci<\/p>\n<p>Ten se na m\u00edsto dostavil a potvrdil, \u017ee synovi v\u016fz skute\u010dn\u011b p\u016fj\u010dil. Tvrdil v\u0161ak, \u017ee mu ho sv\u011b\u0159il pouze k j\u00edzd\u011b na soukrom\u00e9m pozemku. \u201ePolicist\u00e9 ud\u011blili otci na m\u00edst\u011b pokutu v p\u0159\u00edkazn\u00edm \u0159\u00edzen\u00ed za to, \u017ee jako provozovatel sv\u011b\u0159il vozidlo osob\u011b, kter\u00e1 nespl\u0148uje podm\u00ednky k \u0159\u00edzen\u00ed motorov\u00e9ho vozidla,\u201c poznamenala policejn\u00ed mluv\u010d\u00ed.<\/p>\n<p>Samotn\u00fd p\u0159\u00edpad chlapce policist\u00e9 vzhledem k jeho v\u011bku odlo\u017e\u00ed. O jeho protipr\u00e1vn\u00edm jedn\u00e1n\u00ed ale vyrozum\u00ed org\u00e1n soci\u00e1ln\u011b-pr\u00e1vn\u00ed ochrany d\u011bt\u00ed, kter\u00fd m\u016f\u017ee p\u0159ijmout dal\u0161\u00ed opat\u0159en\u00ed.<\/p>\n<p>Policie z\u00e1rove\u0148 p\u0159ipom\u00edn\u00e1 rodi\u010d\u016fm a z\u00e1konn\u00fdm z\u00e1stupc\u016fm, aby d\u011btem bez \u0159idi\u010dsk\u00e9ho opr\u00e1vn\u011bn\u00ed motorov\u00e1 vozidla nesv\u011b\u0159ovali. Nejde podle n\u00ed jen o poru\u0161en\u00ed z\u00e1kona, ale p\u0159edev\u0161\u00edm o mo\u017en\u00e9 ohro\u017een\u00ed \u017eivota a zdrav\u00ed. \u201e\u0158\u00edzen\u00ed motorov\u00e9ho vozidla vy\u017eaduje pot\u0159ebn\u00e9 znalosti, zku\u0161enosti, odpov\u011bdnost a schopnost spr\u00e1vn\u011b reagovat v krizov\u00fdch situac\u00edch,\u201c zd\u016fraznila Muzikantov\u00e1.<\/p>\n<p>MOHLO V\u00c1M UNIKNOUT: <a target=\"_blank\" href=\"https:\/\/cnn.iprima.cz\/tragicka-smrt-adely-kleckove-bylo-ji-jen-32-let-toto-se-ji-stalo-osudnym-519286\" rel=\"nofollow noopener\">Smrt \u010desk\u00e9 expertky na kyberbezpe\u010dnost. Kle\u010dkov\u00e1 se z\u0159\u00edtila p\u0159i svl\u00e9k\u00e1n\u00ed bundy v Alp\u00e1ch<\/a><\/p>\n<p class=\"!text-semibold-14-14 !text-black mb-0 mt-2\">\n                Vystudovala liter\u00e1rn\u00ed tvorbu na Vysok\u00e9 \u0161kole kreativn\u00ed komunikace a n\u00e1sledn\u011b nav\u00e1zala studiem m\u00e9di\u00ed na Metropolitn\u00ed univerzit\u011b v Praze. Od dubna 2023 p\u016fsob\u00ed jako redaktorka v on-line redakci CNN Prima NEWS. (Michaela.Bartosova@iprima.cz)\n            <\/p>\n","protected":false},"excerpt":{"rendered":"Teprve 14let\u00e9ho chlapce p\u0159istihli ve \u010dtvrtek kr\u00e1lov\u00e9hrade\u010dt\u00ed dopravn\u00ed policist\u00e9 za volantem osobn\u00edho vozidla. Mimo obec, kde je nejvy\u0161\u0161\u00ed&hellip;\n","protected":false},"author":2,"featured_media":180432,"comment_status":"","ping_status":"","sticky":false,"template":"","format":"standard","meta":{"footnotes":"","_share_on_mastodon":"0"},"categories":[10],"tags":[13684,1471,17,21,2524,16,43087,325,1231,18,19,1230,22,1234,20],"class_list":["post-180431","post","type-post","status-publish","format-standard","has-post-thumbnail","category-zpravy","tag-dopravni-policie","tag-dovolena","tag-headlines","tag-hlavni-udalosti","tag-kralovehradecky-kraj","tag-news","tag-osobni-vuz","tag-policie","tag-pravo-a-spravedlnost","tag-top-news","tag-top-stories","tag-trestna-cinnost","tag-udalosti-dne","tag-vymahani-prava","tag-zpravy"],"share_on_mastodon":{"url":"https:\/\/pubeurope.com\/@cz\/117099441885352032","error":""},"_links":{"self":[{"href":"https:\/\/www.europesays.com\/cz\/wp-json\/wp\/v2\/posts\/180431","targetHints":{"allow":["GET"]}}],"collection":[{"href":"https:\/\/www.europesays.com\/cz\/wp-json\/wp\/v2\/posts"}],"about":[{"href":"https:\/\/www.europesays.com\/cz\/wp-json\/wp\/v2\/types\/post"}],"author":[{"embeddable":true,"href":"https:\/\/www.europesays.com\/cz\/wp-json\/wp\/v2\/users\/2"}],"replies":[{"embeddable":true,"href":"https:\/\/www.europesays.com\/cz\/wp-json\/wp\/v2\/comments?post=180431"}],"version-history":[{"count":0,"href":"https:\/\/www.europesays.com\/cz\/wp-json\/wp\/v2\/posts\/180431\/revisions"}],"wp:featuredmedia":[{"embeddable":true,"href":"https:\/\/www.europesays.com\/cz\/wp-json\/wp\/v2\/media\/180432"}],"wp:attachment":[{"href":"https:\/\/www.europesays.com\/cz\/wp-json\/wp\/v2\/media?parent=180431"}],"wp:term":[{"taxonomy":"category","embeddable":true,"href":"https:\/\/www.europesays.com\/cz\/wp-json\/wp\/v2\/categories?post=180431"},{"taxonomy":"post_tag","embeddable":true,"href":"https:\/\/www.europesays.com\/cz\/wp-json\/wp\/v2\/tags?post=180431"}],"curies":[{"name":"wp","href":"https:\/\/api.w.org\/{rel}","templated":true}]}}