{"id":180795,"date":"2026-08-15T20:08:15","date_gmt":"2026-08-15T20:08:15","guid":{"rendered":"https:\/\/www.europesays.com\/cz\/180795\/"},"modified":"2026-08-15T20:08:15","modified_gmt":"2026-08-15T20:08:15","slug":"priske-o-traskavem-prichodu-jurasek-ukazal-jaky-je-charakter-zvladne-to-omluva-pomuze","status":"publish","type":"post","link":"https:\/\/www.europesays.com\/cz\/180795\/","title":{"rendered":"Priske o\u00a0t\u0159askav\u00e9m p\u0159\u00edchodu: Jur\u00e1sek uk\u00e1zal, jak\u00fd je charakter. Zvl\u00e1dne to, omluva pom\u016f\u017ee"},"content":{"rendered":"<p class=\"b_bF\">Jur\u00e1sek poc\u00edtil nevoli kotle p\u0159ed z\u00e1pasem i\u00a0v jeho pr\u016fb\u011bhu, kdy\u017e sed\u011bl na st\u0159\u00edda\u010dce. P\u00edskalo se a\u00a0vulg\u00e1rn\u011b skandovalo i\u00a0v 74.\u00a0minut\u011b, kdy\u017e \u0161el na plac. Tvrd\u00e1 v\u00fdm\u011bna n\u00e1zor\u016f zase doprov\u00e1zela z\u00e1v\u011bre\u010dnou d\u011bkova\u010dku, kde byl i\u00a0Priske, kter\u00fd se novice p\u0159ed nejtvrd\u0161\u00edm j\u00e1drem zast\u00e1val.<\/p>\n<p>Tren\u00e9re, za\u010dn\u011bme postupn\u011b. Mluvil jste s\u00a0Jur\u00e1skem p\u0159ed debutem o\u00a0v\u0161em, co jeho p\u0159\u00edchod strhl?<\/p>\n<p class=\"b_bF\">Nem\u011bli jsme moc \u010dasu, p\u0159ilet\u011bl z\u00a0Anglie v\u00a0p\u00e1tek r\u00e1no na zdravotn\u00ed prohl\u00eddku. V\u010dera jsem s\u00a0n\u00edm osobn\u011b nemluvil, bylo to jen po telefonu. Mluvil jsem s\u00a0n\u00edm o\u00a0tom, co se mu d\u011bje v\u00a0hlav\u011b a\u00a0jak se c\u00edt\u00ed. Je kolem n\u011bj i\u00a0v m\u00e9di\u00edch hodn\u011b ruchu. Cht\u011bl jsem zn\u00e1t jeho pohled. Ptal jsem se, zda se c\u00edt\u00ed p\u0159ipraven\u00fd n\u00e1m pomoct. A\u00a0p\u0159ipraven\u00fd byl.<\/p>\n<p><a data-dot=\"atm-link\" target=\"_self\" href=\"https:\/\/www.sport.cz\/clanek\/fotbal-ceska-1-liga-dusno-na-sparte-letna-vypiskala-novou-posilu-vulgarity-mirily-i-na-vedeni-5514043\" class=\"b_V g_ia\" rel=\"nofollow noopener\"><img fetchpriority=\"high\" height=\"2730\" width=\"3641\" src=\"https:\/\/www.europesays.com\/cz\/wp-content\/uploads\/2026\/08\/1786824494_958_0eb6.jpeg\" loading=\"eager\" decoding=\"sync\" class=\"b_B b_z\"\/><\/a>Co se d\u011blo p\u0159i z\u00e1v\u011bre\u010dn\u00e9 d\u011bkova\u010dce u\u00a0dom\u00e1c\u00edho kotle?<\/p>\n<p class=\"b_bF\">Uk\u00e1zalo mi to, jak\u00fd jsme klub. Respektujeme fanou\u0161ky i\u00a0jejich n\u00e1zor. V\u00e1\u017e\u00edme si toho, \u017ee ho vyj\u00e1d\u0159\u00ed. Je f\u00e9r, \u017ee ho dali najevo. D\u011bl\u00e1 mi velkou radost, \u017ee hr\u00e1\u010di jako Surov\u010d\u00edk, Karabec, \u0160ev\u00ednsk\u00fd, Suchomel nebo Kade\u0159\u00e1bek, kte\u0159\u00ed jsou dlouho sou\u010d\u00e1st\u00ed klubu, vzali zodpov\u011bdnost a\u00a0podpo\u0159ili Mat\u011bje ve slo\u017eit\u00e9 situaci. Dali fanou\u0161k\u016fm najevo pocity, jak\u00e9 maj\u00ed. V\u011b\u0159\u00edm, \u017ee on se zase omluvil spar\u0165an\u016fm, kte\u0159\u00ed klub miluj\u00ed. Byl to dobr\u00fd moment pro n\u011b i\u00a0pro Mat\u011bje. Bude te\u010f z\u00e1le\u017eet na n\u011bm, aby se uk\u00e1zal na h\u0159i\u0161ti, \u017ee bude bojovat za Spartu a\u00a0bude pro ni d\u011blat to nejlep\u0161\u00ed. Dne\u0161n\u00edch dvacet minut bylo velmi dobr\u00fdch.<\/p>\n<p>Setkal jste se n\u011bkdy s\u00a0podobn\u011b vyhrocenou situac\u00ed, kdy fandov\u00e9 b\u011bsn\u00ed kv\u016fli nov\u00e9 posile?<\/p>\n<p class=\"b_bF\">Nejsem si jist\u00fd, jestli jsem n\u011bco podobn\u00e9ho za\u017eil. Z\u00a0m\u00e9ho pohledu je to ale n\u011bco, co si v\u00a0pr\u00e1ci tren\u00e9ra z\u00a0ur\u010dit\u00e9ho pohledu u\u017e\u00edv\u00e1m. Sna\u017e\u00edm se hr\u00e1\u010d\u016fm pomoct rozv\u00edjet se, aby pod\u00e1vali v\u00fdkony ve velk\u00e9m klubu, jako je Sparta. Bav\u00ed m\u011b ale i\u00a0pr\u00e1ce na ment\u00e1ln\u00ed str\u00e1nce. Miluju fotbal, je to \u00fa\u017easn\u00e1 hra. R\u00e1d pracuju s\u00a0hr\u00e1\u010di i\u00a0kolegy. Oni v\u011bd\u00ed, \u017ee dok\u00e1\u017eu b\u00fdt tvrd\u00fd, ale k\u00a0pr\u00e1ci pat\u0159\u00ed i\u00a0lidskost. Je to p\u0159irozen\u00fd aspekt, \u017ee je podpo\u0159\u00edm i\u00a0po lidsk\u00e9 str\u00e1nce.<\/p>\n<p><a data-dot=\"atm-link\" target=\"_self\" href=\"https:\/\/www.sport.cz\/clanek\/fotbal-ceska-1-liga-favorite-hasi-krizi-sparta-i-plzen-potrebuji-zvitezit-5513435\" class=\"b_V g_ia\" rel=\"nofollow noopener\"><img height=\"2239\" width=\"2986\" src=\"https:\/\/www.europesays.com\/cz\/wp-content\/uploads\/2026\/08\/43d4.mpo.jpeg\" loading=\"eager\" decoding=\"sync\" class=\"b_B b_z\"\/><\/a>Co fotbalov\u00e1 str\u00e1nka Jur\u00e1ska? Ve Slavii mu tren\u00e9\u0159i opakovan\u011b vyt\u00fdkali p\u0159\u00edstup a\u00a0\u0161patn\u00e9\u00a0br\u00e1n\u011bn\u00ed.<\/p>\n<p class=\"b_bF\">Mysl\u00edm, \u017ee se dok\u00e1zal zlep\u0161it. Mluvil jsem n\u011bkolikr\u00e1t s\u00a0tren\u00e9rem Norwiche Philippem Clementem. P\u0159\u00e1l si, aby ode\u0161el na hostov\u00e1n\u00ed. Diskutoval jsem s\u00a0n\u00edm i\u00a0o Mat\u011bjov\u011b mentalit\u011b. Philippe ocenil progres, jak\u00fd ud\u011blal v\u00a0defenziv\u011b a\u00a0nastaven\u00ed. Mat\u011bj d\u00e1v\u00e1 do br\u00e1n\u011bn\u00ed v\u00edc \u00fasil\u00ed. Zlep\u0161il se v\u00a0tomto elementu. V\u017edycky mluv\u00edm s\u00a0nov\u00fdmi hr\u00e1\u010di a\u00a0nov\u00fdmi k\u0159\u00eddly. Nem\u016f\u017ee n\u00e1m sta\u010dit, \u017ee budou br\u00e1nit na 70\u00a0procent, ale na 100\u00a0procent. Do ofenzivy se v\u017edy prostor otev\u0159e a\u00a0oni mohou uk\u00e1zat, v\u00a0\u010dem jsou dob\u0159\u00ed. Mat\u011bj m\u011bl taky velkou \u0161anci a\u00a0dobr\u00fdch akc\u00ed ve v\u00e1pn\u011b a\u00a0okolo n\u011bj. V\u00e1\u017en\u011b dobr\u00fd start.<\/p>\n<p>Ustoj\u00ed tlak Jur\u00e1sek? Bude nejen od fanou\u0161k\u016f Sparty, ale i\u00a0Slavie.<\/p>\n<p class=\"b_bF\">V\u017edycky je to risk, kdy\u017e berete hr\u00e1\u010de na hostov\u00e1n\u00ed. Samoz\u0159ejm\u011b nedok\u00e1\u017eu mluvit v\u00edc, potkal jsem ho osobn\u011b poprv\u00e9 dnes. Ud\u011blal na m\u011b dojem, co \u0159ekl. Cht\u011bl sem p\u0159ij\u00edt a\u00a0bojovat za n\u00e1s. Vid\u011bl jsem, jak vstoupil na h\u0159i\u0161t\u011b a\u00a0jak po z\u00e1pase mluvil s\u00a0fanou\u0161ky. Postavil se za sebe a\u00a0uk\u00e1zal charakter. V\u011b\u0159\u00edm, \u017ee to zvl\u00e1dne. Jako t\u00fdm a\u00a0klub ho podpo\u0159\u00edme. Je to v\u00a0mnoha ohledech t\u011b\u017ek\u00e1 situace. N\u011bco ale zabere \u010das. A\u00a0to \u0159\u00edk\u00e1m se v\u0161\u00edm respektem k\u00a0fanou\u0161k\u016fm.<\/p>\n<p class=\"b_bF\">Sest\u0159ih z\u00e1pasu Sparta &#8211; TepliceVideo: LFA<\/p>\n<p>Poj\u010fme k\u00a0z\u00e1pasu. Byl to zaj\u00edmav\u00fd a\u00a0z\u00e1bavn\u00fd z\u00e1pas pro fanou\u0161ky, co pro tren\u00e9ra?<\/p>\n<p class=\"b_bF\">V\u00edte, \u017ee tren\u00e9\u0159i nebudou nikdy naprosto spokojen\u00ed. Celkov\u011b jsme vyrazili spr\u00e1vn\u00fdm sm\u011brem. M\u00e1m radost, jak jsme si po\u010d\u00ednali v\u00a0ofenziv\u011b. Dali jsme p\u011bkn\u00e9 g\u00f3ly, ale dovolili jsme soupe\u0159i a\u017e moc \u0161anc\u00ed, rychl\u00fdch p\u0159echod\u016f nebo standardn\u00edch situac\u00ed. Mus\u00edme na tom pracovat, stejn\u011b jako na struktu\u0159e hry a\u00a0pevnosti vzadu.<\/p>\n<p><a data-dot=\"atm-link\" target=\"_self\" href=\"https:\/\/www.sport.cz\/clanek\/fotbal-ceska-1-liga-sparta-smazla-teplice-poprve-nastoupil-jurasek-5514019\" class=\"b_V g_ia\" rel=\"nofollow noopener\"><img height=\"1080\" width=\"1440\" src=\"https:\/\/www.europesays.com\/cz\/wp-content\/uploads\/2026\/08\/1786824495_447_fotbal.png\" loading=\"eager\" decoding=\"sync\" class=\"b_B b_z\"\/><\/a>Standardn\u00ed situace proti Teplic\u00edm vych\u00e1zely. \u010c\u00edm to?<\/p>\n<p class=\"b_bF\">Nejen na standardn\u00edch situac\u00edch, ale celkov\u011b jsme na v\u0161em pracovali, proto\u017ee to byl t\u011b\u017ek\u00fd t\u00fdden. M\u011bli jsme uprost\u0159ed t\u00fddne z\u00e1pas v\u00a0Lyonu. I\u00a0s ohledem na v\u0161echny p\u0159edchoz\u00ed v\u00fdsledky jsme se nad spoustou v\u011bc\u00ed museli zamyslet. Odrazilo se to na nasazen\u00ed hr\u00e1\u010d\u016f. Byla to tak\u00e9 v\u00fdzva pro na\u0161eho tren\u00e9ra standardn\u00edch situac\u00ed Jacka Wilsona. Mus\u00edme v\u00a0tom pokra\u010dovat.<\/p>\n<p>Sezona za\u010d\u00edn\u00e1, ale Sparta je jako na houpa\u010dce. Uklidn\u00ed v\u00fdsledek a\u00a0v\u00fdkon proti Teplic\u00edm?<\/p>\n<p class=\"b_bF\">Kdy\u017e m\u00e1me m\u00edt v\u00fdpadky, tak je lep\u0161\u00ed si je odb\u00fdt te\u010f. Chyb\u00ed n\u00e1m konzistence. Je to kl\u00ed\u010d v\u00a0mnoha aspektech, pot\u0159ebujeme ji ve v\u00fdsledc\u00edch i\u00a0v\u00fdkonech. Na to se mus\u00edme zam\u011b\u0159it. Zat\u00edm se n\u00e1m nepoda\u0159ilo vyhr\u00e1t venkovn\u00ed utk\u00e1n\u00ed, v\u00a0tom se pot\u0159ebujeme zlep\u0161it. Mus\u00edme se ujistit, \u017ee se z\u00e1pasy v\u00a0Brn\u011b nebo Boleslavi nebudou opakovat, nebyly to dobr\u00e9 v\u00fdkony. Mus\u00edme b\u00fdt v\u00a0tomhle ohledu lep\u0161\u00ed a\u00a0konzistentn\u011bj\u0161\u00ed.<\/p>\n<p>Prosp\u011bje ust\u00e1len\u00ed sestavy?<\/p>\n<p class=\"b_bF\">V\u017edycky to pom\u00e1h\u00e1, nikdo nem\u016f\u017ee o\u00a0tom pochybovat. Pom\u00e1h\u00e1 to vztah\u016fm nebo automatism\u016fm. M\u00e1m velk\u00e1 o\u010dek\u00e1v\u00e1n\u00ed od dal\u0161\u00edch z\u00e1pas\u016f, kter\u00e9 budou p\u0159ich\u00e1zet.<\/p>\n<p>Nahrad\u00ed dnes dvoug\u00f3lov\u00fd Alc\u00f3cer plnohodnotn\u011b kapit\u00e1na Harasl\u00edna, kter\u00fd p\u0159estoupil do Ar\u00e1bie?<\/p>\n<p class=\"b_bF\">Mysl\u00edm, \u017ee se mu to povedlo a\u00a0uk\u00e1zal kvalitu. Je tro\u0161ku jin\u00fd v\u00a0n\u011b\u010dem ne\u017e Luk\u00e1\u0161 Harasl\u00edn a\u00a0taky je trochu mlad\u0161\u00ed. Jeho rychlost je hrozbou pro soupe\u0159e. Um\u00ed hr\u00e1t zleva i\u00a0zprava, m\u016f\u017ee vyst\u0159elit nebo si i\u00a0p\u0159ipsat asistenci. Dnes to byl dobr\u00fd v\u00fdkon z\u00a0jeho strany.<\/p>\n<p><a data-dot=\"atm-link\" target=\"_self\" href=\"https:\/\/www.sport.cz\/clanek\/fotbal-ceska-1-liga-potvrzeno-haraslin-opousti-spartu-v-saudskoarabske-lize-muze-zazit-dabelskou-premieru-5513455\" class=\"b_V g_ia\" rel=\"nofollow noopener\"><img height=\"2730\" width=\"3641\" src=\"https:\/\/www.europesays.com\/cz\/wp-content\/uploads\/2026\/08\/1786824495_507_a8b1.jpeg\" loading=\"eager\" decoding=\"sync\" class=\"b_B b_z\"\/><\/a><\/p>\n","protected":false},"excerpt":{"rendered":"Jur\u00e1sek poc\u00edtil nevoli kotle p\u0159ed z\u00e1pasem i\u00a0v jeho pr\u016fb\u011bhu, kdy\u017e sed\u011bl na st\u0159\u00edda\u010dce. P\u00edskalo se a\u00a0vulg\u00e1rn\u011b skandovalo i\u00a0v&hellip;\n","protected":false},"author":2,"featured_media":180796,"comment_status":"","ping_status":"","sticky":false,"template":"","format":"standard","meta":{"footnotes":"","_share_on_mastodon":"0"},"categories":[15],"tags":[1198,2201,1177,42859,94,93],"class_list":["post-180795","post","type-post","status-publish","format-standard","has-post-thumbnail","category-sport","tag-ac-sparta-praha","tag-brian-priske","tag-chance-liga-fotbal","tag-matej-jurasek","tag-sport","tag-sports"],"share_on_mastodon":{"url":"https:\/\/pubeurope.com\/@cz\/117101337890358687","error":""},"_links":{"self":[{"href":"https:\/\/www.europesays.com\/cz\/wp-json\/wp\/v2\/posts\/180795","targetHints":{"allow":["GET"]}}],"collection":[{"href":"https:\/\/www.europesays.com\/cz\/wp-json\/wp\/v2\/posts"}],"about":[{"href":"https:\/\/www.europesays.com\/cz\/wp-json\/wp\/v2\/types\/post"}],"author":[{"embeddable":true,"href":"https:\/\/www.europesays.com\/cz\/wp-json\/wp\/v2\/users\/2"}],"replies":[{"embeddable":true,"href":"https:\/\/www.europesays.com\/cz\/wp-json\/wp\/v2\/comments?post=180795"}],"version-history":[{"count":0,"href":"https:\/\/www.europesays.com\/cz\/wp-json\/wp\/v2\/posts\/180795\/revisions"}],"wp:featuredmedia":[{"embeddable":true,"href":"https:\/\/www.europesays.com\/cz\/wp-json\/wp\/v2\/media\/180796"}],"wp:attachment":[{"href":"https:\/\/www.europesays.com\/cz\/wp-json\/wp\/v2\/media?parent=180795"}],"wp:term":[{"taxonomy":"category","embeddable":true,"href":"https:\/\/www.europesays.com\/cz\/wp-json\/wp\/v2\/categories?post=180795"},{"taxonomy":"post_tag","embeddable":true,"href":"https:\/\/www.europesays.com\/cz\/wp-json\/wp\/v2\/tags?post=180795"}],"curies":[{"name":"wp","href":"https:\/\/api.w.org\/{rel}","templated":true}]}}