{"id":181290,"date":"2026-08-16T10:56:10","date_gmt":"2026-08-16T10:56:10","guid":{"rendered":"https:\/\/www.europesays.com\/cz\/181290\/"},"modified":"2026-08-16T10:56:10","modified_gmt":"2026-08-16T10:56:10","slug":"spousta-lidi-me-odepsala-vorlicky-se-vratil-ve-velkem-stylu-nadchl-trenery-i-fanousky-idnes-cz","status":"publish","type":"post","link":"https:\/\/www.europesays.com\/cz\/181290\/","title":{"rendered":"Spousta lid\u00ed m\u011b odepsala. Vorlick\u00fd se vr\u00e1til ve velk\u00e9m stylu, nadchl tren\u00e9ry i fanou\u0161ky &#8211; iDNES.cz"},"content":{"rendered":"<p><a href=\"https:\/\/news.google.com\/rss\/articles\/CBMixgFBVV95cUxQZUZJQmdpeDZtWFhlNkFsZ0ZKdzkzdHBrU1NsUndpNzJUUkI3S3N5Vk9nQTl0a3V2N3BZOFFONUtFRTF6WVNPM2FJZmRPOHBjdkpwWG4wRzNLQ3V0N3JyMUt2MEk3cXdXTExkal8yaUp3OXUtM09UTlg3RG9nTllzOTVQdlZ3U3lEWElja09yY0ZtMHFjcVZPZ2hkMS1hWjNWcWMxSEtQMDNPcU1kUloyNTBvekFrNkkxUVNJaXcySmdncy1VVGc?oc=5\" target=\"_blank\" rel=\"nofollow noopener\">Spousta lid\u00ed m\u011b odepsala. Vorlick\u00fd se vr\u00e1til ve velk\u00e9m stylu, nadchl tren\u00e9ry i fanou\u0161ky<\/a>&nbsp;&nbsp;iDNES.cz<a href=\"https:\/\/news.google.com\/rss\/articles\/CBMi0gFBVV95cUxOUzVjUXA3V3d3Q0Q4dTFwZzdYOHNrYVRaMFFYMTdtQ0QzdkNqQmxET0tCODBqaU0wY3RXOFp2eVRKSzFTNEF6SWlGQUJWckpLVm93M1NyXzdMZHhiWm5GRGYzM0pXOHJtM2w5dUxNYjc2X3VPaWpjSTkxMDkwVUdnQ1I3czhCa2llT2M0Wl9uRnRSYk4wVnRNZzhfWGs0QW9udHNydzN3RGlxVmRLRnZwU2V6eUFoTWRaRFU0bUg2NThvZXJIdmZUS0Fqai0xdVZRb1E?oc=5\" target=\"_blank\" rel=\"nofollow noopener\">Z Vorlick\u00e9ho jsme m\u011bli obavy, p\u0159iznal kou\u010d Olomouce. Hra se podle n\u011bj bl\u00ed\u017e\u00ed ide\u00e1lu<\/a>&nbsp;&nbsp;sport.cz<a href=\"https:\/\/news.google.com\/rss\/articles\/CBMivAFBVV95cUxQU3BTMmFtbW8yNjk2T3JCLUVCTlJTbVhIRGRNWkYyaFRxXzJ1a0xIS3E2Q1FXNm1fd1htbVNhYTJYd3Zrcml5dWtOeEFXc0FKNF9qbEVrMXZHRlZIX1l6cWpoMEhiaTFWQlNnRU16YXY2ZVFyalY1bFN1d1VpSktuMFJrMkJkUk1Rd0ZZWjBtc0NXeGtSU3dqZUxKWEQ0X01DU0dEd0VRdDZCQ3JiOWFqcjBjQ05PbUFZaV9UdA?oc=5\" target=\"_blank\" rel=\"nofollow noopener\">Jel\u00ednek o Vorlick\u00e9m: Pot\u0159ebujeme \u010dlov\u011bka s takovou energi\u00ed. Co \u0159\u00edk\u00e1 na div\u00e1ky?<\/a>&nbsp;&nbsp;Slov\u00e1ck\u00fd den\u00edk<a href=\"https:\/\/news.google.com\/rss\/articles\/CBMikgFBVV95cUxORk4wZUo4YzNLRXFOSWpRbF9nMUt0cnA3Ymxqa0s4d0hSQ0RjalVEekRBcUg5UC1UY1hDNk1tQVc0VFBwaTVPNkZ6dnI1UFNJalNUcS0yckYwT05FaFNkYWhGN05HV2lmcExOcVBFZjUtN3RqZks4UHROVFVfdDZrTEMtSEZYRF9qZnhpZ05CZTRqUQ?oc=5\" target=\"_blank\" rel=\"nofollow noopener\">Hapal: V\u00fdhra se nerodila lehce. Podr\u017eel n\u00e1s Koutn\u00fd<\/a>&nbsp;&nbsp;SK Sigma Olomouc<a href=\"https:\/\/news.google.com\/rss\/articles\/CBMi0gFBVV95cUxPZlB4QUVTTDQxdG1RdS1PLTdYSzNlUDFhRDBBV21NY0hXdjdRRlZwbUpiQXhnNWxBUmpVdEhoV2ppTHUtdktaenU0MlN3eEhvNXVYSU95TFM1aU1rNVFQOG9NeFdXODVQcFAtazhkdDlnMldkU1JxMnBJMEhHQ0FOdi1ENmdXY2pHYjZrV1ptaHZuaXFBQ21fVDBLckFBNlRnSTFybzBTVnREVmNvcFlZR1FXWXg4ay1WM0YzVEd6TTVMb0RpV2d0dUFXcUhDLW1XTEE?oc=5\" target=\"_blank\" rel=\"nofollow noopener\">SEST\u0158IHY: Slov\u00e1cko &#8211; Olomouc 1:2. Pardubice doma remizovaly s Mladou Boleslav\u00ed<\/a>&nbsp;&nbsp;iSport.cz<\/p>\n","protected":false},"excerpt":{"rendered":"Spousta lid\u00ed m\u011b odepsala. Vorlick\u00fd se vr\u00e1til ve velk\u00e9m stylu, nadchl tren\u00e9ry i fanou\u0161ky&nbsp;&nbsp;iDNES.czZ Vorlick\u00e9ho jsme m\u011bli obavy,&hellip;\n","protected":false},"author":2,"featured_media":181291,"comment_status":"","ping_status":"","sticky":false,"template":"","format":"standard","meta":{"footnotes":"","_share_on_mastodon":"0"},"categories":[10],"tags":[17,21,12208,16,19331,2844,7763,18,19,22,4070,20],"class_list":["post-181290","post","type-post","status-publish","format-standard","has-post-thumbnail","category-zpravy","tag-headlines","tag-hlavni-udalosti","tag-lukas-vorlicky","tag-news","tag-pavel-hapal","tag-sigma-olomouc","tag-slovacko","tag-top-news","tag-top-stories","tag-udalosti-dne","tag-zlinsky-kraj","tag-zpravy"],"share_on_mastodon":{"url":"https:\/\/pubeurope.com\/@cz\/117104829049290601","error":""},"_links":{"self":[{"href":"https:\/\/www.europesays.com\/cz\/wp-json\/wp\/v2\/posts\/181290","targetHints":{"allow":["GET"]}}],"collection":[{"href":"https:\/\/www.europesays.com\/cz\/wp-json\/wp\/v2\/posts"}],"about":[{"href":"https:\/\/www.europesays.com\/cz\/wp-json\/wp\/v2\/types\/post"}],"author":[{"embeddable":true,"href":"https:\/\/www.europesays.com\/cz\/wp-json\/wp\/v2\/users\/2"}],"replies":[{"embeddable":true,"href":"https:\/\/www.europesays.com\/cz\/wp-json\/wp\/v2\/comments?post=181290"}],"version-history":[{"count":0,"href":"https:\/\/www.europesays.com\/cz\/wp-json\/wp\/v2\/posts\/181290\/revisions"}],"wp:featuredmedia":[{"embeddable":true,"href":"https:\/\/www.europesays.com\/cz\/wp-json\/wp\/v2\/media\/181291"}],"wp:attachment":[{"href":"https:\/\/www.europesays.com\/cz\/wp-json\/wp\/v2\/media?parent=181290"}],"wp:term":[{"taxonomy":"category","embeddable":true,"href":"https:\/\/www.europesays.com\/cz\/wp-json\/wp\/v2\/categories?post=181290"},{"taxonomy":"post_tag","embeddable":true,"href":"https:\/\/www.europesays.com\/cz\/wp-json\/wp\/v2\/tags?post=181290"}],"curies":[{"name":"wp","href":"https:\/\/api.w.org\/{rel}","templated":true}]}}