{"id":181518,"date":"2026-08-16T16:01:10","date_gmt":"2026-08-16T16:01:10","guid":{"rendered":"https:\/\/www.europesays.com\/cz\/181518\/"},"modified":"2026-08-16T16:01:10","modified_gmt":"2026-08-16T16:01:10","slug":"zlodeji-ukradli-na-sicilii-dila-slavneho-renesancniho-malire","status":"publish","type":"post","link":"https:\/\/www.europesays.com\/cz\/181518\/","title":{"rendered":"Zlod\u011bji ukradli na Sic\u00edlii d\u00edla slavn\u00e9ho renesan\u010dn\u00edho mal\u00ed\u0159e"},"content":{"rendered":"<p class=\"e_bX\">Zlod\u011bji o\u00a0sobotn\u00edm italsk\u00e9m sv\u00e1tku Ferragosto ukradli z\u00a0region\u00e1ln\u00edho muzea v\u00a0sicilsk\u00e9m m\u011bst\u011b Messina \u010dty\u0159i d\u00edla p\u0159ipisovan\u00e1 sicilsk\u00e9mu renesan\u010dn\u00edmu mal\u00ed\u0159i Antonellovi da Messina. Dnes o\u00a0tom <a data-dot=\"atm-link\" target=\"_blank\" rel=\"noopener nofollow\" href=\"https:\/\/tinyurl.com\/p34xn8at\" class=\"e_n\">informovala<\/a> italsk\u00e1 agentura LaPress.<\/p>\n<p class=\"e_bX\">Zlod\u011bji v\u00a0sobotu pozd\u011b ve\u010der obe\u0161li popla\u0161n\u00e9 a\u00a0bezpe\u010dnostn\u00ed syst\u00e9my v\u00a0region\u00e1ln\u00edm muzeu MuMe a\u00a0odnesli si t\u0159i z\u00a0p\u011bti dochovan\u00fdch panel\u016f z\u00a0hromadn\u00e9ho d\u00edla (polyptychu) San Gregorio z\u00a0roku 1473.\u00a0Z\u00a0panc\u00e9\u0159ov\u00e9 vitr\u00edny ukradli tak\u00e9 oboustrann\u00fd panel zobrazuj\u00edc\u00ed Pannu Marii a\u00a0mrtv\u00e9ho Krista v\u00a0maltsk\u00e9 obci Piet\u00e0.<\/p>\n<p class=\"e_bX\">\u201eJsme zdrceni t\u00edm, co se stalo. \u0160lo o\u00a0dv\u011b z\u00a0nejd\u016fle\u017eit\u011bj\u0161\u00edch a\u00a0nejzn\u00e1m\u011bj\u0161\u00edch d\u011bl Antonella da Messina. Je to obrovsk\u00e1 ztr\u00e1ta pro muzeum, m\u011bsto, komunitu i\u00a0sv\u011bt um\u011bn\u00ed,\u201c \u0159ekla agentu\u0159e ANSA \u0159editelka instituce Marisa Mercurioov\u00e1.<\/p>\n<p class=\"e_bX\">Muzeum bylo dnes uzav\u0159eno, aby vy\u0161et\u0159ovatel\u00e9 mohli sb\u00edrat d\u016fkazy. P\u0159edstavitel\u00e9 muzea ani policist\u00e9 zat\u00edm neposkytli \u017e\u00e1dn\u00fd koment\u00e1\u0159, uvedla agentura AP.<\/p>\n<p class=\"e_bX\">\u201eD\u00edla jsou na prvn\u00ed pohled rozpoznateln\u00e1, co\u017e znemo\u017e\u0148uje jak\u00e9koli pokusy o\u00a0jejich prodej prost\u0159ednictv\u00edm seri\u00f3zn\u00edch kan\u00e1l\u016f. Ukr\u00e1st Antonellovo d\u00edlo m\u016f\u017ee b\u00fdt mnohem snaz\u0161\u00ed ne\u017e ho prodat. Pokud jde o\u00a0oby\u010dejn\u00e9 zlod\u011bje, brzy na to p\u0159ijdou &#8211; a\u00a0to na vlastn\u00ed k\u016f\u017ei,\u201c \u0159ekla analyti\u010dka Lynda Albertsonov\u00e1, kter\u00e1 se specializuje na zkoum\u00e1n\u00ed trestn\u00e9 \u010dinnosti v\u00a0oblasti um\u011bn\u00ed. \u201eTakov\u00e1 slavn\u00e1 um\u011bleck\u00e1 d\u00edla \u010dasto putuj\u00ed od jednoho zlo\u010dince k\u00a0druh\u00e9mu a\u00a0slou\u017e\u00ed jako z\u00e1ruka pro dal\u0161\u00ed neleg\u00e1ln\u00ed \u010dinnosti,\u201c dodala.<\/p>\n<p class=\"e_bX\">Italsk\u00e1 vl\u00e1da v\u00a0b\u0159eznu zakoupila od newyorsk\u00e9 auk\u010dn\u00ed s\u00edn\u011b Sotheby&#8217;s n\u00e1bo\u017eensk\u00fd obraz s\u00a0n\u00e1zvem Ecce Homo od Antonella da Messina za 14,9\u00a0milionu dolar\u016f (311,8\u00a0milionu K\u010d), \u010d\u00edm\u017e zv\u00fd\u0161ila pov\u011bdom\u00ed o\u00a0tomto mal\u00ed\u0159i ran\u00e9 renesance \u017eij\u00edc\u00edm v\u00a015.\u00a0stolet\u00ed.<\/p>\n<p class=\"e_bX\">Sobotn\u00ed loupe\u017e se stala jen den po ozn\u00e1men\u00ed policie ze severoitalsk\u00e9 Parmy, \u017ee se j\u00ed poda\u0159ilo zajistit t\u0159i ukraden\u00e1 um\u011bleck\u00e1 d\u00edla od Paula C\u00e9zanna, Augusta Renoira a\u00a0Henriho Matisse p\u0159ibli\u017en\u011b za deset milion\u016f eur (p\u0159es 242\u00a0milion\u016f K\u010d). V\u00a0souvislosti s\u00a0loupe\u017e\u00ed, kter\u00e1 se stala 22.\u00a0a\u00a023.\u00a0b\u0159ezna v\u00a0nadaci Magnani Rocca v\u00a0provincii Parma, bylo zadr\u017eeno p\u011bt lid\u00ed.<\/p>\n","protected":false},"excerpt":{"rendered":"Zlod\u011bji o\u00a0sobotn\u00edm italsk\u00e9m sv\u00e1tku Ferragosto ukradli z\u00a0region\u00e1ln\u00edho muzea v\u00a0sicilsk\u00e9m m\u011bst\u011b Messina \u010dty\u0159i d\u00edla p\u0159ipisovan\u00e1 sicilsk\u00e9mu renesan\u010dn\u00edmu mal\u00ed\u0159i Antonellovi&hellip;\n","protected":false},"author":2,"featured_media":181519,"comment_status":"","ping_status":"","sticky":false,"template":"","format":"standard","meta":{"footnotes":"","_share_on_mastodon":"0"},"categories":[11],"tags":[8089,19730,43252,22746,54,1450,53,52],"class_list":["post-181518","post","type-post","status-publish","format-standard","has-post-thumbnail","category-svet","tag-loupeze","tag-renesance","tag-renesancni-malby","tag-sicilie","tag-svet","tag-vytvarne-umeni","tag-world","tag-world-news"],"share_on_mastodon":{"url":"https:\/\/pubeurope.com\/@cz\/117106028261387698","error":""},"_links":{"self":[{"href":"https:\/\/www.europesays.com\/cz\/wp-json\/wp\/v2\/posts\/181518","targetHints":{"allow":["GET"]}}],"collection":[{"href":"https:\/\/www.europesays.com\/cz\/wp-json\/wp\/v2\/posts"}],"about":[{"href":"https:\/\/www.europesays.com\/cz\/wp-json\/wp\/v2\/types\/post"}],"author":[{"embeddable":true,"href":"https:\/\/www.europesays.com\/cz\/wp-json\/wp\/v2\/users\/2"}],"replies":[{"embeddable":true,"href":"https:\/\/www.europesays.com\/cz\/wp-json\/wp\/v2\/comments?post=181518"}],"version-history":[{"count":0,"href":"https:\/\/www.europesays.com\/cz\/wp-json\/wp\/v2\/posts\/181518\/revisions"}],"wp:featuredmedia":[{"embeddable":true,"href":"https:\/\/www.europesays.com\/cz\/wp-json\/wp\/v2\/media\/181519"}],"wp:attachment":[{"href":"https:\/\/www.europesays.com\/cz\/wp-json\/wp\/v2\/media?parent=181518"}],"wp:term":[{"taxonomy":"category","embeddable":true,"href":"https:\/\/www.europesays.com\/cz\/wp-json\/wp\/v2\/categories?post=181518"},{"taxonomy":"post_tag","embeddable":true,"href":"https:\/\/www.europesays.com\/cz\/wp-json\/wp\/v2\/tags?post=181518"}],"curies":[{"name":"wp","href":"https:\/\/api.w.org\/{rel}","templated":true}]}}