{"id":181656,"date":"2026-08-16T18:37:11","date_gmt":"2026-08-16T18:37:11","guid":{"rendered":"https:\/\/www.europesays.com\/cz\/181656\/"},"modified":"2026-08-16T18:37:11","modified_gmt":"2026-08-16T18:37:11","slug":"stovky-migrantu-kteri-nedavno-pronikli-do-ceuty-na-plazi-volaji-po-azylu","status":"publish","type":"post","link":"https:\/\/www.europesays.com\/cz\/181656\/","title":{"rendered":"Stovky migrant\u016f, kte\u0159\u00ed ned\u00e1vno pronikli do Ceuty, na pl\u00e1\u017ei volaj\u00ed po azylu"},"content":{"rendered":"<p class=\"e_bX\">Stovky migrant\u016f, kte\u0159\u00ed ned\u00e1vno pronikli do \u0161pan\u011blsk\u00e9 exkl\u00e1vy Ceuta na severu Afriky, v\u00a0ned\u011bli na pl\u00e1\u017ei ve m\u011bst\u011b uspo\u0159\u00e1daly protest. Na \u0161pan\u011blsk\u00e9 \u00fa\u0159ady tito lid\u00e9 nal\u00e9hali, aby jim ud\u011blily azyl a\u00a0nepos\u00edlaly je zp\u011bt do Maroka. Informuje o\u00a0tom agentura Reuters.<\/p>\n<p class=\"e_bX\">Jde o\u00a0\u010d\u00e1st z\u00a0asi 5000\u00a0a\u017e 8000\u00a0lid\u00ed, kte\u0159\u00ed v\u00a0Ceut\u011b st\u00e1le z\u016fst\u00e1vaj\u00ed. Koncem \u010dervence se do Ceuty, kter\u00e1 m\u00e1 kolem 80\u00a0tis\u00edc obyvatel, dostalo z\u00a0marock\u00e9ho \u00fazem\u00ed v\u00edce ne\u017e 72\u00a0tis\u00edc migrant\u016f. V\u011bt\u0161ina z\u00a0nich se v\u00a0n\u00e1sleduj\u00edc\u00edch dnech dobrovoln\u011b vr\u00e1tila.<\/p>\n<p><a data-dot=\"mol-article-card-media\" aria-hidden=\"true\" tabindex=\"-1\" href=\"https:\/\/www.seznamzpravy.cz\/clanek\/audio-podcast-5-59-migracni-krize-v-ceute-spontanni-akce-kterou-vyuzila-marocka-vlada-312278\" class=\"e_n f_l8\" rel=\"nofollow noopener\" target=\"_blank\"><img fetchpriority=\"high\" height=\"1080\"   width=\"1920\" src=\"https:\/\/www.europesays.com\/cz\/wp-content\/uploads\/2026\/08\/1786905430_287_podcast-5-59.jpeg\" loading=\"eager\" decoding=\"sync\" class=\"e_aa e_Z\"\/><\/a><\/p>\n<p class=\"e_bX\">Zb\u00fdvaj\u00edc\u00ed migranti \u017eivo\u0159\u00ed v\u011bt\u0161inou v\u00a0b\u00eddn\u00fdch podm\u00ednk\u00e1ch na pl\u00e1\u017ei Del Trampol\u00edn na p\u0159edm\u011bst\u00ed Ceuty a\u00a0\u010dekaj\u00ed na p\u0159\u00edle\u017eitost dostat se do kontinent\u00e1ln\u00ed Evropy.<\/p>\n<p class=\"e_bX\">\u201eSp\u00edme hned u\u00a0mo\u0159e v\u00a0chladu a\u00a0z\u00e1pachu. Str\u00e1d\u00e1me,\u201c popsal jeden z\u00a0migrant\u016f, kter\u00fd p\u0159i\u0161el z\u00a0marock\u00e9ho Tetu\u00e1nu. Dodal, \u017ee policie jim br\u00e1n\u00ed chodit do centra.<\/p>\n<p class=\"e_bX\">\u00da\u010dastn\u00edci protestu si p\u0159inesli \u0161pan\u011blsk\u00e9 vlajky a\u00a0transparenty s\u00a0n\u00e1pisy jako \u201eNechceme zp\u00e1tky do Maroka\u201c nebo \u201eMy jsme tak\u00e9 lid\u00e9\u201c. K\u0159i\u010deli, \u017ee jsou unaven\u00ed a\u00a0\u017ee pot\u0159ebuj\u00ed \u0159e\u0161en\u00ed sv\u00e9 situace. Na kamenit\u00e9m pob\u0159e\u017e\u00ed za nimi si n\u011bkte\u0159\u00ed lid\u00e9 prali pr\u00e1dlo, jin\u00ed ryba\u0159ili na provizorn\u00edch bambusov\u00fdch udic\u00edch.<\/p>\n<p class=\"e_bX\">\u0160pan\u011blsk\u00fd ministr vnitra Fernando Grande-Marlaska u\u017e d\u0159\u00edve upozornil, \u017ee ti, kte\u0159\u00ed do Ceuty p\u0159i\u0161li ileg\u00e1ln\u011b, nedostanou povolen\u00ed ve m\u011bst\u011b z\u016fstat, vycestovat do pevninsk\u00e9ho \u0160pan\u011blska a\u00a0\u017ee a\u017e na n\u011bkter\u00e9 vz\u00e1cn\u00e9 v\u00fdjimky nez\u00edskaj\u00ed leg\u00e1ln\u00ed status.<\/p>\n<p class=\"e_bX\">Z\u00e1stupci zdravotn\u00edch \u00fa\u0159ad\u016f v\u00a0Ceut\u011b uv\u00e1d\u011bj\u00ed, \u017ee zdravotn\u00edci, jejich\u017e po\u010det je ve m\u011bst\u011b omezen\u00fd, jsou vy\u010derpan\u00ed. Kritizuj\u00ed tak\u00e9 podle nich pomalou reakci vl\u00e1dy v\u00a0Madridu. Uv\u00e1d\u011bj\u00ed, \u017ee mezi nov\u011b p\u0159\u00edchoz\u00edmi se \u0161\u00ed\u0159\u00ed pr\u016fjmov\u00e1 onemocn\u011bn\u00ed a\u00a0svrab a\u00a0\u017ee p\u0159ib\u00fdv\u00e1 tak\u00e9 \u00faraz\u016f zp\u016fsoben\u00fdch p\u0159i n\u00e1siln\u00fdch poty\u010dk\u00e1ch.<\/p>\n<p><a data-dot=\"mol-article-card-media\" aria-hidden=\"true\" tabindex=\"-1\" href=\"https:\/\/www.seznamzpravy.cz\/clanek\/zahranicni-v-ceute-zustava-5000-lidi-kteri-tam-prisli-na-konci-cervence-313105\" class=\"e_n f_l8\" rel=\"nofollow noopener\" target=\"_blank\"><img height=\"2304\"   width=\"4096\" src=\"https:\/\/www.europesays.com\/cz\/wp-content\/uploads\/2026\/08\/1786905431_980_ceuta.jpeg\" loading=\"eager\" decoding=\"sync\" class=\"e_aa e_Z\"\/><\/a><\/p>\n<p class=\"e_bX\">Ministryn\u011b zdravotnictv\u00ed M\u00f3nica Garc\u00edaov\u00e1 odm\u00edtla tvrzen\u00ed, \u017ee zdravotnick\u00e9 slu\u017eby v\u00a0Ceut\u011b zcela p\u0159estaly fungovat, ale uznala, \u017ee jsou pod tlakem.\u201eSpojovat migraci s\u00a0nemocemi je nespravedliv\u00e9 a\u00a0xenofobn\u00ed,\u201c \u0159ekla novin\u00e1\u0159\u016fm v\u00a0Ceut\u011b. <\/p>\n<p class=\"e_bX\">V\u011bt\u0161ina marock\u00fdch migrant\u016f agentu\u0159e Reuters \u0159ekla, \u017ee je k\u00a0odchodu z\u00a0domova p\u0159ivedly mizern\u00e9 pracovn\u00ed p\u0159\u00edle\u017eitosti, a\u010dkoliv mnoho z\u00a0nich m\u00e1 dobrou kvalifikaci. Mezi migranty jsou ale tak\u00e9 ob\u010dan\u00e9 Nig\u00e9rie \u010di Banglad\u00e9\u0161e.<\/p>\n","protected":false},"excerpt":{"rendered":"Stovky migrant\u016f, kte\u0159\u00ed ned\u00e1vno pronikli do \u0161pan\u011blsk\u00e9 exkl\u00e1vy Ceuta na severu Afriky, v\u00a0ned\u011bli na pl\u00e1\u017ei ve m\u011bst\u011b uspo\u0159\u00e1daly&hellip;\n","protected":false},"author":2,"featured_media":181657,"comment_status":"","ping_status":"","sticky":false,"template":"","format":"standard","meta":{"footnotes":"","_share_on_mastodon":"0"},"categories":[11],"tags":[40646,11739,5171,950,54,53,52],"class_list":["post-181656","post","type-post","status-publish","format-standard","has-post-thumbnail","category-svet","tag-ceuta","tag-maroko","tag-migranti","tag-spanelsko","tag-svet","tag-world","tag-world-news"],"share_on_mastodon":{"url":"https:\/\/pubeurope.com\/@cz\/117106642489824853","error":""},"_links":{"self":[{"href":"https:\/\/www.europesays.com\/cz\/wp-json\/wp\/v2\/posts\/181656","targetHints":{"allow":["GET"]}}],"collection":[{"href":"https:\/\/www.europesays.com\/cz\/wp-json\/wp\/v2\/posts"}],"about":[{"href":"https:\/\/www.europesays.com\/cz\/wp-json\/wp\/v2\/types\/post"}],"author":[{"embeddable":true,"href":"https:\/\/www.europesays.com\/cz\/wp-json\/wp\/v2\/users\/2"}],"replies":[{"embeddable":true,"href":"https:\/\/www.europesays.com\/cz\/wp-json\/wp\/v2\/comments?post=181656"}],"version-history":[{"count":0,"href":"https:\/\/www.europesays.com\/cz\/wp-json\/wp\/v2\/posts\/181656\/revisions"}],"wp:featuredmedia":[{"embeddable":true,"href":"https:\/\/www.europesays.com\/cz\/wp-json\/wp\/v2\/media\/181657"}],"wp:attachment":[{"href":"https:\/\/www.europesays.com\/cz\/wp-json\/wp\/v2\/media?parent=181656"}],"wp:term":[{"taxonomy":"category","embeddable":true,"href":"https:\/\/www.europesays.com\/cz\/wp-json\/wp\/v2\/categories?post=181656"},{"taxonomy":"post_tag","embeddable":true,"href":"https:\/\/www.europesays.com\/cz\/wp-json\/wp\/v2\/tags?post=181656"}],"curies":[{"name":"wp","href":"https:\/\/api.w.org\/{rel}","templated":true}]}}