{"id":181907,"date":"2026-08-17T05:22:12","date_gmt":"2026-08-17T05:22:12","guid":{"rendered":"https:\/\/www.europesays.com\/cz\/181907\/"},"modified":"2026-08-17T05:22:12","modified_gmt":"2026-08-17T05:22:12","slug":"rijnove-volby-mohou-vyvolat-v-opozicnich-stranach-zmeny","status":"publish","type":"post","link":"https:\/\/www.europesays.com\/cz\/181907\/","title":{"rendered":"\u0158\u00edjnov\u00e9 volby mohou vyvolat v\u00a0opozi\u010dn\u00edch stran\u00e1ch zm\u011bny"},"content":{"rendered":"<p class=\"c_bB\">V Praze nese za ODS \u201ek\u016f\u017ei na trh\u201c prvn\u00ed m\u00edstop\u0159edseda a\u00a0dlouholet\u00fd starosta Prahy 9\u00a0Tom\u00e1\u0161 Portl\u00edk. S\u00a0\u00fasp\u011bchem v\u00a0boji o\u00a0post prim\u00e1tora metropole spojuje i\u00a0svou budoucnost ve stran\u011b.<\/p>\n<p class=\"c_bB\">\u201ePokud bych prohr\u00e1l, zhodnotil bych to. Ur\u010dit\u011b bych nepou\u017e\u00edval slova jako nev\u00fdhra. Promluvil bych si s\u00a0p\u0159edsedou a\u00a0domluvili bychom se,\u201c \u0159ekl Novink\u00e1m Portl\u00edk. \u201eBu\u010f d\u00e1m funkci prvn\u00edho m\u00edstop\u0159edsedy ODS k\u00a0dispozici, nebo na postu vydr\u017e\u00edm a\u00a0nebudu funkci obhajovat na p\u0159\u00ed\u0161t\u00edm kongresu strany.\u201c<\/p>\n<p><a data-dot=\"atm-link\" target=\"_self\" href=\"https:\/\/www.novinky.cz\/clanek\/domaci-po-letech-nema-babis-na-kampan-cas-kupka-slape-na-kole-40591523\" class=\"c_N\" rel=\"nofollow noopener\"><img height=\"1152\" width=\"2048\" src=\"https:\/\/www.europesays.com\/cz\/wp-content\/uploads\/2026\/08\/1786944131_219_martin-kupka-ods-kampan.jpeg\" loading=\"lazy\" decoding=\"async\" class=\"c_t c_r c_l\"\/><\/a><\/p>\n<p class=\"c_bB\">A\u0165 volby dopadnou jakkoliv, nikdo v\u00a0ODS neo\u010dek\u00e1v\u00e1, \u017ee by m\u011bly ohrozit ve funkci samotn\u00e9ho p\u0159edsedu Martina Kupku. Ten se tak\u00e9 kampani v\u00a0ulic\u00edch v\u011bnuje cel\u00e9 l\u00e9to a\u00a0kandid\u00e1ty strany se sna\u017e\u00ed podpo\u0159it.<\/p>\n<p class=\"c_bB\">\u201eKomun\u00e1ln\u00ed volby i\u00a0sen\u00e1tn\u00ed volby jsou hlavn\u011b o\u00a0lidech v\u00a0regionech. Centr\u00e1la s\u00a0t\u00edm mnoho neud\u011bl\u00e1,\u201c komentoval situaci zdroj Novinek z\u00a0ODS. P\u0159ipou\u0161t\u00ed v\u0161ak, \u017ee pokud by ob\u010dan\u0161t\u00ed demokrat\u00e9 dostali \u201ev\u00fdprask\u201c, zvedla by se obecn\u00e1 nespokojenost a\u00a0frustrace, kter\u00e1 by se mohla pozd\u011bji p\u0159el\u00edt i\u00a0ve snahu vym\u011bnit veden\u00ed.<\/p>\n<p>Kdo je l\u00eddr opozice?<\/p>\n<p class=\"c_bB\">Sen\u00e1tn\u00ed a\u00a0komun\u00e1ln\u00ed volby mohou tak\u00e9 pomoci zodpov\u011bd\u011bt ot\u00e1zku, kdo je l\u00eddr opozice. V\u00a0sou\u010dasnosti o\u00a0toto m\u00edsto bojuje ODS a\u00a0hnut\u00ed STAN. V\u00a0posledn\u00edm \u0161et\u0159en\u00ed agentury Median Starostov\u00e9 p\u0159esko\u010dili s\u00a015\u00a0procenty ob\u010dansk\u00e9 demokraty, kte\u0159\u00ed maj\u00ed 12\u00a0procent.<\/p>\n<p class=\"c_bB\">Ve Sn\u011bmovn\u011b i\u00a0v Sen\u00e1tu maj\u00ed ob\u010dan\u0161t\u00ed demokrat\u00e9 p\u0159evahu. ODS m\u00e1 27\u00a0poslanc\u016f a\u00a0s TOP 09 30\u00a0sen\u00e1tor\u016f, Starostov\u00e9 22\u00a0poslanc\u016f a\u00a0v Sen\u00e1tu 18\u00a0k\u0159esel.<\/p>\n<p class=\"c_bB\">Volby te\u010f mohou s\u00a0pom\u011brem zam\u00edchat. ODS a\u00a0TOP 09\u00a0obhajuje 9\u00a0mand\u00e1t\u016f, Starostov\u00e9 11.\u00a0Jen\u017ee Starostov\u00e9 \u010dekaj\u00ed sp\u00ed\u0161 oslaben\u00ed. \u201eNep\u0159edpokl\u00e1d\u00e1me, \u017ee se n\u00e1m poda\u0159\u00ed v\u0161echny mand\u00e1ty v\u00a0Sen\u00e1tu obh\u00e1jit,\u201c p\u0159izn\u00e1v\u00e1 prvn\u00ed m\u00edstop\u0159edseda STAN Luk\u00e1\u0161 Vl\u010dek.<\/p>\n<p class=\"c_bB\">D\u016fle\u017eit\u011bj\u0161\u00ed ne\u017e Sen\u00e1t jsou v\u0161ak pro Starosty komun\u00e1ln\u00ed volby. Moment\u00e1ln\u011b maj\u00ed v\u00a0zastupitelstvech obc\u00ed necel\u00e9 dva tis\u00edce z\u00e1stupc\u016f. \u201eZ principu ka\u017ed\u00e9 volby maj\u00ed vliv na politickou stranu. Rol\u00ed veden\u00ed je poskytnout na\u0161im kandid\u00e1t\u016fm maxim\u00e1ln\u00ed podporu, aby usp\u011bli. Ale i\u00a0kdy\u017e jsou pro n\u00e1s tyto volby d\u016fle\u017eit\u00e9, nemysl\u00edm, \u017ee by m\u011bly m\u00edt razantn\u00ed dopad na vnit\u0159n\u00ed fungov\u00e1n\u00ed strany,\u201c dodal Vl\u010dek.<\/p>\n<p>Grolicha by prohra bolela<\/p>\n<p class=\"c_bB\">Lidovci by v\u00a0sen\u00e1tn\u00edch volb\u00e1ch mohli ztratit celkem t\u0159i k\u0159esla z\u00a012.\u00a0P\u0159esto jsou pro n\u011b sen\u00e1tn\u00ed volby nap\u00ednav\u011bj\u0161\u00ed ne\u017e pro ostatn\u00ed opozi\u010dn\u00ed strany. Kandiduje v\u00a0nich toti\u017e jejich nov\u00fd p\u0159edseda a\u00a0jihomoravsk\u00fd hejtman Jan Grolich, na Vy\u0161kovsku se utk\u00e1 se zdravotn\u00ed sestrou Petrou Absolonovou za hnut\u00ed ANO a\u00a0starostou Studnice Jaroslavem Fl\u00e1drou za P\u0159\u00edsahu.<\/p>\n<p class=\"c_bB\">Strana p\u0159itom nem\u00e1 jasnou strategii, co by d\u011blala, pokud by Grolich mand\u00e1t sen\u00e1tora nez\u00edskal. \u201e\u017d\u00e1dn\u00fd pl\u00e1n nem\u00e1m, nic takov\u00e9ho si nep\u0159ipou\u0161t\u00edm,\u201c \u0159ekl Novink\u00e1m. Stejn\u011b tak nep\u0159edpokl\u00e1d\u00e1, \u017ee by strana v\u00fdrazn\u011b ztratila v\u00a0komun\u00e1ln\u00edch volb\u00e1ch. \u201eI po volb\u00e1ch budeme siln\u00e1 strana,\u201c poznamenal. Do \u010dela strany nastoupil a\u017e na ja\u0159e a\u00a0na v\u00fdb\u011br kandid\u00e1t\u016f do Sen\u00e1tu a\u00a0veden\u00ed m\u011bst nem\u011bl vliv. I\u00a0proto se nedomn\u00edv\u00e1, \u017ee by se proti n\u011bmu kv\u016fli volb\u00e1m zvedla vlna odporu.<\/p>\n<p class=\"c_bB\">Pir\u00e1ti kandiduj\u00ed v\u00a0komun\u00e1ln\u00edch volb\u00e1ch s\u00a0heslem A\u0165 to tu \u017eije. D\u016fraz kladou zejm\u00e9na na Prahu, kde dosahuj\u00ed nejlep\u0161\u00edch v\u00fdsledk\u016f a\u00a0kde politicky vyrostl jejich p\u0159edseda Zden\u011bk H\u0159ib, kter\u00fd byl v\u00a0letech 2018\u00a0a\u017e 2023\u00a0prim\u00e1torem.<\/p>\n<p class=\"c_bB\">Do sen\u00e1tn\u00edch voleb pos\u00edlaj\u00ed Pir\u00e1ti t\u0159i kandid\u00e1ty, dal\u0161\u00edch 15\u00a0kandid\u00e1t\u016f jin\u00fdch stran podporuj\u00ed.<\/p>\n<p class=\"c_bB\">Destabilizace strany se Pir\u00e1ti kv\u016fli volb\u00e1m neboj\u00ed. \u201eO\u010dek\u00e1v\u00e1m pozitivn\u00ed dopad voleb,\u201c \u0159ekl Novink\u00e1m prvn\u00ed m\u00edstop\u0159edseda Martin \u0160m\u00edda.<\/p>\n<p>TOP 09\u00a0se ztr\u00e1c\u00ed<\/p>\n<p class=\"c_bB\">Ani v\u00a0TOP 09\u00a0nevl\u00e1dne znepokojen\u00ed. Strana pos\u00edl\u00e1 do sen\u00e1tn\u00edch voleb t\u0159i kandid\u00e1ty, v\u00a0komun\u00e1lu j\u00ed jde p\u0159edev\u0161\u00edm o\u00a0Prahu, kde spolupracuje s\u00a0ODS v\u00a0koalici Spolu. Dlouhodob\u011b se v\u0161ak v\u00a0politick\u00fdch kulo\u00e1rech hovo\u0159\u00ed o\u00a0tom, \u017ee se strana ztr\u00e1c\u00ed a\u00a0st\u00e1v\u00e1 margin\u00e1ln\u00ed. P\u0159\u00edpadn\u00fd ne\u00fasp\u011bch v\u00a0sen\u00e1tn\u00edch volb\u00e1ch by mohl proces urychlit.<\/p>\n<p class=\"c_bB\">Strana do Sen\u00e1tu postavila \u201ejen\u201c t\u0159i kandid\u00e1ty. P\u0159edseda Mat\u011bj Ond\u0159ej Havel v\u0161ak tvrd\u00ed, \u017ee pro \u00fasp\u011bch veden\u00ed strany ud\u011blalo, co \u0161lo. V\u00a0potaz bralo zejm\u00e9na to, aby si cel\u00e1 opozice v\u00a0horn\u00ed komo\u0159e zachovala v\u011bt\u0161inu.<\/p>\n<p class=\"c_bB\">By\u0165 jsou sen\u00e1tn\u00ed a\u00a0komun\u00e1ln\u00ed volby pokl\u00e1d\u00e1ny za volby druh\u00e9 kategorie, stran\u00e1m v\u00a0nich jde o\u00a0hodn\u011b. Krom\u011b vlivu hraj\u00ed i\u00a0o st\u00e1tn\u00ed p\u0159\u00edsp\u011bvky za mand\u00e1ty, kter\u00e9 \u010din\u00ed 900\u00a0tis\u00edc korun ro\u010dn\u011b za jednoho sen\u00e1tora a\u00a0250\u00a0tis\u00edc za mand\u00e1t pra\u017esk\u00e9ho zastupitele.<\/p>\n<p><a data-dot=\"atm-link\" target=\"_self\" href=\"https:\/\/www.novinky.cz\/clanek\/domaci-exkluzivni-pruzkum-nejvyraznejsim-opozicnim-politikem-je-prezident-pavel-druhy-je-paradoxne-premier-babis-40591509\" class=\"c_N\" rel=\"nofollow noopener\"><img height=\"720\" width=\"1280\" src=\"https:\/\/www.europesays.com\/cz\/wp-content\/uploads\/2026\/08\/1786944132_227_politik-graf.jpeg\" loading=\"lazy\" decoding=\"async\" class=\"c_t c_r c_l\"\/><\/a><\/p>\n","protected":false},"excerpt":{"rendered":"V Praze nese za ODS \u201ek\u016f\u017ei na trh\u201c prvn\u00ed m\u00edstop\u0159edseda a\u00a0dlouholet\u00fd starosta Prahy 9\u00a0Tom\u00e1\u0161 Portl\u00edk. S\u00a0\u00fasp\u011bchem v\u00a0boji o\u00a0post&hellip;\n","protected":false},"author":2,"featured_media":181908,"comment_status":"","ping_status":"","sticky":false,"template":"","format":"standard","meta":{"footnotes":"","_share_on_mastodon":"0"},"categories":[10],"tags":[1980,17,21,963,6053,16,2973,1193,960,13088,3259,1066,18,19,22,959,43283,20],"class_list":["post-181907","post","type-post","status-publish","format-standard","has-post-thumbnail","category-zpravy","tag-ceska-piratska-strana-pirati","tag-headlines","tag-hlavni-udalosti","tag-kdu-csl","tag-komunalni-volby","tag-news","tag-obcanska-demokraticka-strana-ods","tag-opozice","tag-senat","tag-senatni-volby","tag-starostove-a-nezavisli-stan","tag-top-09","tag-top-news","tag-top-stories","tag-udalosti-dne","tag-volby","tag-volby-v-cr","tag-zpravy"],"share_on_mastodon":{"url":"https:\/\/pubeurope.com\/@cz\/117109178474178922","error":""},"_links":{"self":[{"href":"https:\/\/www.europesays.com\/cz\/wp-json\/wp\/v2\/posts\/181907","targetHints":{"allow":["GET"]}}],"collection":[{"href":"https:\/\/www.europesays.com\/cz\/wp-json\/wp\/v2\/posts"}],"about":[{"href":"https:\/\/www.europesays.com\/cz\/wp-json\/wp\/v2\/types\/post"}],"author":[{"embeddable":true,"href":"https:\/\/www.europesays.com\/cz\/wp-json\/wp\/v2\/users\/2"}],"replies":[{"embeddable":true,"href":"https:\/\/www.europesays.com\/cz\/wp-json\/wp\/v2\/comments?post=181907"}],"version-history":[{"count":0,"href":"https:\/\/www.europesays.com\/cz\/wp-json\/wp\/v2\/posts\/181907\/revisions"}],"wp:featuredmedia":[{"embeddable":true,"href":"https:\/\/www.europesays.com\/cz\/wp-json\/wp\/v2\/media\/181908"}],"wp:attachment":[{"href":"https:\/\/www.europesays.com\/cz\/wp-json\/wp\/v2\/media?parent=181907"}],"wp:term":[{"taxonomy":"category","embeddable":true,"href":"https:\/\/www.europesays.com\/cz\/wp-json\/wp\/v2\/categories?post=181907"},{"taxonomy":"post_tag","embeddable":true,"href":"https:\/\/www.europesays.com\/cz\/wp-json\/wp\/v2\/tags?post=181907"}],"curies":[{"name":"wp","href":"https:\/\/api.w.org\/{rel}","templated":true}]}}