{"id":181913,"date":"2026-08-17T05:26:12","date_gmt":"2026-08-17T05:26:12","guid":{"rendered":"https:\/\/www.europesays.com\/cz\/181913\/"},"modified":"2026-08-17T05:26:12","modified_gmt":"2026-08-17T05:26:12","slug":"vyprostovaci-akce-bendove-zaznel-vykrik-a","status":"publish","type":"post","link":"https:\/\/www.europesays.com\/cz\/181913\/","title":{"rendered":"Vypro\u0161\u0165ovac\u00ed akce Bendov\u00e9: Zazn\u011bl v\u00fdk\u0159ik a&#8230;"},"content":{"rendered":"<p>Poklidnou siestu naru\u0161il d\u011bsiv\u00fd v\u00fdk\u0159ik. \u201eCo to je?\u201c zhrozila se Alice, zat\u00edmco sestra ani nehla brvou. Podobn\u00fd zvuk toti\u017e nesly\u0161ela poprv\u00e9. \u201eMamka zase spadla ve sklen\u00edku,\u201c utrousila Andrea s ledov\u00fdm klidem. \u201eTo je ka\u017edej den&#8230;\u201c povzdechla si. Po chv\u00edli se ale p\u0159eci jen zvedly od k\u00e1vy a vypravily se maminku zachr\u00e1nit. A \u017ee to teda byl boj!<\/p>\n<p style=\"text-align: center;\"><a class=\"celebrity celebwiki\" href=\"https:\/\/celebwiki.blesk.cz\/osobnost\/1139\/alice-bendova\/\" target=\"_blank\" rel=\"nofollow noopener\">Alice Bendov\u00e1<\/a>: Jsme bez st\u0159echy nad hlavou!<\/p>\n<p>    <a href=\"https:\/\/www.ahaonline.cz\/clanek\/zhave-drby\/236495\/zvrat-u-osudem-zkousene-bendove-takze-kluci-dekujeme.html\" rel=\"nofollow noopener\" target=\"_blank\"><\/p>\n<p>        <img decoding=\"async\" src=\"https:\/\/www.europesays.com\/cz\/wp-content\/uploads\/2026\/08\/1786944372_403_9919545.jpg\" alt=\"Zvrat u osudem zkou\u0161en\u00e9 Bendov\u00e9: Tak\u017ee, kluci, d\u011bkujeme\" title=\"Zvrat u osudem zkou\u0161en\u00e9 Bendov\u00e9: Tak\u017ee, kluci, d\u011bkujeme\" height=\"140\" width=\"220\" class=\"lazyload \" loading=\"lazy\" \/><\/p>\n<p>    <\/a><\/p>\n<p>A je po \u00farod\u011b!<\/p>\n<p> \u201eTak m\u011b zvedej a nesm\u011bj se jako blbec!\u201c k\u0159i\u010dela na sv\u00e9 dcery Zlata, v\u00e1lej\u00edc se v kedlubn\u00e1ch. \u201eV\u017edy\u0165 mi zlom\u00ed\u0161 ruku,\u201c v\u0159\u00edskala, zat\u00edmco ji Alice s Andreou tahaly stejn\u011b jako d\u011bde\u010dek s babi\u010dkou masivn\u00ed \u0159epu v poh\u00e1dce O velik\u00e9 \u0159ep\u011b a sna\u017eily se nepo\u010d\u016frat sm\u00edchy. Mise se nakonec nezda\u0159ila.<\/p>\n<p style=\"text-align: center;\">Alice Bendov\u00e1: Peklo s domem<\/p>\n<p>Sestry sm\u00edch a mat\u010dino klen\u00ed tak vy\u010derpalo, \u017ee si prost\u011b jen \u0159ekly: \u201eNech\u00e1me ji tady, se*em na to.\u201c A \u0161ly zp\u00e1tky na terasu. Tak snad tam pan\u00ed Zlata nele\u017e\u00ed dodnes&#8230; Video cel\u00e9ho z\u00e1sahu pak Alice um\u00edstila na soci\u00e1ln\u00ed s\u00edt\u011b. \u201eRozzu\u0159en\u00e1 slonice ve sklen\u00edku zni\u010dila v\u0161echnu \u00farodu,\u201c p\u0159ipsala. Tak\u017ee \u017e\u00e1dn\u00e9 kedlubny nebudou&#8230;<\/p>\n<p>    <a href=\"https:\/\/www.ahaonline.cz\/clanek\/zhave-drby\/236102\/bendova-v-peci-lekaru-i-smucler-bije-na-poplach.html\" rel=\"nofollow noopener\" target=\"_blank\"><\/p>\n<p>        <img decoding=\"async\" src=\"https:\/\/www.europesays.com\/cz\/wp-content\/uploads\/2026\/08\/1786944372_649_9763492.jpg\" alt=\"Bendov\u00e1 v p\u00e9\u010di l\u00e9ka\u0159\u016f: I \u0160mucler bije na poplach\" title=\"Bendov\u00e1 v p\u00e9\u010di l\u00e9ka\u0159\u016f: I \u0160mucler bije na poplach\" height=\"140\" width=\"220\" class=\"lazyload \" loading=\"lazy\" \/><\/p>\n<p>    <\/a><\/p>\n","protected":false},"excerpt":{"rendered":"Poklidnou siestu naru\u0161il d\u011bsiv\u00fd v\u00fdk\u0159ik. \u201eCo to je?\u201c zhrozila se Alice, zat\u00edmco sestra ani nehla brvou. Podobn\u00fd zvuk&hellip;\n","protected":false},"author":2,"featured_media":181914,"comment_status":"","ping_status":"","sticky":false,"template":"","format":"standard","meta":{"footnotes":"","_share_on_mastodon":"0"},"categories":[14],"tags":[3994,79,7666,651,31285,80,2264,163],"class_list":["post-181913","post","type-post","status-publish","format-standard","has-post-thumbnail","category-zabava","tag-alice-bendova","tag-entertainment","tag-maminka","tag-rodina","tag-sklenik","tag-zabava","tag-zachrana","tag-zhave-drby"],"share_on_mastodon":{"url":"https:\/\/pubeurope.com\/@cz\/117109193705428554","error":""},"_links":{"self":[{"href":"https:\/\/www.europesays.com\/cz\/wp-json\/wp\/v2\/posts\/181913","targetHints":{"allow":["GET"]}}],"collection":[{"href":"https:\/\/www.europesays.com\/cz\/wp-json\/wp\/v2\/posts"}],"about":[{"href":"https:\/\/www.europesays.com\/cz\/wp-json\/wp\/v2\/types\/post"}],"author":[{"embeddable":true,"href":"https:\/\/www.europesays.com\/cz\/wp-json\/wp\/v2\/users\/2"}],"replies":[{"embeddable":true,"href":"https:\/\/www.europesays.com\/cz\/wp-json\/wp\/v2\/comments?post=181913"}],"version-history":[{"count":0,"href":"https:\/\/www.europesays.com\/cz\/wp-json\/wp\/v2\/posts\/181913\/revisions"}],"wp:featuredmedia":[{"embeddable":true,"href":"https:\/\/www.europesays.com\/cz\/wp-json\/wp\/v2\/media\/181914"}],"wp:attachment":[{"href":"https:\/\/www.europesays.com\/cz\/wp-json\/wp\/v2\/media?parent=181913"}],"wp:term":[{"taxonomy":"category","embeddable":true,"href":"https:\/\/www.europesays.com\/cz\/wp-json\/wp\/v2\/categories?post=181913"},{"taxonomy":"post_tag","embeddable":true,"href":"https:\/\/www.europesays.com\/cz\/wp-json\/wp\/v2\/tags?post=181913"}],"curies":[{"name":"wp","href":"https:\/\/api.w.org\/{rel}","templated":true}]}}