{"id":182253,"date":"2026-08-17T11:03:08","date_gmt":"2026-08-17T11:03:08","guid":{"rendered":"https:\/\/www.europesays.com\/cz\/182253\/"},"modified":"2026-08-17T11:03:08","modified_gmt":"2026-08-17T11:03:08","slug":"v-ceute-doslo-po-vpadu-migrantu-k-nejmene-peti-sexualnim-utokum","status":"publish","type":"post","link":"https:\/\/www.europesays.com\/cz\/182253\/","title":{"rendered":"V Ceut\u011b do\u0161lo po vp\u00e1du migrant\u016f k\u00a0nejm\u00e9n\u011b p\u011bti sexu\u00e1ln\u00edm \u00fatok\u016fm"},"content":{"rendered":"<p class=\"c_bB\">\u00dadaj o\u00a0patn\u00e1cti hl\u00e1\u0161en\u00fdch zn\u00e1siln\u011bn\u00edch v\u00a0ned\u011bli zve\u0159ejnila mluv\u010d\u00ed SUP Ana Mar\u00eda Alarc\u00f3n, uv\u00e1d\u00ed rozhlasov\u00e1 stanice <a data-dot=\"atm-link\" target=\"_blank\" rel=\"noopener nofollow\" href=\"https:\/\/www.ondacero.es\/noticias\/sociedad\/policia-denuncia-15-violaciones-crisis-migratoria-mientras-sanidad-cifra-cinco-menores-atendidas_202608166a81b16e71b42a0b5df277fa.html\" class=\"c_N\">Onda Cero<\/a>. O\u00a0jednotliv\u00fdch p\u0159\u00edpadech bli\u017e\u0161\u00ed informace p\u0159ev\u00e1\u017en\u011b neuvedla. V\u00fdjimkou byl posledn\u00ed hl\u00e1\u0161en\u00fd p\u0159\u00edpad, kter\u00fd se odehr\u00e1l v\u00a0p\u00e1tek, kdy se t\u0159i migranti, podle v\u0161eho brat\u0159i, pokusili sexu\u00e1ln\u011b zneu\u017e\u00edt desetiletou d\u00edvku.<\/p>\n<p class=\"c_bB\">V ned\u011bli odpoledne ale do Ceuty dorazila \u0161pan\u011blsk\u00e1 ministryn\u011b zdravotnictv\u00ed M\u00f3nica Garc\u00edov\u00e1, kter\u00e1 tvrzen\u00ed policejn\u00edch odbor\u016f zpochybnila. \u201ePr\u00e1v\u011b jsme m\u011bli sch\u016fzi s\u00a0veden\u00edm m\u011bsta a\u00a0m\u00edstn\u00ed ministr zdravotnictv\u00ed nahl\u00e1sil, \u017ee kv\u016fli sexu\u00e1ln\u00edmu napaden\u00ed podstoupilo o\u0161et\u0159en\u00ed p\u011bt d\u00edvek,\u201c uvedla Garc\u00edov\u00e1.<\/p>\n<p class=\"c_bB\">\u0160pan\u011blsk\u00e1 ministryn\u011b z\u00e1rove\u0148 b\u011bhem sv\u00e9 n\u00e1v\u0161t\u011bvy uvedla, \u017ee Ceuta ne\u010del\u00ed bezpe\u010dnostn\u00ed krizi, ale migra\u010dn\u00ed a\u00a0humanit\u00e1rn\u00ed krizi. Pro migranty je v\u0161ak podle n\u00ed dostupn\u00fd dostatek l\u016f\u017eek a\u00a0m\u00edstn\u00ed \u00fa\u0159ady dosud ne\u017e\u00e1daly ani o\u00a0jak\u00e9koliv zdravotnick\u00e9 posily.<\/p>\n<p class=\"c_bB\">V Ceut\u011b je nad\u00e1le nasazeno p\u0159ibli\u017en\u011b 1500\u00a0\u010dlen\u016f civiln\u00ed gardy a\u00a0n\u00e1rodn\u00ed policie a\u00a0tak\u00e9 vojensk\u00fd person\u00e1l. Z\u00a0migrant\u016f, kte\u0159\u00ed ve \u0161pan\u011blsk\u00e9m teritoriu z\u016fst\u00e1vaj\u00ed, u\u017e kolem 1800\u00a0nezletil\u00fdch dostalo od policie identifika\u010dn\u00ed n\u00e1ramky. Po identifikaci jich ale policist\u00e9 mnoho pustili zp\u011bt na ulici, proto\u017ee nebylo mo\u017en\u00e9 je p\u0159ev\u00e9zt do deten\u010dn\u00edho centra ani je vr\u00e1tit do Maroka.<\/p>\n<p class=\"c_bB\">Policist\u00e9 tak\u00e9 mezi migranty na\u0161li mu\u017ee, jen\u017e se v\u00a0minulosti dopustil n\u011bkolika trestn\u00fdch \u010din\u016f, v\u010detn\u011b terorismu, a\u00a0na kter\u00e9ho byl vyd\u00e1n zatyka\u010d Interpolu. Ten byl zadr\u017een a\u00a0z\u016fst\u00e1v\u00e1 ve vazb\u011b, dokud neskon\u010d\u00ed extradi\u010dn\u00ed jedn\u00e1n\u00ed.<\/p>\n<p><a data-dot=\"atm-link\" target=\"_self\" href=\"https:\/\/www.novinky.cz\/clanek\/zahranicni-evropa-nechceme-se-vracet-v-ceute-protestovaly-stovky-migrantu-40593007\" class=\"c_N\" rel=\"nofollow noopener\"><img fetchpriority=\"high\" height=\"2304\" width=\"4096\" src=\"https:\/\/www.europesays.com\/cz\/wp-content\/uploads\/2026\/08\/1786964588_318_ceuta.jpeg\" loading=\"eager\" decoding=\"sync\" class=\"c_t c_r\"\/><\/a><\/p>\n","protected":false},"excerpt":{"rendered":"\u00dadaj o\u00a0patn\u00e1cti hl\u00e1\u0161en\u00fdch zn\u00e1siln\u011bn\u00edch v\u00a0ned\u011bli zve\u0159ejnila mluv\u010d\u00ed SUP Ana Mar\u00eda Alarc\u00f3n, uv\u00e1d\u00ed rozhlasov\u00e1 stanice Onda Cero. O\u00a0jednotliv\u00fdch p\u0159\u00edpadech&hellip;\n","protected":false},"author":2,"featured_media":182254,"comment_status":"","ping_status":"","sticky":false,"template":"","format":"standard","meta":{"footnotes":"","_share_on_mastodon":"0"},"categories":[11],"tags":[40646,11739,5171,325,950,54,53,52,2152],"class_list":["post-182253","post","type-post","status-publish","format-standard","has-post-thumbnail","category-svet","tag-ceuta","tag-maroko","tag-migranti","tag-policie","tag-spanelsko","tag-svet","tag-world","tag-world-news","tag-znasilneni"],"share_on_mastodon":{"url":"https:\/\/pubeurope.com\/@cz\/117110518956089601","error":""},"_links":{"self":[{"href":"https:\/\/www.europesays.com\/cz\/wp-json\/wp\/v2\/posts\/182253","targetHints":{"allow":["GET"]}}],"collection":[{"href":"https:\/\/www.europesays.com\/cz\/wp-json\/wp\/v2\/posts"}],"about":[{"href":"https:\/\/www.europesays.com\/cz\/wp-json\/wp\/v2\/types\/post"}],"author":[{"embeddable":true,"href":"https:\/\/www.europesays.com\/cz\/wp-json\/wp\/v2\/users\/2"}],"replies":[{"embeddable":true,"href":"https:\/\/www.europesays.com\/cz\/wp-json\/wp\/v2\/comments?post=182253"}],"version-history":[{"count":0,"href":"https:\/\/www.europesays.com\/cz\/wp-json\/wp\/v2\/posts\/182253\/revisions"}],"wp:featuredmedia":[{"embeddable":true,"href":"https:\/\/www.europesays.com\/cz\/wp-json\/wp\/v2\/media\/182254"}],"wp:attachment":[{"href":"https:\/\/www.europesays.com\/cz\/wp-json\/wp\/v2\/media?parent=182253"}],"wp:term":[{"taxonomy":"category","embeddable":true,"href":"https:\/\/www.europesays.com\/cz\/wp-json\/wp\/v2\/categories?post=182253"},{"taxonomy":"post_tag","embeddable":true,"href":"https:\/\/www.europesays.com\/cz\/wp-json\/wp\/v2\/tags?post=182253"}],"curies":[{"name":"wp","href":"https:\/\/api.w.org\/{rel}","templated":true}]}}