{"id":182479,"date":"2026-08-17T14:04:11","date_gmt":"2026-08-17T14:04:11","guid":{"rendered":"https:\/\/www.europesays.com\/cz\/182479\/"},"modified":"2026-08-17T14:04:11","modified_gmt":"2026-08-17T14:04:11","slug":"meteorologove-rakousko-ma-za-sebou-nejsussich-12-mesicu-od-roku-1850-idnes-cz","status":"publish","type":"post","link":"https:\/\/www.europesays.com\/cz\/182479\/","title":{"rendered":"Meteorologov\u00e9: Rakousko m\u00e1 za sebou nejsu\u0161\u0161\u00edch 12 m\u011bs\u00edc\u016f od roku 1850 &#8211; iDNES.cz"},"content":{"rendered":"<p><a href=\"https:\/\/news.google.com\/rss\/articles\/CBMi0wFBVV95cUxOaXlDS2dad2lIMzZYNlRqdEhCczFybHRvVVU1UHRXX1NvVFRpRnA2WWs0d04zZjBBTnJHOG90Mm9TdkJ6Mk1HTzRIbjI0QUpBZmw1aGhSU09aZUxKYldYZWhldnB4amhXOElvQzRodzdIMzNSQzZXazdIQ2JhRWdzQ1NhaTZpR2dUQkgzMG9mNU5BN19waWJxb0czT0VRNzdMTVVIQkNFbXlvQjh5MEhsN3BtQVhFeTQ1bzZPYWdmU3M3el9RWFl2VFVDVWdudVI3OEhN?oc=5\" target=\"_blank\" rel=\"nofollow noopener\">Meteorologov\u00e9: Rakousko m\u00e1 za sebou nejsu\u0161\u0161\u00edch 12 m\u011bs\u00edc\u016f od roku 1850<\/a>&nbsp;&nbsp;iDNES.cz<a href=\"https:\/\/news.google.com\/rss\/articles\/CBMimwFBVV95cUxQNDNyQWVuUnVlUTlLb0xVdmpOejZqaUhVamw3QjZLMU10MHVlaklQaGpLTURMSUR1dzBoSjZmb1ZHS3BvLXotck1MTklHSWJvWVlNTUhEREFhcENVblVNRzI3NXVGbVVBUkZ1NXFzb1djdGZDYThOaHhHeVZXeDMzRzcwM3BDdGQ0bDFTNndZcXVLazktUTdLM05Icw?oc=5\" target=\"_blank\" rel=\"nofollow noopener\">Rakousko za\u017eilo nejsu\u0161\u0161\u00edch 12 m\u011bs\u00edc\u016f od roku 1850<\/a>&nbsp;&nbsp;Novinky<a href=\"https:\/\/news.google.com\/rss\/articles\/CBMi9AFBVV95cUxOQ0xFelJQb1Z3YXY1TzRqTWotbE9MSW9MSVBjNmhxSkx0UlV0UXFraGxUOS1TODZTRGZLYlFnbWptX2FzUmpOVnd6Vi1HSUx0NEt5WnBmSklWNHJsY3BWWVlmU1VvaGcyckdlN3N4WlBWNFd0c1dXRTNmaVdxbS10QnFxVlg1cE5UT04xcDU5NDJEZFgzY2lGOXVPUGlNdnkwbFZWTnRWNlhTeE54OUE0WmZvSTBIc1FEcTU5MGIzbExmLTJkU0FGVTlYM2dqbXZ5dGY4Mzk2OVNCT1lXUTFTOFZ5bHZ2X05ZRFdhdDVjd1BvdUY1?oc=5\" target=\"_blank\" rel=\"nofollow noopener\">Rakousko su\u017euje nejhor\u0161\u00ed sucho od roku 1850. Chaty na alpsk\u00fdch pastvin\u00e1ch odm\u00edtaj\u00ed turisty<\/a>&nbsp;&nbsp;Aktu\u00e1ln\u011b.cz<a href=\"https:\/\/news.google.com\/rss\/articles\/CBMioAFBVV95cUxNNC1GMmI3SzVWeTJDajQzRnEyb3NTb2xaV25TMHVYMEpMLUZsZGJLd2pINy1fNmcybzROeXVuWUhreXNFQWF5eGtGaGxXQjI0TDFEVDJRMkhuams0RExWeHlWd2tkR2o3Q3JFUTRRRk9HdkdxUFBhbWFERWw2Z19zQ2tCQXhrY0J6eERhWnVFR3NUTTIxLTNuclM1UG9ETnlq?oc=5\" target=\"_blank\" rel=\"nofollow noopener\">Rakousko \u010del\u00ed nejhor\u0161\u00edmu suchu od roku 1850. V n\u011bkter\u00fdch m\u00edstech t\u00fddny nepr\u0161elo<\/a>&nbsp;&nbsp;T\u00fdden.cz<a href=\"https:\/\/news.google.com\/rss\/articles\/CBMitAFBVV95cUxQZmJ1dzdBSFFjcVdnVkJZSE9GR3Mta3RqcWtsWW9ZdUFONVc2X1dzVFJoQ29qS0p5cWozMUtKcC1QQ0hfTl9KZnJNNDBGYThYU0dFdGE2c2hEeGpHc0h1SXZTajZ3T1ZyZFdMeVNMaGNOanJhSnBxV1VudW5wWDZHTHZJc0s3VXk5UGZJMnJKU2N3WXMxMVRMd1pZVWwxLTgwZkhJNnRRd3RlOGZrY1lsZDV4My3SAboBQVVfeXFMTW1SN3I5cG5qWUtuQkpuZmpkZ3o3SVpXcjZBSlNyMEk5SUp4VFJ2ajdMYVY0cG5RRG5TdEt1Y3psN3AtTjN6NnlrQ1ZfWVIwbjBuWnhnYklUY05hNXVVemtFdERjUG5HbzkwVGwzTWNKZmNIVVRpR081OXFXbDhNQ0hoQ1ppem83eW5obzVyLVAxU2t4aExEa003QzNEeEg1dG5iaDBnZDlTaTN6dDJRUlM4S2dJcFlLel9B?oc=5\" target=\"_blank\" rel=\"nofollow noopener\">Rakousko m\u00e1 za sebou nejsu\u0161\u0161\u00edch 12 m\u011bs\u00edc\u016f od roku 1850<\/a>&nbsp;&nbsp;www.prahanadlani.cz<\/p>\n","protected":false},"excerpt":{"rendered":"Meteorologov\u00e9: Rakousko m\u00e1 za sebou nejsu\u0161\u0161\u00edch 12 m\u011bs\u00edc\u016f od roku 1850&nbsp;&nbsp;iDNES.czRakousko za\u017eilo nejsu\u0161\u0161\u00edch 12 m\u011bs\u00edc\u016f od roku 1850&nbsp;&nbsp;NovinkyRakousko&hellip;\n","protected":false},"author":2,"featured_media":182480,"comment_status":"","ping_status":"","sticky":false,"template":"","format":"standard","meta":{"footnotes":"","_share_on_mastodon":"0"},"categories":[11],"tags":[24025,256,54,26164,53,52],"class_list":["post-182479","post","type-post","status-publish","format-standard","has-post-thumbnail","category-svet","tag-burgenland","tag-rakousko","tag-svet","tag-toaleta","tag-world","tag-world-news"],"share_on_mastodon":{"url":"https:\/\/pubeurope.com\/@cz\/117111230499624438","error":""},"_links":{"self":[{"href":"https:\/\/www.europesays.com\/cz\/wp-json\/wp\/v2\/posts\/182479","targetHints":{"allow":["GET"]}}],"collection":[{"href":"https:\/\/www.europesays.com\/cz\/wp-json\/wp\/v2\/posts"}],"about":[{"href":"https:\/\/www.europesays.com\/cz\/wp-json\/wp\/v2\/types\/post"}],"author":[{"embeddable":true,"href":"https:\/\/www.europesays.com\/cz\/wp-json\/wp\/v2\/users\/2"}],"replies":[{"embeddable":true,"href":"https:\/\/www.europesays.com\/cz\/wp-json\/wp\/v2\/comments?post=182479"}],"version-history":[{"count":0,"href":"https:\/\/www.europesays.com\/cz\/wp-json\/wp\/v2\/posts\/182479\/revisions"}],"wp:featuredmedia":[{"embeddable":true,"href":"https:\/\/www.europesays.com\/cz\/wp-json\/wp\/v2\/media\/182480"}],"wp:attachment":[{"href":"https:\/\/www.europesays.com\/cz\/wp-json\/wp\/v2\/media?parent=182479"}],"wp:term":[{"taxonomy":"category","embeddable":true,"href":"https:\/\/www.europesays.com\/cz\/wp-json\/wp\/v2\/categories?post=182479"},{"taxonomy":"post_tag","embeddable":true,"href":"https:\/\/www.europesays.com\/cz\/wp-json\/wp\/v2\/tags?post=182479"}],"curies":[{"name":"wp","href":"https:\/\/api.w.org\/{rel}","templated":true}]}}