{"id":182481,"date":"2026-08-17T14:05:09","date_gmt":"2026-08-17T14:05:09","guid":{"rendered":"https:\/\/www.europesays.com\/cz\/182481\/"},"modified":"2026-08-17T14:05:09","modified_gmt":"2026-08-17T14:05:09","slug":"ridicka-u-prerova-autem-prerazila-zavoru-aby-unikla-stretu-s-vlakem","status":"publish","type":"post","link":"https:\/\/www.europesays.com\/cz\/182481\/","title":{"rendered":"\u0158idi\u010dka u\u00a0P\u0159erova autem p\u0159erazila z\u00e1voru, aby unikla st\u0159etu s\u00a0vlakem"},"content":{"rendered":"<p class=\"c_bB\">Ud\u00e1lost se stala kolem 10:30\u00a0na \u017eelezni\u010dn\u00edm p\u0159ejezdu P8179\u00a0mezi P\u0159erovem a\u00a0Hul\u00ednem pobl\u00ed\u017e \u017eelezni\u010dn\u00ed zast\u00e1vky Horn\u00ed Mo\u0161t\u011bnice.<\/p>\n<p class=\"c_bB\">\u201ePodle prvotn\u00edho \u0161et\u0159en\u00ed \u0159idi\u010dka vozidla Volkswagen pravd\u011bpodobn\u011b osln\u011bn\u00e1 sluncem p\u0159ehl\u00e9dla sv\u011btelnou a\u00a0zvukovou signalizaci i\u00a0padaj\u00edc\u00ed z\u00e1vory. Vjela na \u017eelezni\u010dn\u00ed p\u0159ejezd, kde se mezit\u00edm z\u00e1vory zcela sklopily. \u017dena pak pohotov\u011b zareagovala a\u00a0p\u0159ed p\u0159ij\u00ed\u017ed\u011bj\u00edc\u00edm vlakem vyrazila s\u00a0vozidlem vp\u0159ed, prorazila z\u00e1voru a\u00a0p\u0159ejezd opustila,\u201c informoval policejn\u00ed mluv\u010d\u00ed Libor Hejtman.<\/p>\n<p class=\"c_bB\">Ke sr\u00e1\u017ece mezi vlakem a\u00a0vozidlem nedo\u0161lo. \u201e\u0158idi\u010dka nebyla pod vlivem alkoholu, byla jen lehce v\u00a0\u0161oku,\u201c doplnil policejn\u00ed mluv\u010d\u00ed.<\/p>\n<p class=\"c_bB\">Ve vlaku cestovalo t\u00e9m\u011b\u0159 400\u00a0lid\u00ed. P\u0159i nehod\u011b nebyl nikdo zran\u011bn. Policist\u00e9 odhadli \u0161kodu na 100\u00a0tis\u00edc korun. Provoz na trati byl do\u010dasn\u011b veden po jedn\u00e9 koleji.<\/p>\n<p class=\"c_bB\">Policist\u00e9 \u017eenu podez\u00edraj\u00ed ze sp\u00e1ch\u00e1n\u00ed trestn\u00fdch \u010din\u016f obecn\u00e9ho ohro\u017een\u00ed z\u00a0nedbalosti a\u00a0po\u0161kozen\u00ed a\u00a0ohro\u017een\u00ed provozu obecn\u011b prosp\u011b\u0161n\u00e9ho za\u0159\u00edzen\u00ed z\u00a0nedbalosti. Za to j\u00ed hroz\u00ed a\u017e dva roky v\u011bzen\u00ed.<\/p>\n<p><img fetchpriority=\"high\" height=\"1728\"   width=\"2592\" src=\"https:\/\/www.europesays.com\/cz\/wp-content\/uploads\/2026\/08\/policie-nehody-zeleznicni-koridor-prerov.jpeg\" loading=\"eager\" decoding=\"sync\" class=\"c_t c_r\"\/>Foto: Policie \u010cR<\/p>\n<p class=\"c_bB\">Vozidlo, kter\u00fdm \u0159idi\u010dka p\u0159erazila z\u00e1voru<\/p>\n<p><a data-dot=\"atm-link\" target=\"_self\" href=\"https:\/\/www.novinky.cz\/clanek\/krimi-ridicka-uvizla-mezi-zavorami-a-rychlik-ji-minul-o-centimetry-pujde-za-to-do-vezeni-40590274\" class=\"c_N\" rel=\"nofollow noopener\"><img height=\"1268\" width=\"2255\" src=\"https:\/\/www.europesays.com\/cz\/wp-content\/uploads\/2026\/08\/vlak-prejezd-auto.jpeg\" loading=\"eager\" decoding=\"sync\" class=\"c_t c_r\"\/><\/a><\/p>\n","protected":false},"excerpt":{"rendered":"Ud\u00e1lost se stala kolem 10:30\u00a0na \u017eelezni\u010dn\u00edm p\u0159ejezdu P8179\u00a0mezi P\u0159erovem a\u00a0Hul\u00ednem pobl\u00ed\u017e \u017eelezni\u010dn\u00ed zast\u00e1vky Horn\u00ed Mo\u0161t\u011bnice. \u201ePodle prvotn\u00edho \u0161et\u0159en\u00ed&hellip;\n","protected":false},"author":2,"featured_media":182482,"comment_status":"","ping_status":"","sticky":false,"template":"","format":"standard","meta":{"footnotes":"","_share_on_mastodon":"0"},"categories":[7],"tags":[43,42,41,40,4996,3145,325,3534,23406],"class_list":["post-182481","post","type-post","status-publish","format-standard","has-post-thumbnail","category-cesko","tag-ceska-republika","tag-cesko","tag-czech-republic","tag-czechia","tag-koridor","tag-nehody","tag-policie","tag-prerov","tag-zeleznicni-prejezd"],"share_on_mastodon":{"url":"https:\/\/pubeurope.com\/@cz\/117111235003974797","error":""},"_links":{"self":[{"href":"https:\/\/www.europesays.com\/cz\/wp-json\/wp\/v2\/posts\/182481","targetHints":{"allow":["GET"]}}],"collection":[{"href":"https:\/\/www.europesays.com\/cz\/wp-json\/wp\/v2\/posts"}],"about":[{"href":"https:\/\/www.europesays.com\/cz\/wp-json\/wp\/v2\/types\/post"}],"author":[{"embeddable":true,"href":"https:\/\/www.europesays.com\/cz\/wp-json\/wp\/v2\/users\/2"}],"replies":[{"embeddable":true,"href":"https:\/\/www.europesays.com\/cz\/wp-json\/wp\/v2\/comments?post=182481"}],"version-history":[{"count":0,"href":"https:\/\/www.europesays.com\/cz\/wp-json\/wp\/v2\/posts\/182481\/revisions"}],"wp:featuredmedia":[{"embeddable":true,"href":"https:\/\/www.europesays.com\/cz\/wp-json\/wp\/v2\/media\/182482"}],"wp:attachment":[{"href":"https:\/\/www.europesays.com\/cz\/wp-json\/wp\/v2\/media?parent=182481"}],"wp:term":[{"taxonomy":"category","embeddable":true,"href":"https:\/\/www.europesays.com\/cz\/wp-json\/wp\/v2\/categories?post=182481"},{"taxonomy":"post_tag","embeddable":true,"href":"https:\/\/www.europesays.com\/cz\/wp-json\/wp\/v2\/tags?post=182481"}],"curies":[{"name":"wp","href":"https:\/\/api.w.org\/{rel}","templated":true}]}}