{"id":182539,"date":"2026-08-17T14:56:11","date_gmt":"2026-08-17T14:56:11","guid":{"rendered":"https:\/\/www.europesays.com\/cz\/182539\/"},"modified":"2026-08-17T14:56:11","modified_gmt":"2026-08-17T14:56:11","slug":"zazivaci-obtize-v-priessnitzovych-laznich-v-jesenikach-hygiena-eviduje-111-pripadu-novinky","status":"publish","type":"post","link":"https:\/\/www.europesays.com\/cz\/182539\/","title":{"rendered":"Za\u017e\u00edvac\u00ed obt\u00ed\u017ee v Priessnitzov\u00fdch l\u00e1zn\u00edch v Jesen\u00edk\u00e1ch. Hygiena eviduje 111 p\u0159\u00edpad\u016f &#8211; Novinky"},"content":{"rendered":"<p><a href=\"https:\/\/news.google.com\/rss\/articles\/CBMi6AFBVV95cUxNNmsyc05ZUlNrNVc1bEgyX0I4TjBpd08zMldEamlNa0Y4UWdQMmxvb3R4V2U0U1UtN21taE5VMmxRLUd5V1A1V0w0UklIbTNCRGpWa2p2TGFfcE40aGYwbkE0N25kdUlKUVNEVVN1RVJ6RGFmRGpBQlRfR1JwSjlkUzl5cWhQODBzaWpWbjQ5Yi1kLUx5SV93TVpqWjdxb2VqaVdWODRKRUdWX3VNX2hQMkFPcllzNWdLTE1YeS1LMGxZa1g2QkFzTEpiTzB3N2l5SVdxR2xtaXRKbTZWaEYtbG5vY1BjNUlD?oc=5\" target=\"_blank\" rel=\"nofollow noopener\">Za\u017e\u00edvac\u00ed obt\u00ed\u017ee v Priessnitzov\u00fdch l\u00e1zn\u00edch v Jesen\u00edk\u00e1ch. Hygiena eviduje 111 p\u0159\u00edpad\u016f<\/a>&nbsp;&nbsp;Novinky<a href=\"https:\/\/news.google.com\/rss\/articles\/CBMiyAFBVV95cUxPbkZSbHlXYndIOWFOQUN4emJoakpfZTNuZnhDdEx4NnNHYTFKQkRnYXhXM1NOWnZUY3JoeUdyWjJNR180dDM2dy1mcGQ4Wm5qWVlHeEtCSS1sVk10ZHZYT0FNaW12elNPSV9wREw4ZEgzZ25TVHBFN3ZrLVFxUnpDckVxd19rc19od0ttY2Q4RXVHNkdWbVpaaFVkZkpxQUJJb29FTWtjLWVuSmtjNnkwRkxhVHVjcUJxelFJWDVVQTFnMW50bnNCaw?oc=5\" target=\"_blank\" rel=\"nofollow noopener\">L\u00e1zn\u011b Jesen\u00edk postihla hromadn\u00e1 n\u00e1kaza, p\u0159es sto p\u0159\u00edpad\u016f za\u017e\u00edvac\u00edch obt\u00ed\u017e\u00ed<\/a>&nbsp;&nbsp;iDNES.cz<a href=\"https:\/\/news.google.com\/rss\/articles\/CBMivAFBVV95cUxNWEs2UXNuaWQ2Ykw4b0NYM3J2VFB6UWdyVk5DaXJ3NGl5R0Z0ekUtdU9rTXVMQ3JNdi1PVXJ5a1FPNVRaUTk0TUMwb2E2Yy1HZ0k3dXZ3ZUQxY3kxMFpEZEM1aTc5dmRlbVpPTVZ0MlUyOFltcE9YM0VvUEZEa1h6bjN5cDNnX05SNEt0eXBEalQ0Q0tyZlpUMjZuZ3p2X0MyQnROOWJqYzY3cTF1a1oxX1A5TTlHQ2xwOTlwNQ?oc=5\" target=\"_blank\" rel=\"nofollow noopener\">Za\u017e\u00edvac\u00ed pot\u00ed\u017ee v Priessnitzov\u00fdch l\u00e1zn\u00edch, hygienici hl\u00e1s\u00ed 111 p\u0159\u00edpad\u016f<\/a>&nbsp;&nbsp;\u010cT24<a href=\"https:\/\/news.google.com\/rss\/articles\/CBMizwFBVV95cUxPYmUwcU5uNHlSRC1OSDhoUFc2cEVtYVM4OE1EbXVaRF9oZWJqV0JwTEtVZ3pJNVZBM2thMGlydk5lbjVOZHBSWnRrZ01CNDdGNGxyanJTbkFmT3pWdml6Uk5fRE45djByUHFFbTNhc01UOFFwLWZxMGdjcURseWdScVkxNnRkRmxSX3lUNXBBWGxUaXhzM0dPUWladU5PT29xVExIa1puUVFzVzNvc2VnWjV3ckJ5M2pfTVM3MHBiTWgwSFV5a01OdXkxNU0wZ1U?oc=5\" target=\"_blank\" rel=\"nofollow noopener\">P\u0159es sto klient\u016f Priessnitzov\u00fdch l\u00e1zn\u00ed v Jesen\u00edku m\u00e1 akutn\u00ed za\u017e\u00edvac\u00ed pot\u00ed\u017ee<\/a>&nbsp;&nbsp;iROZHLAS<a href=\"https:\/\/news.google.com\/rss\/articles\/CBMi1wFBVV95cUxNUjJ2SWN5bnNWNlVPeFJ0NUdReTV5MzFSZzRYQmoxUm9vMV9TVk5COXRCczV4V0NULVVQd0dDdFZhRkFzck41ZHlGaHozdjJ6bTFGeWxockVFVy1EMmNIcXdRRnVPM0ZnVUxXckQtRFFBRE13OXpOcHVlM2d0SGVDVlZjVWM2SjdsNzByZEN1NDZLU1NiRVdFUWIwa1hMM1pjbGhGNTRlT3ljZVJiSHFCWTM3dHZSTHJkSmFKbWpSRjVCMGM0N3c5S3Q2Z0daaW9EdlFGQXZVaw?oc=5\" target=\"_blank\" rel=\"nofollow noopener\">Priessnitzovy l\u00e1zn\u011b \u0159e\u0161\u00ed v\u00fdskyt za\u017e\u00edvac\u00edch obt\u00ed\u017e\u00ed, hygiena eviduje 111 p\u0159\u00edpad\u016f<\/a>&nbsp;&nbsp;Seznam Zpr\u00e1vy<\/p>\n","protected":false},"excerpt":{"rendered":"Za\u017e\u00edvac\u00ed obt\u00ed\u017ee v Priessnitzov\u00fdch l\u00e1zn\u00edch v Jesen\u00edk\u00e1ch. Hygiena eviduje 111 p\u0159\u00edpad\u016f&nbsp;&nbsp;NovinkyL\u00e1zn\u011b Jesen\u00edk postihla hromadn\u00e1 n\u00e1kaza, p\u0159es sto p\u0159\u00edpad\u016f&hellip;\n","protected":false},"author":2,"featured_media":182540,"comment_status":"","ping_status":"","sticky":false,"template":"","format":"standard","meta":{"footnotes":"","_share_on_mastodon":"0"},"categories":[10],"tags":[17,21,1268,14990,3655,663,16,43399,18,19,22,20],"class_list":["post-182539","post","type-post","status-publish","format-standard","has-post-thumbnail","category-zpravy","tag-headlines","tag-hlavni-udalosti","tag-hygiena","tag-jeseniky","tag-lazne","tag-nakaza","tag-news","tag-priessnitzovy-lecebne-lazne","tag-top-news","tag-top-stories","tag-udalosti-dne","tag-zpravy"],"share_on_mastodon":{"url":"https:\/\/pubeurope.com\/@cz\/117111435216137252","error":""},"_links":{"self":[{"href":"https:\/\/www.europesays.com\/cz\/wp-json\/wp\/v2\/posts\/182539","targetHints":{"allow":["GET"]}}],"collection":[{"href":"https:\/\/www.europesays.com\/cz\/wp-json\/wp\/v2\/posts"}],"about":[{"href":"https:\/\/www.europesays.com\/cz\/wp-json\/wp\/v2\/types\/post"}],"author":[{"embeddable":true,"href":"https:\/\/www.europesays.com\/cz\/wp-json\/wp\/v2\/users\/2"}],"replies":[{"embeddable":true,"href":"https:\/\/www.europesays.com\/cz\/wp-json\/wp\/v2\/comments?post=182539"}],"version-history":[{"count":0,"href":"https:\/\/www.europesays.com\/cz\/wp-json\/wp\/v2\/posts\/182539\/revisions"}],"wp:featuredmedia":[{"embeddable":true,"href":"https:\/\/www.europesays.com\/cz\/wp-json\/wp\/v2\/media\/182540"}],"wp:attachment":[{"href":"https:\/\/www.europesays.com\/cz\/wp-json\/wp\/v2\/media?parent=182539"}],"wp:term":[{"taxonomy":"category","embeddable":true,"href":"https:\/\/www.europesays.com\/cz\/wp-json\/wp\/v2\/categories?post=182539"},{"taxonomy":"post_tag","embeddable":true,"href":"https:\/\/www.europesays.com\/cz\/wp-json\/wp\/v2\/tags?post=182539"}],"curies":[{"name":"wp","href":"https:\/\/api.w.org\/{rel}","templated":true}]}}