{"id":18265,"date":"2026-03-08T19:14:10","date_gmt":"2026-03-08T19:14:10","guid":{"rendered":"https:\/\/www.europesays.com\/cz\/18265\/"},"modified":"2026-03-08T19:14:10","modified_gmt":"2026-03-08T19:14:10","slug":"v-roce-1852-kralovalo-slovanskemu-kalendari-v-soucasnosti-tohle-jmeno-pouziva-150-tisic-lidi-v-cesku","status":"publish","type":"post","link":"https:\/\/www.europesays.com\/cz\/18265\/","title":{"rendered":"V roce 1852 kralovalo slovansk\u00e9mu kalend\u00e1\u0159i. V sou\u010dasnosti tohle jm\u00e9no pou\u017e\u00edv\u00e1 150 tis\u00edc lid\u00ed v \u010cesku"},"content":{"rendered":"<p>\t\t\t\t\t8. 3. 2026<\/p>\n<p>V dne\u0161n\u00ed dob\u011b pat\u0159\u00ed mezi jedno z nej\u010dast\u011bji objevuj\u00edc\u00edch se jmen mezi obyvateli \u010cesk\u00e9 republiky. Jeho historie v\u0161ak sah\u00e1 mnohem d\u00e1l do minulosti. Objevilo se i v kalend\u00e1\u0159i z roku 1852.<\/p>\n<p>U\u017e v dob\u011b n\u00e1rodn\u00edho obrozen\u00ed se na na\u0161em \u00fazem\u00ed objevila jm\u00e9na, kter\u00e1 jsou pou\u017e\u00edv\u00e1na doposud. V roce 1852 byl v Praze vyd\u00e1n Wlastensk\u00fd kalend\u00e1\u0159. P\u0159ipravil jej V\u00e1clav Filipek a o tisk se postarala pra\u017esk\u00e1 nakladatelka Kate\u0159ina Ge\u0159\u00e1bkov\u00e1. D\u00edky tomuto dochovan\u00e9mu klenotu v\u00edme, jak\u00e1 jm\u00e9na tehdy byla b\u011b\u017en\u00e1 a ve spole\u010dnosti se objevovala nej\u010dast\u011bji.\u00a0\u00a0<\/p>\n<p>Wlastensk\u00fd kalend\u00e1\u0159 je i pam\u00e1tkou na zapomenut\u00e1 jm\u00e9na\u00a0<\/p>\n<p>Zat\u00edmco n\u011bkter\u00e1 osloven\u00ed se zachovala, jin\u00e1 u\u017e v \u010cech\u00e1ch nemaj\u00ed \u017e\u00e1dn\u00e9ho nositele. Mezi takov\u00e9 pat\u0159\u00ed nap\u0159\u00edklad Bohodar, Tvo\u0159islav nebo Krasislav. Tato jm\u00e9na zd\u016fraz\u0148ovala slovansk\u00fd p\u016fvod a s jasn\u00fdm v\u00fdznamem \u00fapln\u011b vymizela.\u00a0<\/p>\n<p>Jsou ale i jm\u00e9na, kter\u00e1 maj\u00ed dlouholetou tradici a dodnes mnoho nositel\u016f. Mezi n\u011b pat\u0159\u00ed Bo\u017eena, Bla\u017eej, Miloslava, Vladim\u00edra \u010di Jaroslav. Pr\u00e1v\u011b posledn\u00ed zm\u00edn\u011bn\u00e9 jm\u00e9no m\u00e1 v \u010cesk\u00e9 republice v\u00edce ne\u017e 150 tis\u00edc nositel\u016f. \u0158ad\u00ed se tak na p\u0159ibli\u017en\u011b osmou p\u0159\u00ed\u010dku coby nej\u010dast\u011bj\u0161\u00ed mu\u017esk\u00e9 jm\u00e9no v \u010cR. A to i p\u0159esto, \u017ee je jeho obliba sp\u00ed\u0161e na \u00fastupu. Jak u\u017e to tak b\u00fdv\u00e1, nejv\u00edce jeho nositel\u016f najdeme v Praze, n\u00e1sleduje Brno, Ostrava a Plze\u0148.\u00a0<\/p>\n<p>S jarem toto jm\u00e9no nic spole\u010dn\u00e9ho nem\u00e1\u00a0<\/p>\n<p>Jaroslavov\u00e9 sv\u00e1tek slav\u00ed 27. dubna. V leto\u0161n\u00edm roce tak na n\u011b oslava jmenin teprve \u010dek\u00e1. Mnoho lid\u00ed se myln\u011b domn\u00edv\u00e1, \u017ee jde o jm\u00e9no, kter\u00e9 je spojeno s p\u0159\u00edchodem a oslavami jara. Nic takov\u00e9ho v\u0161ak nen\u00ed pravda. Toto p\u016fvodn\u011b staroslovansk\u00e9 jm\u00e9no m\u00e1 n\u011bkolik jin\u00fdch v\u00fdznam\u016f. Vych\u00e1z\u00ed ze slova \u201ejaryj\u201c. To m\u016f\u017ee znamenat nejen vzn\u011btliv\u00fd a pobou\u0159en\u00fd, ale tak\u00e9 siln\u00fd a mocn\u00fd. Mezi varianty osloven\u00ed pat\u0159\u00ed Jarda, J\u00e1ra, Jarek, ale i Sl\u00e1vek nebo Jarou\u0161ek.\u00a0<\/p>\n<p><img loading=\"lazy\" title=\"Toto jm\u00e9no nem\u00e1 s jarem nic spole\u010dn\u00e9ho. Zdroj: Shutterstock | TVGURU.cz\" fetchpriority=\"high\" decoding=\"async\" class=\"size-large wp-image-310225\" src=\"https:\/\/www.europesays.com\/cz\/wp-content\/uploads\/2026\/03\/shutterstock_2523018609-1-1200x900.webp.webp\" alt=\"Z\u00e1hony zelenaj\u00edc\u00edch se rostlin.\" width=\"1165\" height=\"874\"  \/>Toto jm\u00e9no nem\u00e1 s jarem nic spole\u010dn\u00e9ho. Zdroj: Shutterstock<\/p>\n<p>Du\u0161ek, Marvan i Plesl\u00a0<\/p>\n<p>Nositel\u00e9 tohoto jm\u00e9na jsou obvykle rodinn\u00fdmi typy, kte\u0159\u00ed v \u017eivot\u011b d\u00e1vaj\u00ed p\u0159ed z\u00e1\u017eitky p\u0159ednost majetku. \u010casto jsou impulzivn\u00ed a nedok\u00e1\u017eou si zachovat klidnou hlavu. Mu\u017ei s t\u00edmto jm\u00e9nem se d\u00edky \u010dast\u00e9mu v\u00fdskytu objevuj\u00ed i v oblasti um\u011bn\u00ed. Zn\u00e1m\u00fdm hercem minul\u00e9ho stolet\u00ed, kter\u00fd se objevil ve filmech And\u011bl na hor\u00e1ch, Kristi\u00e1n nebo Cesta do hlubin \u0161tud\u00e1kovy du\u0161e, byl Jaroslav Marvan.\u00a0<\/p>\n<p><img loading=\"lazy\" title=\"Herec Marvan si zahr\u00e1l i po boku Kv\u011bty Fialov\u00e9. Zdroj: Profimedia | TVGURU.cz\" decoding=\"async\" class=\"size-large wp-image-310224\" src=\"https:\/\/www.europesays.com\/cz\/wp-content\/uploads\/2026\/03\/profimedia-0219471504-1-1200x891.webp.webp\" alt=\"Kv\u011bta Fialov\u00e1 a Jaroslav Marvan.\" width=\"1165\" height=\"865\"  \/>Herec Marvan si zahr\u00e1l i po boku Kv\u011bty Fialov\u00e9. Zdroj: Profimedia<\/p>\n<p>S kultovn\u00ed komedi\u00ed Pel\u00ed\u0161ky, nato\u010denou na konci minul\u00e9ho stolet\u00ed, je spojen herec, moder\u00e1tor a improviz\u00e1tor Jaroslav Du\u0161ek. Ten se proslavil i sv\u00fdmi kontroverzn\u00edmi n\u00e1zory. \u010casto po\u0159\u00e1d\u00e1 besedy a p\u0159edn\u00e1\u0161ky o \u017eivot\u011b, spiritualit\u011b a filozofii. Je tak\u00e9 autorem divadeln\u00edho p\u0159edstaven\u00ed \u010cty\u0159i dohody.\u00a0<\/p>\n<p>V posledn\u00ed dob\u011b \u010dasto obsazovan\u00fdm hercem, kter\u00fd se narodil v roce 1974, je Jaroslav Plesl. Toho m\u016f\u017eeme vid\u011bt ve filmech Cukrkandl, Matka v trapu nebo V\u00fdjime\u010dn\u00fd stav. Z film\u016f a seri\u00e1l\u016f je zn\u00e1m\u00fd i herec, jeho\u017e domovsk\u00fdm divadlem je Divadlo na Vinohradech, Jaroslav Satoransk\u00fd.\u00a0<\/p>\n<p>Wlastensk\u00fd kalend\u00e1\u0159 poch\u00e1zej\u00edc\u00ed z roku 1852 je nejen historickou pam\u00e1tkou, ale tak\u00e9 uk\u00e1zkou tehdy obvykl\u00fdch jmen. N\u011bkter\u00e1 z nich se dnes ji\u017e nenos\u00ed, Jaroslav je ale v\u00fdjimkou. Nositelem tohoto jm\u00e9na je v\u00edce ne\u017e 150 tis\u00edc \u010cech\u016f. M\u00e1te ve sv\u00e9m okol\u00ed tak\u00e9 n\u011bjak\u00e9ho Jaroslava?\u00a0<\/p>\n<p>Zdroje: Kurzy.cz, Csfd.cz, Svatky.centrum.cz<\/p>\n","protected":false},"excerpt":{"rendered":"8. 3. 2026 V dne\u0161n\u00ed dob\u011b pat\u0159\u00ed mezi jedno z nej\u010dast\u011bji objevuj\u00edc\u00edch se jmen mezi obyvateli \u010cesk\u00e9 republiky.&hellip;\n","protected":false},"author":2,"featured_media":18266,"comment_status":"","ping_status":"","sticky":false,"template":"","format":"standard","meta":{"footnotes":"","_share_on_mastodon":"0"},"categories":[14],"tags":[79,9247,6186,9248,9249,402,80],"class_list":["post-18265","post","type-post","status-publish","format-standard","has-post-thumbnail","category-zabava","tag-entertainment","tag-historicky-kalendar","tag-jaroslav-dusek","tag-jaroslav-plesl","tag-muzske-jmeno","tag-noshp","tag-zabava"],"share_on_mastodon":{"url":"https:\/\/pubeurope.com\/@cz\/116195155681990278","error":""},"_links":{"self":[{"href":"https:\/\/www.europesays.com\/cz\/wp-json\/wp\/v2\/posts\/18265","targetHints":{"allow":["GET"]}}],"collection":[{"href":"https:\/\/www.europesays.com\/cz\/wp-json\/wp\/v2\/posts"}],"about":[{"href":"https:\/\/www.europesays.com\/cz\/wp-json\/wp\/v2\/types\/post"}],"author":[{"embeddable":true,"href":"https:\/\/www.europesays.com\/cz\/wp-json\/wp\/v2\/users\/2"}],"replies":[{"embeddable":true,"href":"https:\/\/www.europesays.com\/cz\/wp-json\/wp\/v2\/comments?post=18265"}],"version-history":[{"count":0,"href":"https:\/\/www.europesays.com\/cz\/wp-json\/wp\/v2\/posts\/18265\/revisions"}],"wp:featuredmedia":[{"embeddable":true,"href":"https:\/\/www.europesays.com\/cz\/wp-json\/wp\/v2\/media\/18266"}],"wp:attachment":[{"href":"https:\/\/www.europesays.com\/cz\/wp-json\/wp\/v2\/media?parent=18265"}],"wp:term":[{"taxonomy":"category","embeddable":true,"href":"https:\/\/www.europesays.com\/cz\/wp-json\/wp\/v2\/categories?post=18265"},{"taxonomy":"post_tag","embeddable":true,"href":"https:\/\/www.europesays.com\/cz\/wp-json\/wp\/v2\/tags?post=18265"}],"curies":[{"name":"wp","href":"https:\/\/api.w.org\/{rel}","templated":true}]}}