{"id":182748,"date":"2026-08-17T18:32:13","date_gmt":"2026-08-17T18:32:13","guid":{"rendered":"https:\/\/www.europesays.com\/cz\/182748\/"},"modified":"2026-08-17T18:32:13","modified_gmt":"2026-08-17T18:32:13","slug":"komplikace-pro-ceskeho-olympijskeho-sampiona-pred-mistrovstvim-sveta-nemuze-trenovat","status":"publish","type":"post","link":"https:\/\/www.europesays.com\/cz\/182748\/","title":{"rendered":"Komplikace pro \u010desk\u00e9ho olympijsk\u00e9ho \u0161ampiona. P\u0159ed mistrovstv\u00edm sv\u011bta nem\u016f\u017ee tr\u00e9novat"},"content":{"rendered":"<p class=\"b_bF\">Na vin\u011b je infekce. \u201ePravd\u011bpodobn\u011b n\u011bjak\u00e1 vir\u00f3za. U\u017e jsem se c\u00edtil l\u00edp, ale mohlo by to b\u00fdt i\u00a0hor\u0161\u00ed,\u201c vzk\u00e1zal Dost\u00e1l.<\/p>\n<p class=\"b_bF\">Podle \u0161\u00e9ftren\u00e9ra \u010desk\u00fdch rychlostn\u00edch kanoist\u016f Pavla Hottmara t\u0159iat\u0159icetilet\u00fd hv\u011bzdn\u00fd kajak\u00e1\u0159 musel zat\u00edm vynechat zhruba t\u00fdden tr\u00e9ninku. Dost\u00e1l m\u00e1 z\u00a0mistrovstv\u00ed sv\u011bta u\u017e celkem sedm zlat\u00fdch medail\u00ed, krom\u011b nich ale letos jde i\u00a0o body do olympijsk\u00e9 nominace.<\/p>\n<p class=\"b_bF\">Ta se nyn\u00ed skl\u00e1d\u00e1 ze sv\u011btov\u00fdch poh\u00e1r\u016f, mistrovstv\u00ed sv\u011bta a\u00a0kontinent\u00e1ln\u00edch \u0161ampion\u00e1t\u016f v\u00a0pr\u016fb\u011bhu leto\u0161n\u00edho a\u00a0p\u0159\u00ed\u0161t\u00edho roku, nam\u00edsto jedn\u00e9 hlavn\u00ed kvalifika\u010dn\u00ed akce. Na mistrovstv\u00ed sv\u011bta se nav\u00edc ud\u011bluje 1,5n\u00e1sobek bod\u016f oproti Sv\u011btov\u00e9mu poh\u00e1ru.<\/p>\n<p><a data-dot=\"atm-link\" target=\"_self\" href=\"https:\/\/www.sport.cz\/clanek\/vodni-sporty-dva-mladi-dva-svetove-rekordy-pariz-odhalila-nove-hvezdy-budoucnosti-5514560\" class=\"b_V g_ia\" rel=\"nofollow noopener\"><img fetchpriority=\"high\" height=\"1767\" width=\"2356\" src=\"https:\/\/www.europesays.com\/cz\/wp-content\/uploads\/2026\/08\/1786991533_346_f43c.jpeg\" loading=\"eager\" decoding=\"sync\" class=\"b_B b_z\"\/><\/a><\/p>\n<p class=\"b_bF\">\u201eZ toho pohledu m\u016f\u017ee b\u00fdt jeho absence vcelku z\u00e1sadn\u00ed komplikac\u00ed, proto\u017ee v\u00a0individu\u00e1ln\u00edm \u017eeb\u0159\u00ed\u010dku se nominuje jen \u0161est nejlep\u0161\u00edch st\u00e1t\u016f. A\u00a0body se do \u017eeb\u0159\u00ed\u010dku z\u00edsk\u00e1vaj\u00ed ze v\u0161ech discipl\u00edn od dvoustovky po 5000\u00a0metr\u016f. Tak\u017ee i\u00a0kdy\u017e n\u011bkdo jezd\u00ed t\u0159et\u00ed a\u00a0\u010dtvrt\u00e1 m\u00edsta, tak mu ta top \u0161estka m\u016f\u017ee b\u00fdt vzd\u00e1len\u00e1,\u201c p\u0159ipom\u00edn\u00e1 Hottmar.<\/p>\n<p class=\"b_bF\">I kdy\u017e Dost\u00e1l v\u00a0pr\u016fb\u011bhu sezony byl ve Sv\u011btov\u00e9m poh\u00e1ru t\u0159ikr\u00e1t na stupn\u00edch v\u00edt\u011bz\u016f a\u00a0z\u00edskal st\u0159\u00edbro na mistrovstv\u00ed Evropy, \u010cesko je v\u00a0\u017eeb\u0159\u00ed\u010dku kajak\u00e1\u0159\u016f p\u00e1t\u00e9 a\u00a0nem\u00e1 takov\u00fd klid jako mezi kanoisty, kde m\u00e1 d\u00edky Martinu Fuksovi stoprocentn\u00ed bilanci.<\/p>\n<p class=\"b_bF\">\u201eV\u00fdsledky jsou dobr\u00e9, ale mohly by b\u00fdt lep\u0161\u00ed vzhledem ke kvalifikaci. Byl bych klidn\u011bj\u0161\u00ed, kdyby bylo \u010cesko na p\u0159edn\u011bj\u0161\u00edch m\u00edstech,\u201c p\u0159izn\u00e1v\u00e1 Dost\u00e1l. Tomuto c\u00edli tak z\u0159ejm\u011b p\u0159izp\u016fsob\u00ed sv\u016fj pl\u00e1n pro Pozna\u0148.<\/p>\n<p class=\"b_bF\">\u201ePravd\u011bpodobn\u011b pojedu jen jednu discipl\u00ednu, ale z\u00e1le\u017e\u00ed na diskuzi s\u00a0tren\u00e9rem t\u011bsn\u011b p\u0159ed z\u00e1vody,\u201c \u0159\u00edk\u00e1 Dost\u00e1l. Jeho volba by padla na p\u011btistovku, na n\u00ed\u017e vyhr\u00e1l t\u0159i ze \u010dty\u0159 posledn\u00edch sv\u011btov\u00fdch \u0161ampion\u00e1t\u016f. Kilometr jako olympijskou discipl\u00ednu by vynechal.<\/p>\n<p class=\"b_bF\">\u201eI s\u00a0ohledem na v\u00fdsledek a\u00a0\u010das na mistrovstv\u00ed republiky jsem doufal v\u00a0p\u0159edn\u00ed um\u00edst\u011bn\u00ed na kilometru a\u00a0na p\u011btistovce jsem pom\u00fd\u0161lel na obhajobu, ale pod t\u00edhou dne\u0161n\u00ed situace si netrouf\u00e1m stanovovat c\u00edle,\u201c p\u0159izn\u00e1v\u00e1. Rozj\u00ed\u017e\u010fky na p\u011btistovce by ho v\u00a0Polsku m\u011bly \u010dekat p\u0159\u00ed\u0161t\u00ed \u010dtvrtek.<\/p>\n<p><a data-dot=\"atm-link\" target=\"_self\" href=\"https:\/\/www.sport.cz\/clanek\/vodni-sporty-evropsti-sampioni-jsou-doma-seemanova-se-tesi-na-jidlo-od-babicky-knedla-na-kocku-5514612\" class=\"b_V g_ia\" rel=\"nofollow noopener\"><img height=\"2730\" width=\"3641\" src=\"https:\/\/www.europesays.com\/cz\/wp-content\/uploads\/2026\/08\/1786991533_864_f1b6.jpeg\" loading=\"eager\" decoding=\"sync\" class=\"b_B b_z\"\/><\/a><\/p>\n","protected":false},"excerpt":{"rendered":"Na vin\u011b je infekce. \u201ePravd\u011bpodobn\u011b n\u011bjak\u00e1 vir\u00f3za. U\u017e jsem se c\u00edtil l\u00edp, ale mohlo by to b\u00fdt i\u00a0hor\u0161\u00ed,\u201c&hellip;\n","protected":false},"author":2,"featured_media":182749,"comment_status":"","ping_status":"","sticky":false,"template":"","format":"standard","meta":{"footnotes":"","_share_on_mastodon":"0"},"categories":[15],"tags":[23041,27778,23042,23077,94,93],"class_list":["post-182748","post","type-post","status-publish","format-standard","has-post-thumbnail","category-sport","tag-josef-dostal","tag-kajak","tag-kanoistika","tag-rychlostni-kanoistika","tag-sport","tag-sports"],"share_on_mastodon":{"url":"https:\/\/pubeurope.com\/@cz\/117112284691463909","error":""},"_links":{"self":[{"href":"https:\/\/www.europesays.com\/cz\/wp-json\/wp\/v2\/posts\/182748","targetHints":{"allow":["GET"]}}],"collection":[{"href":"https:\/\/www.europesays.com\/cz\/wp-json\/wp\/v2\/posts"}],"about":[{"href":"https:\/\/www.europesays.com\/cz\/wp-json\/wp\/v2\/types\/post"}],"author":[{"embeddable":true,"href":"https:\/\/www.europesays.com\/cz\/wp-json\/wp\/v2\/users\/2"}],"replies":[{"embeddable":true,"href":"https:\/\/www.europesays.com\/cz\/wp-json\/wp\/v2\/comments?post=182748"}],"version-history":[{"count":0,"href":"https:\/\/www.europesays.com\/cz\/wp-json\/wp\/v2\/posts\/182748\/revisions"}],"wp:featuredmedia":[{"embeddable":true,"href":"https:\/\/www.europesays.com\/cz\/wp-json\/wp\/v2\/media\/182749"}],"wp:attachment":[{"href":"https:\/\/www.europesays.com\/cz\/wp-json\/wp\/v2\/media?parent=182748"}],"wp:term":[{"taxonomy":"category","embeddable":true,"href":"https:\/\/www.europesays.com\/cz\/wp-json\/wp\/v2\/categories?post=182748"},{"taxonomy":"post_tag","embeddable":true,"href":"https:\/\/www.europesays.com\/cz\/wp-json\/wp\/v2\/tags?post=182748"}],"curies":[{"name":"wp","href":"https:\/\/api.w.org\/{rel}","templated":true}]}}