{"id":183078,"date":"2026-08-18T04:45:13","date_gmt":"2026-08-18T04:45:13","guid":{"rendered":"https:\/\/www.europesays.com\/cz\/183078\/"},"modified":"2026-08-18T04:45:13","modified_gmt":"2026-08-18T04:45:13","slug":"v-chorvatsku-pred-vedrem-utikaji-na-morske-dno","status":"publish","type":"post","link":"https:\/\/www.europesays.com\/cz\/183078\/","title":{"rendered":"V Chorvatsku p\u0159ed vedrem ut\u00edkaj\u00ed na mo\u0159sk\u00e9 dno"},"content":{"rendered":"<p class=\"c_bB\">Nev\u0161edn\u00ed atrakci, jej\u00ed\u017e z\u00e1b\u011bry zve\u0159ejnila agentura Reuters, nab\u00edz\u00ed podvodn\u00ed park v\u00a0Punatu. N\u00e1v\u0161t\u011bvn\u00edci dostanou filmov\u011b vyhl\u00ed\u017eej\u00edc\u00ed helmu, do n\u00ed\u017e je z\u00a0hladiny p\u0159iv\u00e1d\u011bn vzduch, a\u00a0po \u017eeb\u0159\u00edku sestoup\u00ed pod vodu. Zna\u010dnou v\u00fdhodou je skute\u010dnost, \u017ee nejsou t\u0159eba \u017e\u00e1dn\u00e9 pot\u00e1p\u011b\u010dsk\u00e9 zku\u0161enosti a\u00a0d\u00fdch\u00e1 se klasicky, tak\u017ee \u00fasta z\u016fst\u00e1vaj\u00ed voln\u00e1. Sta\u010d\u00ed jen vydat se na proch\u00e1zku po mo\u0159sk\u00e9m dn\u011b.<\/p>\n<p class=\"c_bB\">Z\u00e1b\u011bry ukazuj\u00ed turisty, kte\u0159\u00ed minul\u00fd t\u00fdden sestoupili asi t\u0159i metry pod hladinu. Na dn\u011b str\u00e1vili ve spole\u010dnosti pr\u016fvodce zhruba dvacet minut. Atrakce sk\u00fdt\u00e1 skv\u011bl\u00fd v\u00fdhled na kolem proplouvaj\u00edc\u00ed ryby a\u00a0dno zdoben\u00e9 mo\u0159sk\u00fdmi je\u017eky a\u00a0pestrobarevn\u00fdmi hv\u011bzdicemi.<\/p>\n<p class=\"c_bB\">\u201eTam dole to byl n\u00e1dhern\u00fd z\u00e1\u017eitek. Uk\u00e1zali n\u00e1m nejr\u016fzn\u011bj\u0161\u00ed v\u011bci a\u00a0krmili jsme ryby, co\u017e podle m\u011b bylo nejlep\u0161\u00ed. Od chv\u00edle, kdy jsme vstoupili do vody, a\u017e do konce mi p\u0159ipadalo, \u017ee ub\u011bhlo p\u011bt minut, ne p\u016fl hodiny,\u201c popsal David Krajcar z\u00a0Nov\u00e9 Gradi\u0161ky.<\/p>\n<p><a data-dot=\"atm-link\" target=\"_self\" href=\"https:\/\/www.novinky.cz\/clanek\/cestovani-neuveritelne-setkani-na-safari-rodinka-gepardu-vlezla-turistum-takrka-do-auta-40592524\" class=\"c_N\" rel=\"nofollow noopener\"><img fetchpriority=\"high\" height=\"1080\" width=\"1920\" src=\"https:\/\/www.europesays.com\/cz\/wp-content\/uploads\/2026\/08\/gepard-safari.jpeg\" loading=\"eager\" decoding=\"sync\" class=\"c_t c_r\"\/><\/a><\/p>\n<p class=\"c_bB\">Do Punatu dorazil tak\u00e9 jedna\u010dty\u0159icetilet\u00fd Alex z\u00a0N\u011bmecka. V\u00a0tropick\u00e9m dni hledal s\u00a0rodinou hlavn\u011b trochu osv\u011b\u017een\u00ed. \u201eDnes je v\u00a0Chorvatsku opravdu horko, a\u00a0tak jsme hledali n\u011bjak\u00fd z\u00e1\u017eitek pod vodou. A\u00a0te\u010f jsme tady,\u201c \u0159ekl p\u0159ed sestupem.<\/p>\n<p class=\"c_bB\">Po n\u00e1vratu na sou\u0161 si aktivitu pochvaloval: \u201eMoc se mi to l\u00edbilo. Byl to skv\u011bl\u00fd z\u00e1\u017eitek. Vid\u011bli jsme ryby, mal\u00e9ho mo\u0159sk\u00e9ho je\u017eka a\u00a0hv\u011bzdice. D\u011bti si to tak\u00e9 u\u017eily, alespo\u0148 douf\u00e1m. Je to moc hezk\u00e9 m\u00edsto.\u201c<\/p>\n<p class=\"c_bB\">Nejv\u00edc turisty bav\u00ed krmen\u00ed ryb z\u00a0bezprost\u0159edn\u00ed bl\u00edzkosti. Potravu si toti\u017e hejna mr\u0161tn\u00fdch podmo\u0159sk\u00fdch obyvatel berou od turist\u016f p\u0159\u00edmo z\u00a0ruky.<\/p>\n<p class=\"c_bB\">Do vody se se speci\u00e1ln\u00ed helmou nesk\u00e1\u010de, z\u00e1jemci sestupuj\u00ed po \u017eeb\u0159\u00edku pomalu, aby si jejich u\u0161i zvykly na zm\u011bnu tlaku. Teprve potom je pr\u016fvodce vezme na proch\u00e1zku po mo\u0159sk\u00e9m dn\u011b.<\/p>\n<p class=\"c_bB\">\u201eZ\u00e1\u017eitek spo\u010d\u00edv\u00e1 v\u00a0tom, \u017ee se dostanete pod mo\u0159e a\u00a0m\u016f\u017eete tam d\u00fdchat, ani\u017e byste m\u011bli n\u011bco v\u00a0\u00fastech. Ve\u0161ker\u00e9 vybaven\u00ed je vlastn\u011b v\u00a0jedin\u00e9 helm\u011b,\u201c vysv\u011btlila majitelka parku Iva Mrakovcicov\u00e1.<\/p>\n<p class=\"c_bB\">Podle n\u00ed je atrakce zvl\u00e1\u0161\u0165 p\u0159\u00edjemn\u00e1 pr\u00e1v\u011b v\u00a0leto\u0161n\u00edch extr\u00e9mn\u00edch vedrech. \u201eKdy\u017e za\u010dnou takov\u00e1 horka, v\u0161ichni ut\u00edk\u00e1me do mo\u0159e, abychom na\u0161li trochu \u00falevy a\u00a0osv\u011b\u017een\u00ed. A\u00a0je\u0161t\u011b lep\u0161\u00ed je j\u00edt o\u00a0n\u011bco hloub\u011bji, kde \u010dlov\u011bk najde klid a\u00a0ni\u017e\u0161\u00ed teploty ne\u017e u\u00a0hladiny.\u201c<\/p>\n<p><a data-dot=\"atm-link\" target=\"_self\" href=\"https:\/\/www.novinky.cz\/clanek\/cestovani-zeny-sem-kdysi-nesmely-dnes-je-z-nej-certifikovany-lecivy-les-40592441\" class=\"c_N\" rel=\"nofollow noopener\"><img height=\"2152\" width=\"3827\" src=\"https:\/\/www.europesays.com\/cz\/wp-content\/uploads\/2026\/08\/1787028313_528_bucaco.jpeg\" loading=\"eager\" decoding=\"sync\" class=\"c_t c_r\"\/><\/a><\/p>\n","protected":false},"excerpt":{"rendered":"Nev\u0161edn\u00ed atrakci, jej\u00ed\u017e z\u00e1b\u011bry zve\u0159ejnila agentura Reuters, nab\u00edz\u00ed podvodn\u00ed park v\u00a0Punatu. N\u00e1v\u0161t\u011bvn\u00edci dostanou filmov\u011b vyhl\u00ed\u017eej\u00edc\u00ed helmu, do n\u00ed\u017e&hellip;\n","protected":false},"author":2,"featured_media":183079,"comment_status":"","ping_status":"","sticky":false,"template":"","format":"standard","meta":{"footnotes":"","_share_on_mastodon":"0"},"categories":[10],"tags":[3525,536,1222,1471,17,21,16,17313,18,19,22,20],"class_list":["post-183078","post","type-post","status-publish","format-standard","has-post-thumbnail","category-zpravy","tag-atrakce","tag-cestovani","tag-chorvatsko","tag-dovolena","tag-headlines","tag-hlavni-udalosti","tag-news","tag-potapeni","tag-top-news","tag-top-stories","tag-udalosti-dne","tag-zpravy"],"share_on_mastodon":{"url":"https:\/\/pubeurope.com\/@cz\/117114694861544027","error":""},"_links":{"self":[{"href":"https:\/\/www.europesays.com\/cz\/wp-json\/wp\/v2\/posts\/183078","targetHints":{"allow":["GET"]}}],"collection":[{"href":"https:\/\/www.europesays.com\/cz\/wp-json\/wp\/v2\/posts"}],"about":[{"href":"https:\/\/www.europesays.com\/cz\/wp-json\/wp\/v2\/types\/post"}],"author":[{"embeddable":true,"href":"https:\/\/www.europesays.com\/cz\/wp-json\/wp\/v2\/users\/2"}],"replies":[{"embeddable":true,"href":"https:\/\/www.europesays.com\/cz\/wp-json\/wp\/v2\/comments?post=183078"}],"version-history":[{"count":0,"href":"https:\/\/www.europesays.com\/cz\/wp-json\/wp\/v2\/posts\/183078\/revisions"}],"wp:featuredmedia":[{"embeddable":true,"href":"https:\/\/www.europesays.com\/cz\/wp-json\/wp\/v2\/media\/183079"}],"wp:attachment":[{"href":"https:\/\/www.europesays.com\/cz\/wp-json\/wp\/v2\/media?parent=183078"}],"wp:term":[{"taxonomy":"category","embeddable":true,"href":"https:\/\/www.europesays.com\/cz\/wp-json\/wp\/v2\/categories?post=183078"},{"taxonomy":"post_tag","embeddable":true,"href":"https:\/\/www.europesays.com\/cz\/wp-json\/wp\/v2\/tags?post=183078"}],"curies":[{"name":"wp","href":"https:\/\/api.w.org\/{rel}","templated":true}]}}