{"id":183190,"date":"2026-08-18T06:52:08","date_gmt":"2026-08-18T06:52:08","guid":{"rendered":"https:\/\/www.europesays.com\/cz\/183190\/"},"modified":"2026-08-18T06:52:08","modified_gmt":"2026-08-18T06:52:08","slug":"na-hlavnim-tahu-z-brna-na-sever-zacnou-prace-za-400-milionu-korun-velka-objizdka-odstartuje-v-unoru","status":"publish","type":"post","link":"https:\/\/www.europesays.com\/cz\/183190\/","title":{"rendered":"Na hlavn\u00edm tahu z Brna na sever za\u010dnou pr\u00e1ce za 400 milion\u016f korun, velk\u00e1 obj\u00ed\u017e\u010fka odstartuje v \u00fanoru"},"content":{"rendered":"<p>\n                                        Postavit p\u0159elo\u017eku potrv\u00e1 11 m\u011bs\u00edc\u016f.                                    <\/p>\n<p>\u0158editelstv\u00ed silnic a d\u00e1lnic (\u0158SD) uzav\u0159elo dv\u011b smlouvy s polskou stavebn\u00ed firmou Budimex. Spole\u010dnost v n\u00e1sleduj\u00edc\u00edch m\u011bs\u00edc\u00edch postav\u00ed p\u0159elo\u017eku frekventovan\u00e9 silnice I\/43 u \u010cern\u00e9 Hory na Blanensku za 250 milion\u016f korun bez DPH. U sousedn\u00ed Z\u00e1visti pak stejnou silnici roz\u0161\u00ed\u0159\u00ed na t\u0159\u00edpruh. V obou p\u0159\u00edpadech firma ve v\u00fdb\u011brov\u00fdch \u0159\u00edzen\u00edch nab\u00eddla nejen nejni\u017e\u0161\u00ed cenu, ale tak\u00e9 nejkrat\u0161\u00ed dobu stavby.<\/p>\n<p>Stavba p\u0159ibli\u017en\u011b dvoukilometrov\u00e9 p\u0159elo\u017eky za\u010dne v polovin\u011b z\u00e1\u0159\u00ed a potrv\u00e1 zhruba 11 m\u011bs\u00edc\u016f. \u00da\u010dastn\u00edk\u016fm provozu m\u00e1 zajistit v\u011bt\u0161\u00ed bezpe\u010dnost, z trasy d\u00edky n\u00ed zmiz\u00ed dv\u011b nyn\u011bj\u0161\u00ed nebezpe\u010dn\u00e9 zat\u00e1\u010dky.<\/p>\n<p>\u201eVzhledem k tomu, \u017ee se jedn\u00e1 o p\u0159elo\u017eku, bude v\u011bt\u0161ina prac\u00ed prob\u00edhat mimo st\u00e1vaj\u00edc\u00ed trasu silnice I\/43, a \u0159idi\u010d\u016f se tak stavba v\u00fdrazn\u011bji nedotkne. Omezen\u00ed provozu bude nutn\u00e9 a\u017e v z\u00e1v\u011bru stavby, p\u0159ibli\u017en\u011b na 14 dn\u00ed, kdy budeme dopravu p\u0159ev\u00e1d\u011bt na novou komunikaci. S t\u00edmto omezen\u00edm po\u010d\u00edt\u00e1me b\u011bhem letn\u00edch pr\u00e1zdnin p\u0159\u00ed\u0161t\u00edho roku,\u201c sd\u011blila Lucie Trubel\u00edkov\u00e1 z t\u00fdmu komunikace \u0158SD.<\/p>\n<p><a href=\"https:\/\/zdopravy.cz\/budimex-ziskal-dalsi-velkou-zakazku-pro-rsd-rozsiri-hlavni-tah-z-brna-na-svitavy-na-tripruh-290971\/\" rel=\"nofollow noopener\" target=\"_blank\">Budimex z\u00edskal dal\u0161\u00ed velkou zak\u00e1zku pro \u0158SD. Roz\u0161\u00ed\u0159\u00ed hlavn\u00ed tah z Brna na Svitavy na t\u0159\u00edpruh<\/a><\/p>\n<p>\u0158SD na stavb\u011b v\u00fdrazn\u011b u\u0161et\u0159\u00ed, cena zak\u00e1zky spadla oproti odhadovan\u00e9 cen\u011b 388 milion\u016f korun o v\u00edce ne\u017e t\u0159etinu. Druh\u00e1 nejlevn\u011bj\u0161\u00ed nab\u00eddka byla o 100 milion\u016f korun dra\u017e\u0161\u00ed. Budimex krom\u011b nejni\u017e\u0161\u00ed ceny nab\u00eddl i nejkrat\u0161\u00ed dobu omezen\u00ed provozu do jednoho pruhu, pouh\u00fdch 14 dn\u00ed.<\/p>\n<p>Roz\u0161\u00ed\u0159en\u00ed na t\u0159\u00edpruh vynut\u00ed obj\u00ed\u017e\u010fku<\/p>\n<p>Veden\u00ed \u0158SD v t\u011bchto dnech se z\u00e1stupci Budimexu podepsalo tak\u00e9 smlouvu na roz\u0161\u00ed\u0159en\u00ed stoup\u00e1n\u00ed na silnici I\/43 u Z\u00e1visti, co\u017e je \u00fasek vzd\u00e1len\u00fd jen mal\u00fd kousek od budouc\u00ed p\u0159elo\u017eky. B\u011bhem stavby, kter\u00e1 za\u010dne p\u0159\u00ed\u0161t\u00ed rok v \u00fanoru a potrv\u00e1 rok, budou v\u0161echna auta jezdit obj\u00ed\u017e\u010fkou p\u0159es R\u00e1jec-Jest\u0159eb\u00ed, Blansko a Lip\u016fvku. Z\u00e1chran\u00e1\u0159sk\u00e1 vozidla a autobusy m\u00edstem projedou v z\u00e1vislosti na sign\u00e1lu semaforu kyvadlov\u011b.<\/p>\n<p>\u201eNeza\u010dneme letos, proto\u017ee technicky a kvalitativn\u011b nejn\u00e1ro\u010dn\u011bj\u0161\u00ed pr\u00e1ce na mostn\u00edm objektu by p\u0159ipadly na zimn\u00ed obdob\u00ed. Harmonogram jsme proto nastavili tak, abychom tyto pr\u00e1ce prov\u00e1d\u011bli za vhodn\u011bj\u0161\u00edch klimatick\u00fdch podm\u00ednek a sou\u010dasn\u011b co nejv\u00edce zkr\u00e1tili dobu uzav\u00edrky t\u00e9to dopravn\u011b vyt\u00ed\u017een\u00e9 komunikace,\u201c vysv\u011btlila Trubel\u00edkov\u00e1.<\/p>\n<p>V\u00fdsledky ve\u0159ejn\u00e9 zak\u00e1zky, kterou polsk\u00e1 spole\u010dnost vysout\u011b\u017eila za necel\u00fdch 144 milion\u016f korun bez DPH, napadala i v tomto p\u0159\u00edpad\u011b konkurence. Zak\u00e1zku n\u011bkolik m\u011bs\u00edc\u016f \u0159e\u0161il \u00da\u0159ad pro ochranu hospod\u00e1\u0159sk\u00e9 sout\u011b\u017ee. I v tomto p\u0159\u00edpad\u011b spole\u010dnost nab\u00eddla nejen nejni\u017e\u0161\u00ed cenu, ale tak\u00e9 nejkrat\u0161\u00ed dobu omezen\u00ed 250 dn\u016f. Ostatn\u00ed spole\u010dnosti pot\u0159ebovaly podle sv\u00fdch propo\u010dt\u016f na stavbu o 60 dn\u00ed del\u0161\u00ed \u010das.<\/p>\n<p>                                                        Tagy<\/p>\n<p>                                                                                                                                                                                                                            <a href=\"https:\/\/zdopravy.cz\/tag\/budimex\/\" type=\"button\" class=\"btn btn-secondary mb-1 btn-sm\" rel=\"nofollow noopener\" target=\"_blank\"><br \/>\n                                                                Budimex                                                            <\/a><br \/>\n                                                                                                                                                                                                                                <a href=\"https:\/\/zdopravy.cz\/tag\/i-43-zavist\/\" type=\"button\" class=\"btn btn-secondary mb-1 btn-sm\" rel=\"nofollow noopener\" target=\"_blank\"><br \/>\n                                                                I\/43 Z\u00e1vist                                                            <\/a><br \/>\n                                                                                                                                                                                                                                <a href=\"https:\/\/zdopravy.cz\/tag\/prelozka-i-43-lom-cerna-hora\/\" type=\"button\" class=\"btn btn-secondary mb-1 btn-sm\" rel=\"nofollow noopener\" target=\"_blank\"><br \/>\n                                                                p\u0159elo\u017eka I\/43 Lom \u010cern\u00e1 Hora                                                            <\/a><br \/>\n                                                                                                                                                                                                                                <a href=\"https:\/\/zdopravy.cz\/tag\/reditelstvi-silnice-a-dalnic\/\" type=\"button\" class=\"btn btn-secondary mb-1 btn-sm\" rel=\"nofollow noopener\" target=\"_blank\"><br \/>\n                                                                \u0158editelstv\u00ed silnice a d\u00e1lnic                                                            <\/a><\/p>\n<p>                                                <a href=\"https:\/\/zdopravy.cz\/na-hlavnim-tahu-z-brna-na-sever-zacnou-prace-za-400-milionu-korun-velka-objizdka-odstartuje-v-unoru-294314\/?comments=1#comments\" class=\"ml-3 text-body mb-3 mt-4 d-inline-block\" rel=\"nofollow noopener\" target=\"_blank\"><\/p>\n<p>                                                    6 koment\u00e1\u0159\u016f                                                <\/a><\/p>\n","protected":false},"excerpt":{"rendered":"Postavit p\u0159elo\u017eku potrv\u00e1 11 m\u011bs\u00edc\u016f. \u0158editelstv\u00ed silnic a d\u00e1lnic (\u0158SD) uzav\u0159elo dv\u011b smlouvy s polskou stavebn\u00ed firmou Budimex.&hellip;\n","protected":false},"author":2,"featured_media":183191,"comment_status":"","ping_status":"","sticky":false,"template":"","format":"standard","meta":{"footnotes":"","_share_on_mastodon":"0"},"categories":[7],"tags":[8431,43,42,41,40,8433,43507,15086,119],"class_list":["post-183190","post","type-post","status-publish","format-standard","has-post-thumbnail","category-cesko","tag-budimex","tag-ceska-republika","tag-cesko","tag-czech-republic","tag-czechia","tag-i-43-zavist","tag-prelozka-i-43-lom-cerna-hora","tag-reditelstvi-silnice-a-dalnic","tag-seznam"],"share_on_mastodon":{"url":"https:\/\/pubeurope.com\/@cz\/117115194224824146","error":""},"_links":{"self":[{"href":"https:\/\/www.europesays.com\/cz\/wp-json\/wp\/v2\/posts\/183190","targetHints":{"allow":["GET"]}}],"collection":[{"href":"https:\/\/www.europesays.com\/cz\/wp-json\/wp\/v2\/posts"}],"about":[{"href":"https:\/\/www.europesays.com\/cz\/wp-json\/wp\/v2\/types\/post"}],"author":[{"embeddable":true,"href":"https:\/\/www.europesays.com\/cz\/wp-json\/wp\/v2\/users\/2"}],"replies":[{"embeddable":true,"href":"https:\/\/www.europesays.com\/cz\/wp-json\/wp\/v2\/comments?post=183190"}],"version-history":[{"count":0,"href":"https:\/\/www.europesays.com\/cz\/wp-json\/wp\/v2\/posts\/183190\/revisions"}],"wp:featuredmedia":[{"embeddable":true,"href":"https:\/\/www.europesays.com\/cz\/wp-json\/wp\/v2\/media\/183191"}],"wp:attachment":[{"href":"https:\/\/www.europesays.com\/cz\/wp-json\/wp\/v2\/media?parent=183190"}],"wp:term":[{"taxonomy":"category","embeddable":true,"href":"https:\/\/www.europesays.com\/cz\/wp-json\/wp\/v2\/categories?post=183190"},{"taxonomy":"post_tag","embeddable":true,"href":"https:\/\/www.europesays.com\/cz\/wp-json\/wp\/v2\/tags?post=183190"}],"curies":[{"name":"wp","href":"https:\/\/api.w.org\/{rel}","templated":true}]}}